{"id":8019,"date":"2017-11-02T12:38:27","date_gmt":"2017-11-02T11:38:27","guid":{"rendered":"https:\/\/www.galde.eu\/?p=8019"},"modified":"2025-10-23T19:35:41","modified_gmt":"2025-10-23T17:35:41","slug":"periodismo-precariedad-y-control-ideologico","status":"publish","type":"post","link":"https:\/\/www.galde.eu\/eu\/periodismo-precariedad-y-control-ideologico\/","title":{"rendered":"Periodismo hoy : precariedad y control ideol\u00f3gico"},"content":{"rendered":"<p><a href=\"https:\/\/www.galde.eu\/wp-content\/uploads\/2017\/11\/periodismo-precario.jpg\"><img loading=\"lazy\" decoding=\"async\" class=\"aligncenter size-full wp-image-8020 colorbox-8019\" src=\"https:\/\/www.galde.eu\/wp-content\/uploads\/2017\/11\/periodismo-precario.jpg\" alt=\"\" width=\"600\" height=\"379\" data-id=\"8020\" srcset=\"https:\/\/www.galde.eu\/wp-content\/uploads\/2017\/11\/periodismo-precario.jpg 600w, https:\/\/www.galde.eu\/wp-content\/uploads\/2017\/11\/periodismo-precario-300x190.jpg 300w\" sizes=\"auto, (max-width: 600px) 100vw, 600px\" \/><\/a><\/p>\n<p>&nbsp;<\/p>\n<p>Galde 19 (verano\/2017). Manu Gonzalez Baraga\u00f1a.<br \/>\nEn el \u00faltimo Informe Anual \u00a0de la Profesi\u00f3n Period\u00edstica (2016) editado por la Asociaci\u00f3n de la Prensa de Madrid (APM), \u00a0Victoria Prego, su presidenta, reconoce que <em>\u201cnos encontramos con que se acent\u00faa y se agranda al fen\u00f3meno que apareci\u00f3 hace algunos a\u00f1os y que hablaba del aumento de los trabajadores aut\u00f3nomos en el periodismo. La multiplicaci\u00f3n de los ERE en las grandes empresas de comunicaci\u00f3n y el adelgazamiento de las plantillas han continuado echando a la calle a miles de periodistas experimentados que no han tenido otra alternativa que intentar continuar viviendo de su profesi\u00f3n, pero contando s\u00f3lo con sus propias fuerzas\u201d<\/em>. Esta situaci\u00f3n ha llevado a que el n\u00famero de periodistas aut\u00f3nomos se ha incrementado muy notablemente. <em>\u201cUna figura, la del aut\u00f3nomo, a la que hay que sumar otra similar pero no id\u00e9ntica: la del falso aut\u00f3nomo, esto es, la del periodista que trabaja regularmente para un medio determinado pero que, por razones de conveniencias empresariales, no est\u00e1 adscrito a la plantilla de la redacci\u00f3n\u201d<\/em>. A tenor de esta situaci\u00f3n, nos ha parecido de inter\u00e9s recoger en este dossier el testimonio directo de un profesional referente en el periodismo internacional y de guerra, Ram\u00f3n Lobo (<a href=\"http:\/\/www.ramonlobo.com\/\">www.ramonlobo.com<\/a>). El art\u00edculo fue publicado en <a href=\"http:\/\/www.jotdown.es\">jotdown.es<\/a> en 2012, cuando la direcci\u00f3n de El Pa\u00eds despidi\u00f3 a 129 periodistas. Desde entonces, el Grupo Prisa ha continuado con despidos y un plan de bajas que ha afectado a reconocidos periodistas como Miguel \u00c1ngel Aguilar, Lara Otero, Paloma Delgado, Ana Borderas, Pilar Vicente, Ana Guantes \u00a0Manuel Rico y un largo etc\u00e9tera, como el \u00faltimo de Jhon Carling ocurrido al albor del <em>\u201cl\u00edo catal\u00e1n\u201d<\/em>. Hechos similares se viene produciendo en peri\u00f3dicos como El Mundo, ABC u otros medios de \u00e1mbitos auton\u00f3micos.<\/p>\n<p>&nbsp;<\/p>","protected":false},"excerpt":{"rendered":"<p>&nbsp; Galde 19 (verano\/2017). Manu Gonzalez Baraga\u00f1a. En el \u00faltimo Informe Anual \u00a0de la Profesi\u00f3n Period\u00edstica (2016) editado por la Asociaci\u00f3n de la Prensa de Madrid (APM), \u00a0Victoria Prego, su presidenta, reconoce que \u201cnos encontramos con que se acent\u00faa y se agranda al fen\u00f3meno que apareci\u00f3 hace algunos a\u00f1os y que hablaba del aumento de [&hellip;]<\/p>\n","protected":false},"author":2,"featured_media":8021,"comment_status":"closed","ping_status":"closed","sticky":false,"template":"","format":"standard","meta":{"footnotes":""},"categories":[2],"tags":[],"class_list":["post-8019","post","type-post","status-publish","format-standard","has-post-thumbnail","hentry","category-dossier","revista-galde-n19"],"_links":{"self":[{"href":"https:\/\/www.galde.eu\/eu\/wp-json\/wp\/v2\/posts\/8019","targetHints":{"allow":["GET"]}}],"collection":[{"href":"https:\/\/www.galde.eu\/eu\/wp-json\/wp\/v2\/posts"}],"about":[{"href":"https:\/\/www.galde.eu\/eu\/wp-json\/wp\/v2\/types\/post"}],"author":[{"embeddable":true,"href":"https:\/\/www.galde.eu\/eu\/wp-json\/wp\/v2\/users\/2"}],"replies":[{"embeddable":true,"href":"https:\/\/www.galde.eu\/eu\/wp-json\/wp\/v2\/comments?post=8019"}],"version-history":[{"count":1,"href":"https:\/\/www.galde.eu\/eu\/wp-json\/wp\/v2\/posts\/8019\/revisions"}],"predecessor-version":[{"id":19249,"href":"https:\/\/www.galde.eu\/eu\/wp-json\/wp\/v2\/posts\/8019\/revisions\/19249"}],"wp:featuredmedia":[{"embeddable":true,"href":"https:\/\/www.galde.eu\/eu\/wp-json\/wp\/v2\/media\/8021"}],"wp:attachment":[{"href":"https:\/\/www.galde.eu\/eu\/wp-json\/wp\/v2\/media?parent=8019"}],"wp:term":[{"taxonomy":"category","embeddable":true,"href":"https:\/\/www.galde.eu\/eu\/wp-json\/wp\/v2\/categories?post=8019"},{"taxonomy":"post_tag","embeddable":true,"href":"https:\/\/www.galde.eu\/eu\/wp-json\/wp\/v2\/tags?post=8019"}],"curies":[{"name":"wp","href":"https:\/\/api.w.org\/{rel}","templated":true}]}}