{"id":7963,"date":"2017-11-02T12:56:38","date_gmt":"2017-11-02T11:56:38","guid":{"rendered":"https:\/\/www.galde.eu\/?p=7963"},"modified":"2025-10-23T19:35:41","modified_gmt":"2025-10-23T17:35:41","slug":"el-brusco-despertar-del-nacionalismo-espanol","status":"publish","type":"post","link":"https:\/\/www.galde.eu\/eu\/el-brusco-despertar-del-nacionalismo-espanol\/","title":{"rendered":"Con luces largas: El brusco despertar del nacionalismo espa\u00f1ol"},"content":{"rendered":"<p><a href=\"https:\/\/www.galde.eu\/wp-content\/uploads\/2017\/11\/Espa\u00f1ol-1-e1510175636968.jpg\"><img loading=\"lazy\" decoding=\"async\" class=\"aligncenter wp-image-7965 size-full colorbox-7963\" src=\"https:\/\/www.galde.eu\/wp-content\/uploads\/2017\/11\/Espa\u00f1ol-1-e1510175636968.jpg\" alt=\"\" width=\"600\" height=\"285\" data-id=\"7965\" \/><\/a><\/p>\n<p>&nbsp;<\/p>\n<p>(Galde 19, Verano\/2017). Alberto Surio.<br \/>\n<strong>Al estado le falta no solo un relato, sobre todo necesita un\u00a0creativo.<\/strong>\u00a0Dec\u00eda Josep Borrell, el\u00a0expresidente del Parlamento Europeo, horas despu\u00e9s de la manifestaci\u00f3n del 8 de octubre en contra de la independencia de Catalu\u00f1a que a Espa\u00f1a le hac\u00eda falta un relato, y que uno de los problemas de haber perdido mucho terreno frente a los partidarios de la secesi\u00f3n era, precisamente, no haber sabido dar la batalla de las ideas con un discurso claro y n\u00edtido. Una narrativa ideol\u00f3gica que los nacionalistas catalanes de diverso pelaje y condici\u00f3n han sabido construir con suma eficacia, conectando con una parte de las nuevas generaciones que trasciende del \u00e1mbito discursivo puramente identitario.<\/p>\n<p>A Espa\u00f1a le ha faltado hist\u00f3ricamente un relato, dec\u00eda Borrell, apuntando quiz\u00e1 que la extraordinaria movilizaci\u00f3n convocada por Sociedad Civil Catalana podr\u00eda ser un cambio de tendencia o cuando menos un interesante punto de inflexi\u00f3n. El tiempo dir\u00e1 si\u00a0estamos ante la reacci\u00f3n natural de hartazgo de una sociedad que ha estado muchos a\u00f1os invisible o si asistimos, como parece, a un potente despertar del nacionalismo espa\u00f1ol, con todos los riesgos que implica la inflamaci\u00f3n identitaria en estos tiempos de repliegues soberanistas en Europa y su instrumentalicion por corrientes populistas y xen\u00f3fobas.<\/p>\n<p>En este regreso notorio del nacionalismo espa\u00f1ol confluyen,\u00a0por un lado, una exhibici\u00f3n del orgullo constitucionalista y, a la vez, los rescoldos de la versi\u00f3n m\u00e1s\u00a0tradicional del espa\u00f1olismo, en la que se incrustan elementos nost\u00e1lgicos de ultraderecha que tambi\u00e9n se\u00a0han envalentonado. Pero la novedad es, sobre todo, la salida del armario sociol\u00f3gico de un nacionalismo espa\u00f1ol de sesgo m\u00e1s liberal, que intenta sacudirse los complejos del pasado -su vinculaci\u00f3n emocional al franquismo- y que esgrime la bandera constitucional espa\u00f1ola con un entusiasmo que a\u00fan resulta extra\u00f1o para quienes sufrieron en sus carnes la dictadura bajo esos mismos colores. Un nacionalismo que no es totalitario, pero que se inclina por una\u00a0cultura uniformizadora que, de entrada, casa\u00a0mal con la pluralidad y la diversidad del Estado. La llegada del partido Ciudadanos con este mensaje resulta muy revelador al respecto en la medida en la que intenta\u00a0competir con el PP desde ese flanco del\u00a0orgullo nacionalista.<br \/>\nTodo esto tiene que ver con la historia, sin duda. En el retraso de Espa\u00f1a para articularse como un Estado\u00a0constitucional y moderno, en los\u00a0d\u00e9ficits de las revoluciones liberales y burguesas y\u00a0en que, en t\u00e9rminos contempor\u00e1neos, el nacionalismo espa\u00f1ol acusaba hist\u00f3ricamente de no tener quien le escribiera. De hecho, esta carencia de supl\u00eda con el recurso a los \u00e9xitos deportivos -&#8216;la Roja&#8217; o el tenista Nadal- para dar fe de un universo que reivindica su peso e influencia en el mundo, si bien en los \u00faltimos a\u00f1os ha emergido una corriente de intelectuales que ha rescatado la idea de Espa\u00f1a del ba\u00fal de los recuerdos y de las esencias.<\/p>\n<p><strong>Ret\u00f3rica de madera<\/strong><\/p>\n<p>Siempre he cre\u00eddo que\u00a0uno de los graves problemas de la crisis catalana era la carencia por\u00a0parte del Estado espa\u00f1ol de un relato m\u00e1s atractivo que el permanente recurso al &#8216;imperio de la ley&#8217; que a veces corre el riesgo de asemejarse a una ret\u00f3rica de madera. Vac\u00eda, sin contenido. En un \u00a0pa\u00eds en el que la crisis ha diezmado muchos derechos sociales, el argumento legalista es de una gran fragilidad. En una sociedad medi\u00e1tica en la que las emociones y la\u00a0im\u00e1genes se multiplican de forma vertiginosa, hay que salir al campo de juego con iniciativa. Que la imagen del Estado quede asociada a una actuaci\u00f3n policial\u00a0contra un refer\u00e9ndum suspendido por el\u00a0Tribunal Constitucional resulta letal en t\u00e9rminos de inteligencia emocional.<\/p>\n<p>Cierto es que las fugas empresariales han abierto en Catalu\u00f1a una fuga de agua\u00a0imprevisible en el barco del independentismo, que sit\u00faa el debate en otras coordenadas bastante m\u00e1s desfavorables para sus intereses. Pero la crisis catalana nos vuelve a demostrar que la idea de Espa\u00f1a necesita un\u00a0aggiornamento y una renovaci\u00f3n para hacerla m\u00e1s atractiva para las nuevas generaciones y para la periferia, que recela con profundidad de determinadas sobreactuaciones patri\u00f3ticas. Si una agencia de publicidad fue la responsable de la exitosa campa\u00f1a &#8216;Parlem-Hablemos&#8217;, que ha llenado las plazas de las\u00a0ciudades en favor de una salida de di\u00e1logo entre Catalu\u00f1a y el Estado, no\u00a0tengo ya dudas de que Espa\u00f1a necesita un creativo publicitario para dar la vuelta al t\u00f3pico y al clich\u00e9.<br \/>\nPorque pensar que a ritmo de bombo del &#8216;Viva Espa\u00f1a&#8217; de Manolo Escobar, como se vio en la Plaza de Cibeles de Madrid, la sociedad emergente y m\u00e1s moderna, que no vot\u00f3 la Constituci\u00f3n de 1978, se puede sentir implicada es\u00a0entender muy poco algunos cambios sociales de fondo. Es no comprender, desde luego, c\u00f3mo se ha transformado la sociedad espa\u00f1ola, en la que importantes sectores urbanos viven alejados de cualquier esencialismo. El d\u00eda en el que se utilice un verso de Blas de Otero en lugar de un pasodoble, con todo el respeto a los pasodobles, seguro que algo empezar\u00e1 a cambiar en el imaginario hisp\u00e1nico.<\/p>","protected":false},"excerpt":{"rendered":"<p>&nbsp; (Galde 19, Verano\/2017). Alberto Surio. Al estado le falta no solo un relato, sobre todo necesita un\u00a0creativo.\u00a0Dec\u00eda Josep Borrell, el\u00a0expresidente del Parlamento Europeo, horas despu\u00e9s de la manifestaci\u00f3n del 8 de octubre en contra de la independencia de Catalu\u00f1a que a Espa\u00f1a le hac\u00eda falta un relato, y que uno de los problemas de [&hellip;]<\/p>\n","protected":false},"author":2,"featured_media":7981,"comment_status":"closed","ping_status":"closed","sticky":false,"template":"","format":"standard","meta":{"footnotes":""},"categories":[12,5],"tags":[],"class_list":["post-7963","post","type-post","status-publish","format-standard","has-post-thumbnail","hentry","category-miradas","category-politica","revista-galde-n19"],"_links":{"self":[{"href":"https:\/\/www.galde.eu\/eu\/wp-json\/wp\/v2\/posts\/7963","targetHints":{"allow":["GET"]}}],"collection":[{"href":"https:\/\/www.galde.eu\/eu\/wp-json\/wp\/v2\/posts"}],"about":[{"href":"https:\/\/www.galde.eu\/eu\/wp-json\/wp\/v2\/types\/post"}],"author":[{"embeddable":true,"href":"https:\/\/www.galde.eu\/eu\/wp-json\/wp\/v2\/users\/2"}],"replies":[{"embeddable":true,"href":"https:\/\/www.galde.eu\/eu\/wp-json\/wp\/v2\/comments?post=7963"}],"version-history":[{"count":1,"href":"https:\/\/www.galde.eu\/eu\/wp-json\/wp\/v2\/posts\/7963\/revisions"}],"predecessor-version":[{"id":19241,"href":"https:\/\/www.galde.eu\/eu\/wp-json\/wp\/v2\/posts\/7963\/revisions\/19241"}],"wp:featuredmedia":[{"embeddable":true,"href":"https:\/\/www.galde.eu\/eu\/wp-json\/wp\/v2\/media\/7981"}],"wp:attachment":[{"href":"https:\/\/www.galde.eu\/eu\/wp-json\/wp\/v2\/media?parent=7963"}],"wp:term":[{"taxonomy":"category","embeddable":true,"href":"https:\/\/www.galde.eu\/eu\/wp-json\/wp\/v2\/categories?post=7963"},{"taxonomy":"post_tag","embeddable":true,"href":"https:\/\/www.galde.eu\/eu\/wp-json\/wp\/v2\/tags?post=7963"}],"curies":[{"name":"wp","href":"https:\/\/api.w.org\/{rel}","templated":true}]}}