{"id":7506,"date":"2017-06-22T18:02:21","date_gmt":"2017-06-22T16:02:21","guid":{"rendered":"https:\/\/www.galde.eu\/?p=7506"},"modified":"2025-10-23T19:35:45","modified_gmt":"2025-10-23T17:35:45","slug":"quiero-ser-vasco","status":"publish","type":"post","link":"https:\/\/www.galde.eu\/eu\/quiero-ser-vasco\/","title":{"rendered":"Quiero ser vasco"},"content":{"rendered":"<p><a href=\"https:\/\/www.galde.eu\/wp-content\/uploads\/2017\/10\/Las-Canteras.jpg\"><img loading=\"lazy\" decoding=\"async\" class=\"aligncenter wp-image-7508 size-full colorbox-7506\" src=\"https:\/\/www.galde.eu\/wp-content\/uploads\/2017\/10\/Las-Canteras.jpg\" alt=\"\" width=\"600\" height=\"280\" data-id=\"7508\" srcset=\"https:\/\/www.galde.eu\/wp-content\/uploads\/2017\/10\/Las-Canteras.jpg 600w, https:\/\/www.galde.eu\/wp-content\/uploads\/2017\/10\/Las-Canteras-300x140.jpg 300w\" sizes=\"auto, (max-width: 600px) 100vw, 600px\" \/><\/a><\/p>\n<p>(Galde 18, primavera\/2017).\u00a0Enrique Bethencourt.<br \/>\nQuiero ser vasco. No lo digo solo por la posibilidad de pasear diariamente por mi\u00a0amada Donostia. Ni por las conversaciones sosegadas en cualquier rinc\u00f3n de esa tierra con\u00a0mi amigo Koldo. Tampoco por su\u00a0excelente gastronom\u00eda. O por su m\u00e1s que\u00a0relevante oferta cultural: jazz, cine, escultura, museos\u2026.\u00a0Ni por La Concha\u00a0que, con ser muy hermosa, no la cambio por mi playa de Las Canteras, con su singular barra y, por estar lista para el ba\u00f1o, por su suave temperatura, casi los 365 d\u00edas del a\u00f1o.<\/p>\n<p>Lo digo, sobre todo, atra\u00eddo por sus condiciones econ\u00f3micas y sociales: desempleo muy por debajo de la media espa\u00f1ola, una econom\u00eda bastante diversificada en la que el turismo ha crecido en lugares anta\u00f1o industriales (caso de Bilbao) y en la que se mima la I+D+i. Unos\u00a0elevados par\u00e1metros educativos\u00a0\u2013pese a las advertencias de estancamiento del \u00faltimo informe PISA- y unas bajas tasas de abandono escolar temprano\u2026<\/p>\n<p>Configurando\u00a0una sociedad que se codea con las europeas m\u00e1s avanzadas. Y que, adem\u00e1s, pese al predominio hist\u00f3rico de gobiernos moderados, mantiene elementos importantes de\u00a0cohesi\u00f3n social\u00a0y de apoyo a los sectores m\u00e1s d\u00e9biles, con peor situaci\u00f3n econ\u00f3mica. Como sucede con la implantaci\u00f3n de la\u00a0Renta de Garant\u00eda de Ingresos (RGI), una especie de renta m\u00ednima para persona sin ingresos o con ingresos insuficientes para cubrir sus necesidades b\u00e1sicas.<\/p>\n<p>Asimismo,\u00a0no es un lugar donde se hayan producido las numerosas escandaleras de corrupci\u00f3n de otros territorios. Aunque durante medio siglo les toc\u00f3 sufrir \u2013no en exclusiva- la irracional barbarie de los que pretend\u00edan imponer sus ideas con secuestros, coches bomba y tiros en la nuca.<\/p>\n<p><b>Inyecci\u00f3n millonaria<\/b><b>. <\/b>Hoy es, sin duda,\u00a0una de las comunidades m\u00e1s equilibradas y con mayor calidad de vida.\u00a0Y lo ser\u00e1 m\u00e1s a partir de ahora, si finalmente se aprueban los\u00a0Presupuestos Generales del Estado para 2017. La inyecci\u00f3n millonaria que supondr\u00e1n por la forma muy favorable a las tesis del Gobierno del PNV en que se ha resuelto el contencioso en torno al cupo vasco, incrementar\u00e1 a\u00fan m\u00e1s sus arcas p\u00fablicas y permitir\u00e1 potenciar sus servicios p\u00fablicos y sus infraestructuras.<\/p>\n<p>Y\u00a0no ha sido solo el cupo, que supone varios miles de millones de euros. Tambi\u00e9n la\u00a0financiaci\u00f3n del AVE\u00a0que unir\u00e1 las capitales vascas en seis a\u00f1os, el ahorro que supondr\u00e1 para las empresas la\u00a0bonificaci\u00f3n de la tarifa el\u00e9ctrica\u00a0o, en fin, el apoyo al desarrollo de distintas infraestructuras. Y, en el plano pol\u00edtico, donde el Gobierno central dijo digo, recurriendo ante el Tribunal Constitucional\u00a0distintas iniciativas del Ejecutivo de Ajuria Enea, ahora dir\u00e1 diego, desistiendo a continuar con las mismas.<\/p>\n<p>Demuestra, por un lado,\u00a0los escasos complejos de la derecha espa\u00f1ola. Aunque no lo parezca, es el mismo PP que criticaba hace un a\u00f1o a Pedro S\u00e1nchez por la posibilidad de que pactara con los independentistas, entre los que entonces se inclu\u00eda al PNV, situaci\u00f3n que \u201cromper\u00eda Espa\u00f1a\u201d.\u00a0Su visi\u00f3n patri\u00f3tica termina, justo, donde empiezan sus particulares intereses de partido. Y, por otro, la capacidad de tragadera y de hacer el rid\u00edculo del uniformador y jacobino partido de Albert Rivera, el\u00a0Ciudadanos\u00a0que se opon\u00eda al cupo y que\u00a0ahora va a aprobar con su votos el cuponazo con tres estrellas michelin.<\/p>\n<p><b>Agravios<\/b><b>. <\/b>Decisiones, por cierto, que incrementan el\u00a0arsenal de agravios de los catalanes\u00a0\u2013especialmente de los que apuestan por la desconexi\u00f3n de Espa\u00f1a, pero no solo- que miran asombrados la enorme diferencia de trato.<\/p>\n<p>Y, sobre todo,\u00a0confirman una visi\u00f3n desequilibrada e injusta en el reparto de los recursos p\u00fablicos: beneficiando a los que m\u00e1s tienen en detrimento de los que menos.\u00a0El Sur\u00a0\u2013mucho menos desarrollado, con m\u00e1s pobreza y desempleo, con menos nivel cultural y educativo, con peores infraestructuras y servicios p\u00fablicos-\u00a0tambi\u00e9n existe.<\/p>\n<p>Y al Sur del Sur se encuentra Canarias, a m\u00e1s de 1.000 kil\u00f3metros del continente europeo,\u00a0con un 50% menos de riqueza y duplicando las cifras de paro EPA (25,7% frente al 11,9%), con un 35% de personas en riesgo de pobreza frente al 9% de Euskadi.\u00a0Y, sin embargo, si no se modifican las cosas,\u00a0no va a recibir en los PGE 2017 un trato ni parecido al de Euskadi, ya quisiera,\u00a0cuando sus circunstancias son terriblemente peores.<\/p>\n<p>Lo dicho: quiero ser vasco.\u00a0Eskerrik asko.<\/p>","protected":false},"excerpt":{"rendered":"<p>(Galde 18, primavera\/2017).\u00a0Enrique Bethencourt. Quiero ser vasco. No lo digo solo por la posibilidad de pasear diariamente por mi\u00a0amada Donostia. Ni por las conversaciones sosegadas en cualquier rinc\u00f3n de esa tierra con\u00a0mi amigo Koldo. Tampoco por su\u00a0excelente gastronom\u00eda. O por su m\u00e1s que\u00a0relevante oferta cultural: jazz, cine, escultura, museos\u2026.\u00a0Ni por La Concha\u00a0que, con ser muy [&hellip;]<\/p>\n","protected":false},"author":2,"featured_media":7507,"comment_status":"closed","ping_status":"closed","sticky":false,"template":"","format":"standard","meta":{"footnotes":""},"categories":[12],"tags":[],"class_list":["post-7506","post","type-post","status-publish","format-standard","has-post-thumbnail","hentry","category-miradas","revista-galde-n18"],"_links":{"self":[{"href":"https:\/\/www.galde.eu\/eu\/wp-json\/wp\/v2\/posts\/7506","targetHints":{"allow":["GET"]}}],"collection":[{"href":"https:\/\/www.galde.eu\/eu\/wp-json\/wp\/v2\/posts"}],"about":[{"href":"https:\/\/www.galde.eu\/eu\/wp-json\/wp\/v2\/types\/post"}],"author":[{"embeddable":true,"href":"https:\/\/www.galde.eu\/eu\/wp-json\/wp\/v2\/users\/2"}],"replies":[{"embeddable":true,"href":"https:\/\/www.galde.eu\/eu\/wp-json\/wp\/v2\/comments?post=7506"}],"version-history":[{"count":1,"href":"https:\/\/www.galde.eu\/eu\/wp-json\/wp\/v2\/posts\/7506\/revisions"}],"predecessor-version":[{"id":19297,"href":"https:\/\/www.galde.eu\/eu\/wp-json\/wp\/v2\/posts\/7506\/revisions\/19297"}],"wp:featuredmedia":[{"embeddable":true,"href":"https:\/\/www.galde.eu\/eu\/wp-json\/wp\/v2\/media\/7507"}],"wp:attachment":[{"href":"https:\/\/www.galde.eu\/eu\/wp-json\/wp\/v2\/media?parent=7506"}],"wp:term":[{"taxonomy":"category","embeddable":true,"href":"https:\/\/www.galde.eu\/eu\/wp-json\/wp\/v2\/categories?post=7506"},{"taxonomy":"post_tag","embeddable":true,"href":"https:\/\/www.galde.eu\/eu\/wp-json\/wp\/v2\/tags?post=7506"}],"curies":[{"name":"wp","href":"https:\/\/api.w.org\/{rel}","templated":true}]}}