{"id":7056,"date":"2017-03-29T19:20:13","date_gmt":"2017-03-29T17:20:13","guid":{"rendered":"https:\/\/www.galde.eu\/?p=7056"},"modified":"2025-10-23T19:35:45","modified_gmt":"2025-10-23T17:35:45","slug":"numero-17-de-galde-sumario","status":"publish","type":"post","link":"https:\/\/www.galde.eu\/eu\/numero-17-de-galde-sumario\/","title":{"rendered":"N\u00famero 17 de GALDE \u00b7sumario"},"content":{"rendered":"<p><a href=\"https:\/\/www.galde.eu\/wp-content\/uploads\/2017\/03\/PortadaGalde17-280.jpg\"><img loading=\"lazy\" decoding=\"async\" class=\"aligncenter size-full wp-image-7059 colorbox-7056\" src=\"https:\/\/www.galde.eu\/wp-content\/uploads\/2017\/03\/PortadaGalde17-280.jpg\" alt=\"\" width=\"280\" height=\"395\" data-id=\"7059\" srcset=\"https:\/\/www.galde.eu\/wp-content\/uploads\/2017\/03\/PortadaGalde17-280.jpg 280w, https:\/\/www.galde.eu\/wp-content\/uploads\/2017\/03\/PortadaGalde17-280-213x300.jpg 213w\" sizes=\"auto, (max-width: 280px) 100vw, 280px\" \/><\/a><\/p>\n<p>&nbsp;<\/p>\n<p class=\"p1\">**<a href=\"https:\/\/drive.google.com\/open?id=0B-6NvzniCy2Gd2draGNkc1JoQ1E\">Ver y descargar la revista Galde 17 completa en pdf<\/a>.<br \/>\n**<a href=\"https:\/\/drive.google.com\/open?id=0B-6NvzniCy2GZ1BlcXlFcTJ0UzA\">Ver y descargar el Dossier Galde 17 en pdf, \u201cMemorias del pa\u00eds, memorias en el pa\u00eds\u201d<\/a><br \/>\n**<a href=\"https:\/\/drive.google.com\/open?id=0B-6NvzniCy2GfmtoS3dPQWFSY2lfczROZEJaN0xsX3NzbEZFeW00cmtUNlhXMUxaUXUtdlk\">Acceder al archivo de todas las revista de Galde en pdf<\/a><\/p>\n<p class=\"p1\"><strong>Galde 17 \u2013 invierno\/2017<\/strong><\/p>\n<p class=\"p1\"><strong><span class=\"s1\">aurkibidea sumario<\/span><\/strong><\/p>\n<p class=\"p2\"><span class=\"s1\"><b>ELKARRIZKETA<\/b><\/span><\/p>\n<div class=\"page\" title=\"Page 2\">\n<div class=\"layoutArea\">\n<div class=\"column\">\n<p><strong>04<\/strong>. <a href=\"https:\/\/www.galde.eu\/elkarrizketa-mario-rodriguez-director-ejecutivo-de-greenpeace\/\">Entrevista a Mario Rodr\u00edguez\u00a0Vargas (Director Ejecutivo Greenpeace)<\/a>. <a href=\"https:\/\/www.galde.eu\/autores\/manu-gonzalez\/\">Manu Gonz\u00e1lez<\/a>.<\/p>\n<\/div>\n<\/div>\n<div class=\"layoutArea\">\n<div class=\"column\">\n<p><strong>BEGIRADAK<\/strong><\/p>\n<p><strong>08<\/strong>. <a href=\"https:\/\/www.galde.eu\/euskera-el-talisman-plurinacional\/\">El talism\u00e1n plurinacional<\/a>. <a href=\"https:\/\/www.galde.eu\/autores\/alberto-surio\/\">Alberto Surio<\/a>.<\/p>\n<p><strong>09<\/strong>. <a href=\"https:\/\/www.galde.eu\/dicen-eta-entrega-las-armas\/\">Dicen: ETA entrega las armas.<\/a><\/p>\n<p><strong>12<\/strong>. <a href=\"https:\/\/www.galde.eu\/las-mil-caras-del-machismo\/\">Las mil caras del machismo<\/a>. <a href=\"https:\/\/www.galde.eu\/autores\/begona-muruaga\/\">Bego\u00f1a Muruaga<\/a>.<\/p>\n<p><strong>14<\/strong>. <a href=\"https:\/\/www.galde.eu\/el-terremoto-pisa-2015-y-la-educacion-vasca-una-aproximacion\/\">El terremoto PISA 2015 y la educaci\u00f3n vasca. Una aproximaci\u00f3n<\/a>. <a href=\"https:\/\/www.galde.eu\/autores\/jesus-prieto-mendaza\/\">Jes\u00fas Prieto Mendaza<\/a>.<\/p>\n<p><strong>16<\/strong>. <a href=\"https:\/\/www.galde.eu\/bauman-y-tedorov-in-memoriam\/\">Bauman y Todorov in memoriam<\/a>. <a href=\"https:\/\/www.galde.eu\/autores\/imanol-zubero\/\">Imanol Zubero.<\/a><\/p>\n<p><strong>18<\/strong>.- <a href=\"https:\/\/www.galde.eu\/?p=7655&amp;preview=true\">Ockhamen labana: Pasa-hitzarenak egin du, ez horregatik tristatu<\/a>.\u00a0<span class=\"s1\"><a href=\"https:\/\/www.galde.eu\/autores\/inaki-irazabalbeitia-fernandez\/\">Inaki Irazabalbeitia<\/a>.<\/span><\/p>\n<p><strong>19<\/strong>. <a href=\"https:\/\/www.galde.eu\/derecho-de-los-peatones\/\">Derecho de los peatones<\/a>. <a href=\"https:\/\/www.galde.eu\/autores\/ana-montalban-navas\/\">Ana Montalb\u00e1n Navas<\/a>.<\/p>\n<p><strong>20<\/strong>. <a href=\"https:\/\/www.galde.eu\/ibiltari-baten-egunkaritik-patria-fernando-arambururen-nobela\/\">Ibiltari baten egunkaritik: Patria, Fernando Arambururen nobela<\/a>. <a href=\"https:\/\/www.galde.eu\/autores\/lourdes-onederra\/\">Lourdes O\u00f1ederra<\/a>.<\/p>\n<p><strong>DOSSIER<\/strong>: Introducci\u00f3n:\u00a0<a href=\"https:\/\/www.galde.eu\/dossier-galde-17-introduccion-a-memorias-del-pais-memorias-en-el-pais\/\">&#8220;Memorias del pa\u00eds, memorias en el pa\u00eds&#8221;<\/a> (<a href=\"https:\/\/drive.google.com\/open?id=0B-6NvzniCy2GZ1BlcXlFcTJ0UzA\">pdf<\/a>)<\/p>\n<p><strong>22<\/strong>. <a href=\"https:\/\/www.galde.eu\/entrevista-mikel-aizpuru\/\">Entrevista: Mikel Aizpuru<\/a>. <a href=\"https:\/\/www.galde.eu\/autores\/soledad-frias\/\">Soledad Fr\u00edas<\/a>.<\/p>\n<p><strong>26<\/strong>. <a href=\"https:\/\/www.galde.eu\/la-memoria-historica-de-los-franquistas-en-el-pais-vasco\/\">Memoria hist\u00f3rica de los franquistas en el Pa\u00eds Vasco<\/a>. <a href=\"https:\/\/www.galde.eu\/autores\/jose-antonio-perez-perez\/\">Jos\u00e9 Antonio P\u00e9rez.<\/a><\/p>\n<p><strong>29<\/strong>. <a href=\"https:\/\/www.galde.eu\/la-invencion-del-mundo-rural\/\">La \u00abinvenci\u00f3n\u00bb del mundo rural<\/a>. <a href=\"https:\/\/www.galde.eu\/autores\/pedro-berriochoa-azcarate\/\">Pedro Berriochoa<\/a>.<\/p>\n<p><strong>31<\/strong>. <a href=\"https:\/\/www.galde.eu\/la-memoria-de-las-migraciones-vascas\/\">Memoria de las migraciones vascas<\/a>. <a href=\"https:\/\/www.galde.eu\/autores\/rocio-garcia-abad\/\">Roc\u00edo Garc\u00eda Abad<\/a>.<\/p>\n<p><strong>34<\/strong>. <a href=\"https:\/\/www.galde.eu\/revolucionarios-antifranquistas-democratas\/\">Revolucionarios, antifranquistas, dem\u00f3cratas<\/a>. Mikel Toral.<\/p>\n<p><strong>37<\/strong>. <a href=\"https:\/\/www.galde.eu\/euskara-entre-purgatorio-y-limbo\/\">Euskara, entre el purgatorio y el limbo<\/a>. <a href=\"https:\/\/www.galde.eu\/autores\/xabier-zabaltza\/\">Xabier Zabaltza<\/a>.<\/p>\n<p><strong>40<\/strong>. <a href=\"https:\/\/www.galde.eu\/memoria-de-la-industria-y-la-desindustrializacion\/\">Memoria de la industrializaci\u00f3n y la desindustrializaci\u00f3n<\/a>.\u00a0<a href=\"https:\/\/www.galde.eu\/autores\/rafael-ruzafa-ortega\/\">Rafael Ruzafa<\/a>.<\/p>\n<p><strong>42<\/strong>. <a href=\"https:\/\/www.galde.eu\/escuela-camino-exito-educativo\/\">La escuela hacia el \u00e9xito educativo<\/a>. <a href=\"https:\/\/www.galde.eu\/autores\/karmele-artetxe\/\">Karmele Artetxe<\/a>.<\/p>\n<p><strong>45<\/strong>. <a href=\"https:\/\/www.galde.eu\/marcas-de-alteridad-la-memoria-cautiva-del-terrorismo\/\">Marcas de alteridad: la memoria cautiva del terrorism<\/a>o. <a href=\"https:\/\/www.galde.eu\/autores\/raul-lopez-romo\/\">Ra\u00fal L\u00f3pez<\/a>.<\/p>\n<div class=\"page\" title=\"Page 2\">\n<div class=\"layoutArea\">\n<div class=\"column\">\n<p><strong>43<\/strong>. <a href=\"https:\/\/www.galde.eu\/libros-referencias-dossier-galde-17\/\">Libros y referencias para el Dossier de Galde 17<\/a>.<\/p>\n<\/div>\n<\/div>\n<\/div>\n<\/div>\n<\/div>\n<div class=\"layoutArea\">\n<div class=\"page\" title=\"Page 3\">\n<div class=\"layoutArea\">\n<div class=\"column\">\n<p><strong>MUNDUAN ZEHAR &#8211; INTERNACIONAL<\/strong><\/p>\n<p><strong>49<\/strong>. <a href=\"https:\/\/www.galde.eu\/euskera-zipre-bidegurutzean\/\">Zipre bidegurutzean<\/a>. <a href=\"https:\/\/www.galde.eu\/autores\/inaki-irazabalbeitia-fernandez\/\">Inaki Irazabalbeitia<\/a>.<\/p>\n<p><strong>52<\/strong>. <a href=\"https:\/\/www.galde.eu\/euskera-la-dimension-sectaria-del-conflicto-sirio\/\">Dimensi\u00f3n sectaria del conflicto sirio<\/a>. <a href=\"https:\/\/www.galde.eu\/autores\/ignacio-alvarez-ossorio\/\">Ignacio \u00c1lvarez-Ossorio<\/a>.<\/p>\n<\/div>\n<\/div>\n<div class=\"layoutArea\">\n<div class=\"column\">\n<p><strong>IKUSMIRA<\/strong><\/p>\n<\/div>\n<div class=\"column\">\n<p><strong>53<\/strong>. <a href=\"https:\/\/www.galde.eu\/donald-trump-la-republica-romana-y-el-cesarismo\/\">Trump y la Rep\u00fablica romana<\/a>. <a href=\"https:\/\/www.galde.eu\/autores\/antonio-dupla\/\">Antonio Dupl\u00e1<\/a>.<\/p>\n<p><strong>54<\/strong>. <a href=\"https:\/\/www.galde.eu\/luchas-extractivismo-ecuador\/\">Contra el extractivismo en Ecuador<\/a>. <a href=\"https:\/\/www.galde.eu\/autores\/pablo-ospina\/\">Pablo Ospina<\/a>.<\/p>\n<\/div>\n<\/div>\n<div class=\"layoutArea\">\n<div class=\"column\">\n<p><strong>56<\/strong>. <a href=\"https:\/\/www.galde.eu\/ikusmira-emakumea-modernitate-ikuspegi\/\">Emakumea modernitate-ikuspegi bat<\/a>. <a href=\"https:\/\/www.galde.eu\/autores\/ricardo-martin\/\">Ricardo Mart\u00edn<\/a>.<\/p>\n<p><strong>KULTURA<\/strong><\/p>\n<p><a href=\"https:\/\/www.galde.eu\/guerras-culturales\/\"><strong>62<\/strong>. Periskopioa: Guerras culturales<\/a>. <a href=\"https:\/\/www.galde.eu\/autores\/jason-argonautas\/\">Jas\u00f3n &amp; Argonautas<\/a>.<\/p>\n<p><strong>63<\/strong>. <a href=\"https:\/\/www.galde.eu\/tambien-ellas-pintaron-algo\/\">Tambi\u00e9n ellas pintaron algo<\/a>. <a href=\"https:\/\/www.galde.eu\/autores\/begona-muruaga\/\">Bego\u00f1a Muruaga<\/a>.<\/p>\n<p><strong>65<\/strong>. <a href=\"https:\/\/www.galde.eu\/moonlight-es-esta-la-mejor-pelicula-del-ano\/\">&#8216;Moonlight&#8217;: \u00bfEs esta la mejor pel\u00edcula del a\u00f1o?<\/a>\u00a0<a href=\"https:\/\/www.galde.eu\/autores\/sabine-zurutuza\/\">Sabi\u00f1e Zurutuza<\/a>.<\/p>\n<p><strong>LIBURU AIPAMENAK &#8211; RESE\u00d1A<\/strong><\/p>\n<p><strong>64<\/strong>. <a href=\"https:\/\/www.galde.eu\/lares-dioses-del-hogar\/\">&#8220;Lares, dioses del hogar&#8221;, de Sergio del Molino<\/a>. <a href=\"https:\/\/www.galde.eu\/autores\/loreto-casado\/\">Loreto Casado<\/a>.<\/p>\n<p><strong>65<\/strong>. <a href=\"https:\/\/www.galde.eu\/la-gran-encrucijada\/\">&#8220;La gran encrucijada&#8221;.\u00a0<em>Sobre la crisis ecosocial y el cambio de ciclo hist\u00f3rico <\/em>de\u00a0Fernando Prats, Yayo Herrero y Alicia Torrego<\/a>. <a href=\"https:\/\/www.galde.eu\/autores\/teresa-aramburu\/\">Teresa Aramburu<\/a><\/p>\n<p><strong>HAU JENDE HAU<\/strong><\/p>\n<p><strong>66<\/strong>. <a href=\"https:\/\/www.galde.eu\/maxima-acuna\/\">M\u00e1xima Acu\u00f1a<\/a>. <a href=\"https:\/\/www.galde.eu\/autores\/koldo-uranga\/\">Koldo Uranga<\/a><\/p>\n<\/div>\n<\/div>\n<\/div>\n<p>&#8212;&#8212;&#8211;<\/p>\n<\/div>\n<\/div>\n<div class=\"layoutArea\">\n<div class=\"layoutArea\">\n<div class=\"column\">\n<p><strong>Editorial.\u00a0<\/strong>GALDE 17<\/p>\n<p>El GALDE de este invierno que ya casi se despide, el n\u00famero 17, se abre con la habitual entrevista que esta vez tiene como invitado a Mario Rodr\u00edguez, Director Ejecutivo de Greenpeace. La siempre estimulante y necesaria perspectiva de dicha organizaci\u00f3n, nos enriquece la mirada sobre un amplio abanico de temas del m\u00e1ximo inter\u00e9s: desde la necesidad del cambio del modelo energ\u00e9tico actual y de las din\u00e1micas del poder, a la propuesta de un nuevo sistema de transporte y movilidad inteligente, eficiente, y 100% renovable en Euskadi. Entre medio, los desaf\u00edos que el cambio clim\u00e1tico plantea a escala europea y espa\u00f1ola, las nuevas tendencias de los poderes financieros en contra de las inversiones en combustibles f\u00f3siles, Trump, Garo\u00f1a, agricultura ecol\u00f3gica, y m\u00e1s.<\/p>\n<p>Como siempre, la parte central la ocupa el dossier que esta vez se abre con el sugerente t\u00edtulo de \u00abMemorias del\/en el Pa\u00eds\u00bb y que ha coordinado Rafael Ruzafa. Para hacerse una idea de su inter\u00e9s aqu\u00ed y ahora, puede bastar con transcribir el inicio de la presentaci\u00f3n del propio coordinador: \u00abLa memoria es recuerdo, reconstrucci\u00f3n, selecci\u00f3n subjetiva. Se ubica en el tiempo, lo habita, va y viene. Desde luego recupera parcelas de vida, las recompone. No es conocimiento hist\u00f3rico, pero puede contribuir a fraguarlo\u00bb. Todo ello se aborda, desde perspectivas diferentes, a lo largo de la entrevista y los ocho art\u00edculos que integran el cuadernillo.<\/p>\n<p>Adem\u00e1s, las secciones de costumbre: Begiradak, Ockhamen labana, Internacional, Periskopioa, Ibiltari Baten Egunkaritik, Liburu Apaimenak&#8230;<\/p>\n<\/div>\n<\/div>\n<div class=\"layoutArea\"><\/div>\n<\/div>\n<p><\/p>","protected":false},"excerpt":{"rendered":"<p>&nbsp; **Ver y descargar la revista Galde 17 completa en pdf. **Ver y descargar el Dossier Galde 17 en pdf, \u201cMemorias del pa\u00eds, memorias en el pa\u00eds\u201d **Acceder al archivo de todas las revista de Galde en pdf Galde 17 \u2013 invierno\/2017 aurkibidea sumario ELKARRIZKETA 04. Entrevista a Mario Rodr\u00edguez\u00a0Vargas (Director Ejecutivo Greenpeace). Manu Gonz\u00e1lez. [&hellip;]<\/p>\n","protected":false},"author":2,"featured_media":7058,"comment_status":"closed","ping_status":"closed","sticky":false,"template":"","format":"standard","meta":{"footnotes":""},"categories":[61,60],"tags":[],"class_list":["post-7056","post","type-post","status-publish","format-standard","has-post-thumbnail","hentry","category-indicedossier","category-indicerevistas","revista-galde-n17"],"_links":{"self":[{"href":"https:\/\/www.galde.eu\/eu\/wp-json\/wp\/v2\/posts\/7056","targetHints":{"allow":["GET"]}}],"collection":[{"href":"https:\/\/www.galde.eu\/eu\/wp-json\/wp\/v2\/posts"}],"about":[{"href":"https:\/\/www.galde.eu\/eu\/wp-json\/wp\/v2\/types\/post"}],"author":[{"embeddable":true,"href":"https:\/\/www.galde.eu\/eu\/wp-json\/wp\/v2\/users\/2"}],"replies":[{"embeddable":true,"href":"https:\/\/www.galde.eu\/eu\/wp-json\/wp\/v2\/comments?post=7056"}],"version-history":[{"count":1,"href":"https:\/\/www.galde.eu\/eu\/wp-json\/wp\/v2\/posts\/7056\/revisions"}],"predecessor-version":[{"id":18626,"href":"https:\/\/www.galde.eu\/eu\/wp-json\/wp\/v2\/posts\/7056\/revisions\/18626"}],"wp:featuredmedia":[{"embeddable":true,"href":"https:\/\/www.galde.eu\/eu\/wp-json\/wp\/v2\/media\/7058"}],"wp:attachment":[{"href":"https:\/\/www.galde.eu\/eu\/wp-json\/wp\/v2\/media?parent=7056"}],"wp:term":[{"taxonomy":"category","embeddable":true,"href":"https:\/\/www.galde.eu\/eu\/wp-json\/wp\/v2\/categories?post=7056"},{"taxonomy":"post_tag","embeddable":true,"href":"https:\/\/www.galde.eu\/eu\/wp-json\/wp\/v2\/tags?post=7056"}],"curies":[{"name":"wp","href":"https:\/\/api.w.org\/{rel}","templated":true}]}}