{"id":6007,"date":"2016-04-08T10:54:46","date_gmt":"2016-04-08T08:54:46","guid":{"rendered":"https:\/\/www.galde.eu\/?p=6007"},"modified":"2025-10-23T18:21:54","modified_gmt":"2025-10-23T16:21:54","slug":"periskopioadialectica-sociocultural","status":"publish","type":"post","link":"https:\/\/www.galde.eu\/eu\/periskopioadialectica-sociocultural\/","title":{"rendered":"Periskopioa:&#8221;Dial\u00e9ctica sociocultural&#8221;"},"content":{"rendered":"<p><div id=\"attachment_6009\" style=\"width: 610px\" class=\"wp-caption aligncenter\"><a href=\"https:\/\/www.galde.eu\/wp-content\/uploads\/2016\/04\/saul-2.jpg\" rel=\"attachment wp-att-6009\"><img loading=\"lazy\" decoding=\"async\" aria-describedby=\"caption-attachment-6009\" class=\"wp-image-6009 size-full colorbox-6007\" src=\"https:\/\/www.galde.eu\/wp-content\/uploads\/2016\/04\/saul-2.jpg\" alt=\"saul-2\" width=\"600\" height=\"456\" data-id=\"6009\" srcset=\"https:\/\/www.galde.eu\/wp-content\/uploads\/2016\/04\/saul-2.jpg 600w, https:\/\/www.galde.eu\/wp-content\/uploads\/2016\/04\/saul-2-300x228.jpg 300w\" sizes=\"auto, (max-width: 600px) 100vw, 600px\" \/><\/a><p id=\"caption-attachment-6009\" class=\"wp-caption-text\">&#8220;El hijo de Saul&#8221;. Hungri\u0301a. Director: La\u0301szlo\u0301 Nemes. Oscar a la Mejor peli\u0301cula de habla no inglesa.<\/p><\/div><\/p>\n<p class=\"p1\"><span class=\"s1\">(Galde 13, negua\/invierno 2016). Jas\u00f3n &amp; Argonautas.\u00a0Ya en la antig\u00fcedad cl\u00e1sica se sosten\u00eda que el arte pod\u00eda hacer mejores a las personas. Del mismo optimismo humanista participaba Hegel, para quien las artes \u201cmitigaban el salvajismo del deseo y educaban el imperio de las pasiones\u201d. La cultura, en general, ha sido considerada el eje vertebrador del sistema de valores de una sociedad. Sin embargo, no se nos debe ocultar que vivimos en una \u00e9poca convulsa y contradictoria, tambi\u00e9n en lo cultural, en la que frente a los signos que avalan lo antedicho, hay tambi\u00e9n se\u00f1ales inequ\u00edvocas que lo desmienten.<\/span><\/p>\n<p class=\"p1\"><span class=\"s1\"><b>I.-Tesis<\/b>. El trimestre transcurrido desde la \u00faltima entrega de <i>Galde<\/i> ha proporcionado un buen n\u00famero de acontecimientos que, a primera vista, inducen al optimismo: el arte se compromete y los artistas tambi\u00e9n. La lectura de algunos titulares ha sido reconfortante. Madonna canta de madrugada <i>Imagine<\/i> de John Lennon en la Plaza de la Rep\u00fablica en solidaridad con los atentados de Par\u00eds. Alejandro Sanz, en un arranque valeroso muy elogiado, baja del escenario en defensa de una espectadora agredida. Qu\u00e9 decir de la protesta de los actores afroamericanos por la nula presencia de las minor\u00edas en los Oscars. \u201cHollywood tiene la responsabilidad de reflejar la belleza de lo diferente\u201d, clamaba <i>El pr\u00edncipe de Bel-Air<\/i>, el actor Will Smith. Siguiendo con el cine, que es un buen escaparate de la vida, una pel\u00edcula sobre los refugiados de Lampedusa gana la <i>Berlinale<\/i>, una producci\u00f3n h\u00fangara desasosegante sobre la inhumanidad de los campos de exterminio nazis, <i>El hijo de Sa\u00fal<\/i>, Oscar a la mejor pel\u00edcula extranjera, varios de los filmes nominados a los Goyas abordan los desahucios o la infelicidad de los m\u00e1s d\u00e9biles, Sarandon y Clooney se implican con la tragedia humanitaria de los refugiados. Muestras de que la <i>f\u00e1brica de sue\u00f1<\/i>os despierta a la cruda realidad. Bueno, despierta en parte porque tampoco hay que olvidar que lo que revienta la taquilla son las \u00faltimas entregas de <i>StarWars<\/i> y <i>Jurassic World<\/i>y que Madrid pone la alfombra a la gala de <i>Bollywood<\/i>, ese cine que se autodefine como un entretenimiento para que las masas olviden sus problemas. <i>Business is business.<\/i><\/span><\/p>\n<div id=\"attachment_6012\" style=\"width: 610px\" class=\"wp-caption aligncenter\"><a href=\"https:\/\/www.galde.eu\/wp-content\/uploads\/2016\/04\/Fuoccommare.jpg\" rel=\"attachment wp-att-6012\"><img loading=\"lazy\" decoding=\"async\" aria-describedby=\"caption-attachment-6012\" class=\"wp-image-6012 size-full colorbox-6007\" src=\"https:\/\/www.galde.eu\/wp-content\/uploads\/2016\/04\/Fuoccommare.jpg\" alt=\"Fuoccommare\" width=\"600\" height=\"338\" data-id=\"6012\" srcset=\"https:\/\/www.galde.eu\/wp-content\/uploads\/2016\/04\/Fuoccommare.jpg 600w, https:\/\/www.galde.eu\/wp-content\/uploads\/2016\/04\/Fuoccommare-300x169.jpg 300w\" sizes=\"auto, (max-width: 600px) 100vw, 600px\" \/><\/a><p id=\"caption-attachment-6012\" class=\"wp-caption-text\">&#8220;Fuoccommare&#8221;. Italia Director: Gianfranco Rosi. Oso de Oro en la Berlinale.<\/p><\/div>\n<p class=\"p1\"><span class=\"s1\"><b>II.- Ant\u00edtesis<\/b>. Buenas intenciones aparte, hay un clima general de desaz\u00f3n cuando no de desesperanza. Hay d\u00edas en que parece que se quiebra bajo nuestros pies <i>todo lo que era s\u00f3lido<\/i>, que dice Mu\u00f1oz Molina. A derecha e izquierda impera la pol\u00edtica del miedo y sobre la cultura vuelve a cernirse ese oscuro velo de la sospecha. El \u00e1nimo censor se va adue\u00f1ando del planeta y lo hace dando palos de ciego. Un d\u00eda una supuesta C\u00e1tedra de la Memoria se\u00f1ala que Dal\u00ed fue recibido por Franco y merece por ello quedarse sin calle en Madrid, compartiendo ninguneo callejero con Jardiel Poncela y Miguel Miura, dos de los mejores dramaturgos de la postguerra. A los muertos quiz\u00e1s no les importe, pero s\u00ed a la premio Nobel y feminista polaca Elfriede Jelinek, a quien su ministro de Cultura pretende echar de los escenarios, porque \u201cno habr\u00e1 obras pornogr\u00e1ficas en teatros polacos\u201d.<\/span><\/p>\n<p class=\"p1\"><span class=\"s1\">Ser titiritero en Espa\u00f1a, como es sabido, es profesi\u00f3n de alto riesgo. No solo te encarcelan, sino que te incluyen en el fichero de \u201cbandas armadas\u201d por presunta \u201ccapacidad criminal\u201d. Ante el castigo a los manipuladores de mu\u00f1ecotes de trapo y papel mach\u00e9, varios programadores culturales han decidido curarse en salud, y la <i>Mirada del otro<\/i>, una excelente obra de teatro sobre v\u00edctimas y victimarios de ETA, ha sido suspendida preventivamente. En Francia, tras los atentados islamistas, salas de cine vetan <i>Black<\/i>, una pel\u00edcula belga sobre bandas en el barrio bruselense de Molenbeek. La famosa distop\u00eda de Orwell se extiende como mancha de aceite y as\u00ed, Keywan Karimi, realizador iran\u00ed del documental <i>Writingonthecity<\/i> que muestra murales y grafitis pintados en las calles de Teher\u00e1n, ha sido condenado a un a\u00f1o de prisi\u00f3n y 223 latigazos por \u201cpropaganda antigubernamental\u201d. La censura, siempre reprobable, pasa de torpe a rid\u00edcula en Tailandia, donde una burla sobre la perra favorita del monarca puede suponerle a un imprudente ciudadano una pena de 37 a\u00f1os de c\u00e1rcel, o en Kirguist\u00e1n, pa\u00eds en el que un brit\u00e1nico que llam\u00f3 <i>pene de caballo<\/i> a una especie de morcilla que debe ser el plato nacional, arriesga una condena de cinco a\u00f1os de c\u00e1rcel por \u201cincitar al odio racial\u201d.<\/span><\/p>\n<p class=\"p3\"><span class=\"s1\">Quiz\u00e1s todos estos desmanes ocurran por nuestro bien, y solo sean los desvelos de un Estado protector. En algunas universidades norteamericanas se plantea suprimir de los debates toda confrontaci\u00f3n de ideas que pueda herir la susceptibilidad de alguien. Cuando en Alemania se reedita el <i>Meinkampf<\/i> de Hitler, el panfleto viene acompa\u00f1ado por los comentarios cr\u00edticos de un grupo de prestigiosos investigadores, no sea que cada cual lo interprete a su manera, como los protestantes la Biblia, y tengamos nuevas guerras de religi\u00f3n. El <i>top<\/i> del celo protector corresponde, sin embargo, al Gobierno italiano que para no disgustar a su invitado iran\u00ed enfund\u00f3 en madera las estatuas desnudas de los Museos Capitolinos, al tiempo que situaba estrat\u00e9gicamente los sillones de la reuni\u00f3n para que el p\u00fadico mandatario extranjero no viese los hermosos test\u00edculos del caballo de una estatua ecuestre presente en la sala.<\/span><\/p>\n<p><a href=\"https:\/\/www.galde.eu\/wp-content\/uploads\/2016\/04\/Tiriteromarioneta.jpg\" rel=\"attachment wp-att-6013\"><img loading=\"lazy\" decoding=\"async\" class=\"aligncenter wp-image-6013 size-full colorbox-6007\" src=\"https:\/\/www.galde.eu\/wp-content\/uploads\/2016\/04\/Tiriteromarioneta.jpg\" alt=\"Tiriteromarioneta\" width=\"579\" height=\"894\" data-id=\"6013\" srcset=\"https:\/\/www.galde.eu\/wp-content\/uploads\/2016\/04\/Tiriteromarioneta.jpg 579w, https:\/\/www.galde.eu\/wp-content\/uploads\/2016\/04\/Tiriteromarioneta-194x300.jpg 194w\" sizes=\"auto, (max-width: 579px) 100vw, 579px\" \/><\/a><\/p>\n<p class=\"p4\"><span class=\"s1\"><b>III.- S\u00edntesis<\/b>. Como el pez necesita el agua, la cultura solo respira en la libertad. Esa libertad que se ejerce y se ejercita en la cr\u00edtica, sin m\u00e1s l\u00edmite que el respeto a la verdad y a las leyes justas. Nada le es m\u00e1s ajeno que la imposici\u00f3n y la arbitrariedad interesada que determina quienes son o no de fiar. Como alguien ha escrito, no se puede ser un d\u00eda <i>Charlie Hebdo<\/i> y obviar sus dudosos chistes sobre Mahoma, y al otro clamar contra la obra de unos titiriteros, probablemente mala y desafortunada, pero leg\u00edtima.<\/span><\/p>\n<p class=\"p4\"><span class=\"s1\">Los diversos fanatismos y las intolerancias varias van convirtiendo nuestras vidas en un campo minado por los miedos. Miedo a lo nuevo, a lo distinto, miedo a transgredir y a perder las c\u00f3modas \u00e1reas de seguridad y bienestar. Dijo Cervantes, ese desconocido autor cuyo cuatricentenario casi no se celebra: \u201cAquel quien pierde sus riquezas pierde mucho; aquel quien pierde a un amigo pierde m\u00e1s; pero quien pierde el valor, lo pierde todo\u201d.<\/span><\/p>\n<p><\/p>","protected":false},"excerpt":{"rendered":"<p>(Galde 13, negua\/invierno 2016). Jas\u00f3n &#038; Argonautas. Ya en la antig\u00fcedad cl\u00e1sica se sosten\u00eda que el arte pod\u00eda hacer mejores a las personas. La cultura, en general, ha sido considerada el eje vertebrador del sistema de valores de una sociedad. Sin embargo, no se nos debe ocultar que vivimos en una \u00e9poca convulsa y contradictoria, [&hellip;]<\/p>\n","protected":false},"author":2,"featured_media":6010,"comment_status":"closed","ping_status":"closed","sticky":false,"template":"","format":"standard","meta":{"footnotes":""},"categories":[3],"tags":[],"class_list":["post-6007","post","type-post","status-publish","format-standard","has-post-thumbnail","hentry","category-cultura","revista-galde-n13"],"_links":{"self":[{"href":"https:\/\/www.galde.eu\/eu\/wp-json\/wp\/v2\/posts\/6007","targetHints":{"allow":["GET"]}}],"collection":[{"href":"https:\/\/www.galde.eu\/eu\/wp-json\/wp\/v2\/posts"}],"about":[{"href":"https:\/\/www.galde.eu\/eu\/wp-json\/wp\/v2\/types\/post"}],"author":[{"embeddable":true,"href":"https:\/\/www.galde.eu\/eu\/wp-json\/wp\/v2\/users\/2"}],"replies":[{"embeddable":true,"href":"https:\/\/www.galde.eu\/eu\/wp-json\/wp\/v2\/comments?post=6007"}],"version-history":[{"count":1,"href":"https:\/\/www.galde.eu\/eu\/wp-json\/wp\/v2\/posts\/6007\/revisions"}],"predecessor-version":[{"id":19131,"href":"https:\/\/www.galde.eu\/eu\/wp-json\/wp\/v2\/posts\/6007\/revisions\/19131"}],"wp:featuredmedia":[{"embeddable":true,"href":"https:\/\/www.galde.eu\/eu\/wp-json\/wp\/v2\/media\/6010"}],"wp:attachment":[{"href":"https:\/\/www.galde.eu\/eu\/wp-json\/wp\/v2\/media?parent=6007"}],"wp:term":[{"taxonomy":"category","embeddable":true,"href":"https:\/\/www.galde.eu\/eu\/wp-json\/wp\/v2\/categories?post=6007"},{"taxonomy":"post_tag","embeddable":true,"href":"https:\/\/www.galde.eu\/eu\/wp-json\/wp\/v2\/tags?post=6007"}],"curies":[{"name":"wp","href":"https:\/\/api.w.org\/{rel}","templated":true}]}}