{"id":5568,"date":"2016-02-25T21:28:05","date_gmt":"2016-02-25T20:28:05","guid":{"rendered":"https:\/\/www.galde.eu\/?p=5568"},"modified":"2025-10-23T18:21:55","modified_gmt":"2025-10-23T16:21:55","slug":"entrevista-a-cristina-narbona-compromisos-y-retos-de-la-cumbre-del-clima-en-paris","status":"publish","type":"post","link":"https:\/\/www.galde.eu\/eu\/entrevista-a-cristina-narbona-compromisos-y-retos-de-la-cumbre-del-clima-en-paris\/","title":{"rendered":"Entrevista a Cristina Narbona: Compromisos y retos de la \u201cCumbre del Clima en Par\u00eds\u201d"},"content":{"rendered":"<p><div id=\"attachment_5570\" style=\"width: 310px\" class=\"wp-caption aligncenter\"><a href=\"https:\/\/www.galde.eu\/wp-content\/uploads\/2016\/02\/CristinaN.jpg\" rel=\"attachment wp-att-5570\"><img loading=\"lazy\" decoding=\"async\" aria-describedby=\"caption-attachment-5570\" class=\"wp-image-5570 size-medium colorbox-5568\" src=\"https:\/\/www.galde.eu\/wp-content\/uploads\/2016\/02\/CristinaN-300x111.jpg\" alt=\"Cristina Narbona\" width=\"300\" height=\"111\" data-id=\"5570\" srcset=\"https:\/\/www.galde.eu\/wp-content\/uploads\/2016\/02\/CristinaN-300x111.jpg 300w, https:\/\/www.galde.eu\/wp-content\/uploads\/2016\/02\/CristinaN.jpg 600w\" sizes=\"auto, (max-width: 300px) 100vw, 300px\" \/><\/a><p id=\"caption-attachment-5570\" class=\"wp-caption-text\">Cristina Narbona<\/p><\/div><\/p>\n<p><strong>\u00bfQu\u00e9 ha pasado en Par\u00eds?<\/strong>\u00a0<strong>Compromisos y retos de la Cumbre del Clima<\/strong><\/p>\n<p>El cambio del sistema clim\u00e1tico es hoy irrefutable, que el <strong><em>&#8220;Grupo Intergubernamental de Expertos&#8221;,<\/em><\/strong> creado en <strong><em>la&#8221;Convenci\u00f3n Marco de Naciones Unidas sobre Cambio Clim\u00e1tico&#8221;,<\/em><\/strong> ha ratificado con el \u00faltimo <strong><em>&#8220;Informe de Evaluaci\u00f3n&#8221;<\/em><\/strong><em>.<\/em> Adem\u00e1s, los estudios cient\u00edficos vienen alertando de que las emisiones de Gases de Efecto Invernadero (GEI), originadas por la actividad humana, son la causa principal de las alteraciones clim\u00e1ticas que se vienen produciendo. La comunidad internacional, reunida en Par\u00eds, ha llegado a unos acuerdos que analizamos con CRISTINA NARBONA, una mujer comprometida en la defensa del medio ambiente. Doctora en Econom\u00eda ha seguido de cerca los acuerdos y negociaciones, en el marco de Naciones Un\u00eddas, para hacer frente al Cambio Clim\u00e1tico. Fue Ministra de Medio Ambiente en el Gobierno de Rodr\u00edguez Zapatero y posterior embajadora de Espa\u00f1a en la OCDE. Forma parte de la <em>&#8220;<strong>Global Ocean Commisssion<\/strong>&#8220;<strong>,<\/strong><\/em> de la <strong><em>&#8220;Red Espa\u00f1ola de Desarrollo Sostenible&#8221;<\/em><\/strong> y del <strong><em>&#8220;Consejo de Seguridad Nuclear&#8221;.<\/em><\/strong><\/p>\n<h2 style=\"text-align: center;\"><span style=\"color: #ff0000;\">\u00abEl Acuerdo de Paris es un primer paso hacia una pol\u00edtica global de cambio clim\u00e1tico\u00bb<a href=\"https:\/\/www.galde.eu\/wp-content\/uploads\/2016\/02\/ParisCop-CMP11-300.jpg\" rel=\"attachment wp-att-5591\"><img loading=\"lazy\" decoding=\"async\" class=\"aligncenter  wp-image-5591 colorbox-5568\" src=\"https:\/\/www.galde.eu\/wp-content\/uploads\/2016\/02\/ParisCop-CMP11-300-213x300.jpg\" alt=\"ParisCop-CMP11-300\" width=\"121\" height=\"170\" data-id=\"5591\" srcset=\"https:\/\/www.galde.eu\/wp-content\/uploads\/2016\/02\/ParisCop-CMP11-300-213x300.jpg 213w, https:\/\/www.galde.eu\/wp-content\/uploads\/2016\/02\/ParisCop-CMP11-300.jpg 300w\" sizes=\"auto, (max-width: 121px) 100vw, 121px\" \/><\/a><\/span><\/h2>\n<p>(Galde 12 &#8211; oto\u00f1o\/2015).<strong> Entrevistador: Manu\u00a0Gonz\u00e1lez\u00a0Baraga\u00f1a.<\/strong>\u00a0<strong>\u00bfC\u00f3mo valoras el Acuerdo Marco al que 195 pa\u00edses han llegado? \u00bfEs un acuerdo suficiente para frenar el cambio clim\u00e1tico?<\/strong><\/p>\n<p><strong>CRISTINA NARBONA.<\/strong> El Acuerdo de Par\u00eds es un primer paso, sin duda relevante, hacia una pol\u00edtica global de cambio clim\u00e1tico; por supuesto no puede considerarse en s\u00ed mismo como un acuerdo suficiente.<br \/>\nNo se trata del final sino del inicio de un proceso, ya que si los 188 pa\u00edses que han presentado sus actuaciones para reducir las emisiones de gases de efecto invernadero cumplieran con sus compromisos, la temperatura media del planeta aumentar\u00eda en todo caso unos 2,7 grados a lo largo del presente siglo. Es decir, un incremento superior al que el Acuerdo de Par\u00eds establece como limite: \u00abmuy por debajo de 2 grados, a ser posible no superior a 1,5 grados\u00bb.<br \/>\nSin embargo, en ausencia de medidas como las comprometidas por la inmensa mayor\u00eda de los pa\u00edses, el aumento de la temperatura media del planeta superar\u00eda los 5 grados, seg\u00fan el \u00faltimo informe del Panel Intergubernamental de Cambio Clim\u00e1tico (IPCC); y ello comportar\u00eda la desaparici\u00f3n de las condiciones b\u00e1sicas para la vida humana en amplias regiones de todos los continentes. Lo mas importante, por lo tanto, es que por primera vez la pr\u00e1ctica totalidad de los gobiernos de todo tipo de pa\u00edses -desarrollados, emergentes, pobres&#8230;- ha reconocido la gravedad del cambio clim\u00e1tico y la urgencia de adoptar medidas de mitigaci\u00f3n y de adaptaci\u00f3n. Hace pocos a\u00f1os esto resultaba dif\u00edcil de imaginar, dada , entre otras cosas, la posici\u00f3n contraria de los principales pa\u00edses emisores: Estados Unidos y China.<br \/>\nPor supuesto, a partir de ahora los gobiernos tienen la obligaci\u00f3n de revisar cada cinco a\u00f1os sus previsiones para reforzar su contribuci\u00f3n a la reducci\u00f3n global de las emisiones de CO<sub>2<\/sub>, as\u00ed como -en el caso de los pa\u00edses mas ricos- su contribuci\u00f3n financiera para garantizar la viabilidad de las actuaciones de los pa\u00edses mas pobres. Y si los gobiernos no cumplen sus respectivos compromisos, son los ciudadanos los que tendr\u00e1n que sancionar dichos incumplimientos, ya que no hay sanciones de car\u00e1cter jur\u00eddico ni econ\u00f3mico. La penalizaci\u00f3n ser\u00e1, en su caso, social y pol\u00edtica: y ello requiere una ciudadan\u00eda bien informada, responsable y exigente.<br \/>\nCuando hablo de exigencias a los gobiernos no me refiero s\u00f3lo a los gobiernos nacionales, sino tambi\u00e9n a los ayuntamientos y a los gobiernos regionales, ya que a cada nivel de la administraci\u00f3n corresponden competencias en pol\u00edticas con importante incidencia en materia de cambio clim\u00e1tico. El urbanismo, la ordenaci\u00f3n del territorio, la pol\u00edtica fiscal, las compras p\u00fablicas, las pol\u00edticas de gesti\u00f3n de la movilidad&#8230; En todos los \u00e1mbitos de la acci\u00f3n publica pueden incorporarse requisitos de ahorro y eficiencia econ\u00f3mica, de utilizaci\u00f3n de energ\u00edas renovables, de conservaci\u00f3n de los espacios verdes, de modificaci\u00f3n de la dieta alimentaria, de fomento de la reutilizaci\u00f3n y del reciclaje&#8230;<br \/>\nExisten, sin ninguna duda, riesgos muy importantes de retroceso por parte de algunos pa\u00edses respecto de los compromisos asumidos en el Acuerdo de Par\u00eds; a mi juicio, uno de los m\u00e1s graves seria la victoria del partido Republicano en las elecciones de Estados Unidos quien , muy en particular si finalmente su candidato es Donald Trump, que, -adem\u00e1s del resto de sus muy pol\u00e9micas posiciones- quien se ha pronunciado ya con rotundidad contra cualquier medida de lucha contra el cambio clim\u00e1tico. No obstante, durante los \u00faltimos a\u00f1os muchas figuras destacadas del partido republicano han desarrollado actuaciones en la direcci\u00f3n contraria: ha sido el caso de Arnold Schwarzenegger, como gobernador de California o del alcalde de Nueva York, Michael Bloomberg. A ellos se ha unido el ex secretario del Tesoro, Henry Paulson, para compartir iniciativas que pueden encontrarse en su web \u00abriskybusiness.org\u00bb. Todos ellos han expresado p\u00fablicamente su apoyo a medidas de lucha contra el cambio clim\u00e1tico a causa de los riesgos econ\u00f3micos que conllevan sus efectos.<\/p>\n<p><strong>M.G.B. Se ha hablado mucho del asunto de la no obligatoriedad formal, es decir del hecho de que los Planes presentados por los pa\u00edses no son vinculantes jur\u00eddicamente, adem\u00e1s de insuficientes. Algunas personas lo presentan como una gran limitaci\u00f3n, y como muestra de la escasa voluntad real de avanzar. Otras lo presentan como una virtud, en la medida en que esos Planes obedecen al compromiso posible de cada gobierno en su pa\u00eds. \u00bfCu\u00e1l es tu opini\u00f3n al respecto?<\/strong><\/p>\n<p><strong>C.N.<\/strong> Es evidente que lo \u00f3ptimo hubiera sido un Acuerdo vinculante no s\u00f3lo en su objetivo global y en sus procedimientos de actualizaci\u00f3n de compromisos, sino tambi\u00e9n en cuanto al cumplimiento de la hoja de ruta correspondiente a cada gobierno. Pero es evidente que dicho \u00f3ptimo era imposible por circunstancias pol\u00edticas en diferentes pa\u00edses, y si se hubiera fragmentado la comunidad internacional con un acuerdo que vinculase s\u00f3lo a algunos gobiernos, el resultado hubiera sido mucho m\u00e1s insatisfactorio. Como se\u00f1alaba antes, ahora se trata de impulsar una mayor ambici\u00f3n en cada pa\u00eds a partir de los compromisos que se han hecho p\u00fablicos.<br \/>\nEsa mayor ambici\u00f3n deber\u00eda traducirse, por ejemplo, en asumir compromisos a nivel nacional, local o regional, respecto a la reducci\u00f3n de la ingesta de prote\u00ednas c\u00e1rnicas, que, como se se\u00f1ala mas tarde, constituye una significativa causa del cambio clim\u00e1tico. Y tambi\u00e9n significa exigir mayor ambici\u00f3n, en el caso de Espa\u00f1a, en el \u00e1mbito de la UE, donde son viables reducciones de emisiones m\u00e1s importantes de las comprometidas; y donde deber\u00eda impulsarse con mayor rotundidad el necesario acuerdo internacional relativo a las emisiones de la navegaci\u00f3n a\u00e9rea y mar\u00edtima. No hay que olvidar que la UE sigue siendo la mayor \u00e1rea comercial del mundo, y ello le confiere una notable capacidad de negociaci\u00f3n as\u00ed como una responsabilidad especifica.<\/p>\n<p><a href=\"https:\/\/www.galde.eu\/wp-content\/uploads\/2016\/02\/cambioclima.jpg\" rel=\"attachment wp-att-5588\"><img loading=\"lazy\" decoding=\"async\" class=\"aligncenter size-medium wp-image-5588 colorbox-5568\" src=\"https:\/\/www.galde.eu\/wp-content\/uploads\/2016\/02\/cambioclima-300x149.jpg\" alt=\"cambioclima\" width=\"300\" height=\"149\" data-id=\"5588\" srcset=\"https:\/\/www.galde.eu\/wp-content\/uploads\/2016\/02\/cambioclima-300x149.jpg 300w, https:\/\/www.galde.eu\/wp-content\/uploads\/2016\/02\/cambioclima.jpg 600w\" sizes=\"auto, (max-width: 300px) 100vw, 300px\" \/><\/a><\/p>\n<p><strong>M.G.B. En todas las \u00faltimas cumbres sobre el clima se plantean tres objetivos: reducir las emisiones; hacerlo de manera equitativa; y evitar que ello detenga el crecimiento econ\u00f3mico. Dicho de otra forma: se pretende dar la vuelta al deterioro ecol\u00f3gico y social sin alterar\u00a0la l\u00f3gica econ\u00f3mica, que sigue descansando sobre el crecimiento como sin\u00f3nimo de bienestar \u00bfEs viable este planteamiento? \u00bfNo es como tratar de plantear la cuadratura del c\u00edrculo?<\/strong><\/p>\n<p><strong>C.N<\/strong>. Afortunadamente, cada vez es m\u00e1s evidente que el incremento del PIB no equivale a incremento del bienestar. Son numerosos los ejemplos de pa\u00edses donde el PIB crece al mismo tiempo que crecen las desigualdades -ha sido el caso de Espa\u00f1a, pero tambi\u00e9n de Estados Unidos o de Chile-, y que se deterioran los ecosistemas comprometiendo gravemente la salud y la seguridad de sus habitantes -v\u00e9ase China o India-&#8230;<br \/>\nSin embargo, el viejo paradigma econ\u00f3mico se resiste a desaparecer y, de hecho, sigue prevaleciendo el objetivo del incremento del PIB como prioridad de la pol\u00edtica econ\u00f3mica en la pr\u00e1ctica totalidad de los pa\u00edses, aunque ha aumentado la demanda social de reducci\u00f3n de las desigualdades y de contenci\u00f3n de la huella ecol\u00f3gica. Adem\u00e1s, disponemos del conocimiento cient\u00edfico suficiente para entender que la actividad humana est\u00e1 superando determinados \u00ablimites planetarios\u00bb -no s\u00f3lo el cambio clim\u00e1tico; tambi\u00e9n la p\u00e9rdida de biodiversidad, la creciente escasez de agua potable, el ciclo del nitr\u00f3geno, la acidificaci\u00f3n del oc\u00e9ano&#8230;- que pueden acarrear consecuencias irreversibles en nuestro modo de vida.<br \/>\nLa idea de la necesidad de un \u00abdecrecimiento\u00bb de las actividades m\u00e1s da\u00f1inas desde el punto de vista ambiental se va abriendo camino, por ejemplo en el planteamiento de una \u00abeconom\u00eda circular\u00bb, propiciado por la Comisi\u00f3n Europea, para reducir el consumo de materias primas y de energ\u00eda, as\u00ed como la generaci\u00f3n de residuos y de toda forma de contaminaci\u00f3n.<\/p>\n<p><strong>M.G.B. Otra cuesti\u00f3n que ha sufrido cambios en el proceso de negociaciones llevadas en Par\u00eds ha sido la forma de abordar la cuantificaci\u00f3n de las emisiones. En las primeras versiones del texto se hablaba de \u00abemisiones netas\u00bb. En los \u00faltimos borradores el t\u00e9rmino hab\u00eda cambiado a \u00abneutralidad clim\u00e1tica\u00bb. En el acuerdo final se habla de \u00abequilibrio\u00bb. Equilibrio entre las emisiones antropog\u00e9nicas y la capacidad de absorber esos gases, apuntando as\u00ed a los mercados de carbono, que se han mostrado ineficaces (e injustos) a la hora de solucionar el problema y a la geoingenier\u00eda, que viene a suponer otra suma de severos impactos sobre el territorio. \u00bfQu\u00e9 lectura haces de estos cambios y del compromiso adoptado?<\/strong><\/p>\n<p><strong>C.N.<\/strong> Esos cambios reflejan sin duda la complejidad de la negociaci\u00f3n y los potentes intereses en juego. Lo que m\u00e1s me preocupa de ese concepto de \u00abequilibrio\u00bb es que comporte un apoyo financiero a tecnolog\u00edas de muy dudosa conveniencia desde el punto de vista ecol\u00f3gico, en particular las asociadas a la geoingenier\u00eda.<br \/>\nA mi juicio, lo que hay que potenciar son los \u00absumideros\u00bb naturales, es decir los espacios forestales de gran capacidad de absorci\u00f3n de emisiones de gases de efecto invernadero, as\u00ed como los oc\u00e9anos -que absorben un 25% de las emisiones y el 90% del calor residual generado por el cambio clim\u00e1tico-.<br \/>\nEn el caso de los oc\u00e9anos, el calentamiento global est\u00e1 provocando la acidificaci\u00f3n de sus aguas y con ello la destrucci\u00f3n de los ecosistemas marinos que garantizan esa funci\u00f3n de almacenamiento de CO<sub>2<\/sub>. Por eso es tan importante preservar el m\u00e1ximo de \u00e1reas marinas, que adem\u00e1s del cambio clim\u00e1tico sufren tambi\u00e9n las amenazas de la sobreexplotaci\u00f3n y de la contaminaci\u00f3n.<br \/>\nEn el caso de los bosques, resulta imprescindible modificar la dieta alimentaria basada crecientemente en la ingesta de prote\u00ednas animales, que incide en el cambio clim\u00e1tico tanto por las emisiones de metano -producidas por la digesti\u00f3n del ganado- como por la deforestaci\u00f3n asociada a la ampliaci\u00f3n de praderas para usos ganaderos.<\/p>\n<p><strong>M.G.B. Hablemos de otro de los ejes centrales de las imprescindibles actuaciones a abordar ya, como son las medidas de adaptaci\u00f3n a los efectos que el cambio clim\u00e1tico est\u00e1 produciendo en el conjunto del Planeta y en el que existen comunidades y zonas muy vulnerables que plantean, con justicia, resarcimiento de da\u00f1os por lo que se viene denominando deuda clim\u00e1tica, y desde una perspectiva m\u00e1s amplia deuda ecol\u00f3gica.<\/strong><\/p>\n<p><strong>C.N.<\/strong> La exigencia de una mayor equidad o justicia clim\u00e1tica ha ido incorpor\u00e1ndose en las negociaciones internacionales, gracias a la lucha de muchas ONG y de la creciente conciencia de la \u00abdeuda ecol\u00f3gica\u00bb padecida por los pa\u00edses m\u00e1s pobres.<br \/>\nPor ejemplo, el grupo de los SIDS, los peque\u00f1os pa\u00edses insulares en desarrollo, se han convertido en un actor relevante en estas negociaciones, consiguiendo que se reconociera el riesgo de desaparici\u00f3n de sus comunidades que comportar\u00eda un incremento de la temperatura media del planeta superior a 1,5 grados.<br \/>\n\u00c1frica ha comenzado tambi\u00e9n a hacer sentir su voz, y a su vez ha planteado iniciativas importantes para el suministro\u00a0de electricidad a partir de energ\u00eda renovable. Asimismo, el Acuerdo recoge la necesidad de establecer mecanismos financieros para compensar los da\u00f1os causados por el cambio clim\u00e1tico en los pa\u00edses m\u00e1s desfavorecidos.<\/p>\n<p style=\"text-align: center;\"><span style=\"color: #ff0000;\">\u00abSi los gobiernos no cumplen sus respectivos compromisos, son los ciudadanos los que tendr\u00e1n que sancionar dichos incumplimientos, ya que no hay sanciones de car\u00e1cter jur\u00eddico ni econ\u00f3mico&#8230; Cuando hablo de exigencias a los gobiernos no me refiero s\u00f3lo a los gobiernos nacionales, sino tambi\u00e9n a los ayuntamientos y a los gobiernos regionales, ya que a cada nivel de la administraci\u00f3n corresponden competencias en pol\u00edticas con importante incidencia en materia de cambio clim\u00e1tico. El urbanismo, la ordenaci\u00f3n del territorio, la pol\u00edtica fiscal, las compras p\u00fablicas, las pol\u00edticas de gesti\u00f3n de la movilidad&#8230;\u00bb<\/span><\/p>\n<p><strong>M.G.B. Pero la movilizaci\u00f3n de 100.000 millones de d\u00f3lares anuales necesarios para financiar la adaptaci\u00f3n al cambio clim\u00e1tico no han entrado en el Acuerdos, aunque se mencionen en su Pre\u00e1mbulo.<\/strong><\/p>\n<p><strong>C.N.<\/strong> En efecto, queda por concretar c\u00f3mo se aportar\u00e1n los -como m\u00ednimo- 100.000 millones de d\u00f3lares anuales, principalmente por parte de los pa\u00edses ricos, previstos en el Acuerdo para materializar esta \u00ab justicia clim\u00e1tica\u00bb. Tambi\u00e9n en esta materia, cada gobierno debe rendir cuentas no solo ante la comunidad internacional cada cinco a\u00f1os, sino tambi\u00e9n ante su propia ciudadan\u00eda, sin duda cada vez m\u00e1s sensibilizada por la evidencia de la mayor gravedad de los efectos del calentamiento global en pa\u00edses que apenas han contribuido a dicho proceso.<br \/>\nLa adaptaci\u00f3n al cambio clim\u00e1tico ha adquirido una importancia creciente ya que, aunque cesaran de inmediato todas las emisiones, buena parte de los efectos del calentamiento global se mantendr\u00e1n, dada la importante acumulaci\u00f3n ya existente en la atm\u00f3sfera de gases de efecto invernadero de larga supervivencia. Por lo tanto, adem\u00e1s de la pol\u00edtica energ\u00e9tica , todas las pol\u00edticas p\u00fablicas -desde la pol\u00edtica del agua a la pol\u00edtica agr\u00edcola o la sanitaria&#8230;- tendr\u00e1n que reorientarse para fortalecer la resiliencia ante el cambio clim\u00e1tico. Y tambi\u00e9n las actividades econ\u00f3micas est\u00e1n ya adapt\u00e1ndose a los efectos del calentamiento global: el ejemplo del turismo ligado al esqu\u00ed es muy notable.<\/p>\n<p><strong>M.G.B.<\/strong> <strong>\u00bfQue retos nos plantea a nuestra comunidad los acuerdos de Par\u00eds y como tel\u00f3n de fondo el cambio clim\u00e1tico en el que ya estamos inmersos?<\/strong><\/p>\n<p><strong>C.N.<\/strong> El desaf\u00edo es ante todo un desaf\u00edo \u00e9tico: debemos ser conscientes de que nuestro modelo de vida tiene consecuencias dentro y fuera de nuestras fronteras, en el presente y en el futuro. Una aut\u00e9ntica \u00abeducaci\u00f3n para la ciudadan\u00eda\u00bb debe fomentar, desde muy j\u00f3venes, una actitud de responsabilidad respecto de nuestras propias decisiones. Lo que compramos, lo que comemos, c\u00f3mo nos movemos, a qui\u00e9n votamos&#8230; Cada decisi\u00f3n tiene una dimensi\u00f3n \u00e9tica y global, y esto no es una afirmaci\u00f3n ret\u00f3rica. Sabemos que es as\u00ed: somos la primera generaci\u00f3n con suficiente informaci\u00f3n como para entender lo que le sucede al planeta y a la humanidad, y c\u00f3mo deber\u00edamos modificar nuestros comportamientos; y quiz\u00e1s tambi\u00e9n la \u00faltima generaci\u00f3n que puede evitar un colapso ecol\u00f3gico y social.<\/p>\n<div id=\"attachment_5575\" style=\"width: 310px\" class=\"wp-caption aligncenter\"><a href=\"https:\/\/www.galde.eu\/wp-content\/uploads\/2016\/02\/cambio-climatico-donostia.jpg\" rel=\"attachment wp-att-5575\"><img loading=\"lazy\" decoding=\"async\" aria-describedby=\"caption-attachment-5575\" class=\"wp-image-5575 size-medium colorbox-5568\" src=\"https:\/\/www.galde.eu\/wp-content\/uploads\/2016\/02\/cambio-climatico-donostia-300x169.jpg\" alt=\"Recreaci\u00f3n de Donostia. Greenpeace.\" width=\"300\" height=\"169\" data-id=\"5575\" srcset=\"https:\/\/www.galde.eu\/wp-content\/uploads\/2016\/02\/cambio-climatico-donostia-300x169.jpg 300w, https:\/\/www.galde.eu\/wp-content\/uploads\/2016\/02\/cambio-climatico-donostia.jpg 600w\" sizes=\"auto, (max-width: 300px) 100vw, 300px\" \/><\/a><p id=\"caption-attachment-5575\" class=\"wp-caption-text\">Recreaci\u00f3n de Donostia. Greenpeace.<\/p><\/div>\n<p><strong>M.G.B.<\/strong> <strong>\u00bfY c\u00f3mo crees que se deber\u00eda abordar la necesaria y urgente transici\u00f3n energ\u00e9tica que requiere el pa\u00eds?<\/strong><\/p>\n<p><strong>C.N.<\/strong> Varios pa\u00edses de nuestro entorno han iniciado ya su propia transici\u00f3n energ\u00e9tica, comprometidos en la lucha contra el cambio clim\u00e1tico, y aprovechando las oportunidades que brindan las nuevas tecnolog\u00edas.<br \/>\nEn Espa\u00f1a es necesario un cambio radical en la pol\u00edtica energ\u00e9tica, algo absolutamente viable desde el punto de vista tecnol\u00f3gico y econ\u00f3mico. La condici\u00f3n de partida es una reforma en profundidad de la regulaci\u00f3n del sector el\u00e9ctrico, reduciendo el poder del oligopolio y empoderando a los ciudadanos -derogando, por ejemplo , el nefasto decreto sobre autoconsumo y apostando en serio por el ahorro y la eficiencia energ\u00e9tica as\u00ed como por las energ\u00edas renovables-.<br \/>\nEn Espa\u00f1a se han perdido 77.000 puestos de trabajo en el sector de las energ\u00edas renovables desde 2011, se han arruinado decenas de miles de peque\u00f1os inversores y empresas de todos los tama\u00f1os y se ha da\u00f1ado gravemente la confianza de inversores extranjeros en la seguridad jur\u00eddica en Espa\u00f1a&#8230; Una verdadera cat\u00e1strofe, que puede y debe ser corregida inmediatamente por el pr\u00f3ximo Gobierno de la naci\u00f3n, pero que comienza ya a ser reconducida por plataformas ciudadanas -\u00abPor un nuevo modelo energ\u00e9tico\u00bb <a href=\"http:\/\/www.nuevomodeloenergetico.org-con\">www.nuevomodeloenergetico.org- con<\/a> la complicidad de municipios dispuestos a ejercer sus competencias en esta materia. Estoy convencida que esta ser\u00e1 una de las l\u00edneas m\u00e1s potentes de la recuperaci\u00f3n econ\u00f3mica justa y sostenible que est\u00e1 a\u00fan por iniciarse.<\/p>","protected":false},"excerpt":{"rendered":"<p>(Galde 12 &#8211; oto\u00f1o\/2015). Manu Gonz\u00e1lez Baraga\u00f1a entrevista a CRISTINA NARBONA sobre la Cumbre del Clima de Paris 2015. En ausencia de medidas como las comprometidas por la inmensa mayor\u00eda de los pa\u00edses, el aumento de la temperatura media del planeta superar\u00eda los 5 grados, seg\u00fan el \u00faltimo informe del Panel Intergubernamental de Cambio Clim\u00e1tico [&hellip;]<\/p>\n","protected":false},"author":2,"featured_media":5571,"comment_status":"closed","ping_status":"closed","sticky":false,"template":"","format":"standard","meta":{"footnotes":""},"categories":[27,5],"tags":[252],"class_list":["post-5568","post","type-post","status-publish","format-standard","has-post-thumbnail","hentry","category-entrevista","category-politica","tag-cambio-climatico","revista-galde-n12"],"_links":{"self":[{"href":"https:\/\/www.galde.eu\/eu\/wp-json\/wp\/v2\/posts\/5568","targetHints":{"allow":["GET"]}}],"collection":[{"href":"https:\/\/www.galde.eu\/eu\/wp-json\/wp\/v2\/posts"}],"about":[{"href":"https:\/\/www.galde.eu\/eu\/wp-json\/wp\/v2\/types\/post"}],"author":[{"embeddable":true,"href":"https:\/\/www.galde.eu\/eu\/wp-json\/wp\/v2\/users\/2"}],"replies":[{"embeddable":true,"href":"https:\/\/www.galde.eu\/eu\/wp-json\/wp\/v2\/comments?post=5568"}],"version-history":[{"count":1,"href":"https:\/\/www.galde.eu\/eu\/wp-json\/wp\/v2\/posts\/5568\/revisions"}],"predecessor-version":[{"id":19026,"href":"https:\/\/www.galde.eu\/eu\/wp-json\/wp\/v2\/posts\/5568\/revisions\/19026"}],"wp:featuredmedia":[{"embeddable":true,"href":"https:\/\/www.galde.eu\/eu\/wp-json\/wp\/v2\/media\/5571"}],"wp:attachment":[{"href":"https:\/\/www.galde.eu\/eu\/wp-json\/wp\/v2\/media?parent=5568"}],"wp:term":[{"taxonomy":"category","embeddable":true,"href":"https:\/\/www.galde.eu\/eu\/wp-json\/wp\/v2\/categories?post=5568"},{"taxonomy":"post_tag","embeddable":true,"href":"https:\/\/www.galde.eu\/eu\/wp-json\/wp\/v2\/tags?post=5568"}],"curies":[{"name":"wp","href":"https:\/\/api.w.org\/{rel}","templated":true}]}}