{"id":4460,"date":"2015-04-10T20:00:48","date_gmt":"2015-04-10T18:00:48","guid":{"rendered":"https:\/\/www.galde.eu\/?p=4460"},"modified":"2025-10-23T18:20:53","modified_gmt":"2025-10-23T16:20:53","slug":"numero-09-de-galde-%c2%b7sumario","status":"publish","type":"post","link":"https:\/\/www.galde.eu\/eu\/numero-09-de-galde-%c2%b7sumario\/","title":{"rendered":"N\u00famero 09 de GALDE \u00b7sumario"},"content":{"rendered":"<p><a href=\"https:\/\/www.galde.eu\/wp-content\/uploads\/2015\/03\/galde09portada280x300.jpg\"><img loading=\"lazy\" decoding=\"async\" class=\"size-full wp-image-4462 aligncenter colorbox-4460\" alt=\"galde09portada280x300\" src=\"https:\/\/www.galde.eu\/wp-content\/uploads\/2015\/03\/galde09portada280x300.jpg\" width=\"280\" height=\"398\" data-id=\"4462\" srcset=\"https:\/\/www.galde.eu\/wp-content\/uploads\/2015\/03\/galde09portada280x300.jpg 280w, https:\/\/www.galde.eu\/wp-content\/uploads\/2015\/03\/galde09portada280x300-211x300.jpg 211w\" sizes=\"auto, (max-width: 280px) 100vw, 280px\" \/><\/a><\/p>\n<p><span style=\"font-size: small;\">*<a href=\"https:\/\/issuu.com\/galde.aldizkaria\/docs\/galde09completo\" target=\"_blank\">Ver la revista Galde 09 completa en issuu.com<\/a><\/span><br \/>\n<span style=\"font-size: small;\"> *<a href=\"https:\/\/issuu.com\/galde.aldizkaria\/docs\/galde09dossier\" target=\"_blank\">Ver el Dossier 09 en issuu.com<\/a><\/span><\/p>\n<p><b>ELKARRIZKETA<\/b><\/p>\n<p><strong>04.<\/strong>\u00a0<a href=\"https:\/\/www.galde.eu\/entrevista-a-inigo-lamarca\/\">Entrevista a I\u00f1igo Lamarca<\/a>.\u00a0<a title=\"Manu Gonzalez\" href=\"https:\/\/www.galde.eu\/autores\/manu-gonzalez\/\"><i>Manu Gonz<\/i><i>\u00e1<\/i><i>lez<\/i><\/a><\/p>\n<p><b>BEGIRADAK<\/b><\/p>\n<p><strong>08.<\/strong>\u00a0<a href=\"https:\/\/www.galde.eu\/la-cadena-perpetua-un-pena-infame\/\">La cadena perpetua. Un pena infame<\/a>.\u00a0<a href=\"https:\/\/www.galde.eu\/autores\/julian-rios-martin\/\"><i>Juli<\/i><i>\u00e1<\/i><i>n R<\/i><i>\u00ed<\/i><i>os Mart<\/i><i>\u00ed<\/i><i>n<\/i><\/a><\/p>\n<p><strong>10.<\/strong>\u00a0<a href=\"https:\/\/www.galde.eu\/la-soberania-alimentaria-un-concepto-a-debate\/\">La soberan\u00eda alimentaria, un concepto a debate<\/a>.\u00a0<a href=\"https:\/\/www.galde.eu\/autores\/eduardo-malagon\/\"><i>Eduardo Malag<\/i><i>\u00f3<\/i><i>n<\/i><\/a><\/p>\n<p><strong>12.<\/strong>\u00a0<a href=\"https:\/\/www.galde.eu\/feminismo-neoliberalismo-y-agenda-2015\/\">Feminismo, neoliberalismo y Agenda 2015<\/a>.\u00a0<a href=\"https:\/\/www.galde.eu\/autores\/begona-san-jose\/\"><i>Bego<\/i><i>\u00f1<\/i><i>a S. Jos<\/i><i>\u00e9<\/i><\/a><\/p>\n<p><strong>14<\/strong>.\u00a0<a href=\"https:\/\/www.galde.eu\/el-expolio-de-la-iglesia-la-amnistia-registral\/\">El expolio de la Iglesia: la amnist\u00eda registral<\/a>.\u00a0<a href=\"https:\/\/www.galde.eu\/autores\/begona-alfaro-garcia\/\"><i>Bego<\/i><i>\u00f1<\/i><i>a Alfaro Garc\u00eda<\/i><\/a><\/p>\n<p><strong>16.<\/strong> <i>Dicen: <\/i>Religiones. Podemos. Violencia machista&#8230; <i>K. U.<\/i><\/p>\n<p><strong>18.\u00a0<\/strong><a title=\"\u201cCaricaturas de escupir a nuestra a madre\u2026\u201d\" href=\"https:\/\/www.galde.eu\/caricaturas-de-escupir-a-nuestra-a-madre\/\">&#8220;Caricaturas de escupir a nuestra a madre&#8230;&#8221;<\/a>.\u00a0<a title=\"Sim\u00f3nides\" href=\"https:\/\/www.galde.eu\/autores\/simonides\/\"><i>Simo<\/i><i><\/i><i>nides<\/i><\/a><\/p>\n<p><strong>20.<\/strong><a href=\"https:\/\/www.galde.eu\/ibiltari-baten-egunkaritik-batzuek-beste-batzuek\/\">\u00a0Ibiltari baten egunkaritik<\/a>.<a title=\"Lourdes O\u00f1ederra\" href=\"https:\/\/www.galde.eu\/autores\/lourdes-onederra\/\">\u00a0<i>Lourdes O<\/i><i>\u00f1<\/i><i>ederra<\/i><\/a><\/p>\n<p><a href=\"https:\/\/www.galde.eu\/introduccion-al-dossier-09-ttip\/\"><b>DOSSIER &#8211; TTIP, mucho m<\/b><b>\u00e1<\/b><\/a><b><a href=\"https:\/\/www.galde.eu\/introduccion-al-dossier-09-ttip\/\">s que un tratado comercial<\/a><br \/>\n<\/b>\u00a0 \u00a0 (TTIP <i>Transatlantic Trade and Investment Partnership<\/i><em>\u00a0&#8211; Acuerdo Transatl\u00e1ntico para el Comercio y la Inversi\u00f3n )<\/em><\/p>\n<p><strong>22.\u00a0<\/strong><a href=\"https:\/\/www.galde.eu\/entrevista-a-john-hilary\/\">Entrevista a John Hillary<\/a>.<b>\u00a0<\/b><a title=\"Mikel Zurbano\" href=\"https:\/\/www.galde.eu\/autores\/mikel-zurbano\/\"><i>Mikel Zurbano<\/i><\/a><\/p>\n<p><strong>25.<\/strong>\u00a0<a title=\"\u00bf\u00c1rea de libre comercio o \u00e1rea de impunidad?\" href=\"https:\/\/www.galde.eu\/area-de-libre-comercio-o-area-de-impunidad\/\">\u00bf\u00c1rea de libre comercio o \u00e1rea de impunidad?<\/a>\u00a0<a href=\"https:\/\/www.galde.eu\/autores\/inaki-irazabalbeitia-fernandez\/\">Inaki Irazabalbeitia<\/a>,\u00a0<a href=\"https:\/\/www.galde.eu\/autores\/koldo-unceta\/\">Koldo Unceta<\/a>,\u00a0<a href=\"https:\/\/www.galde.eu\/autores\/manu-gonzalez\/\">Manu Gonzalez<\/a><\/p>\n<p><strong>2 7.<\/strong>\u00a0<a href=\"https:\/\/www.galde.eu\/el-ttip-y-el-retorno-del-primer-estado\/\">El TTIP y el retorno del \u00abPrimer Estado\u00bb<\/a>.\u00a0<a href=\"https:\/\/www.galde.eu\/autores\/alex-guillamon\/\" target=\"_blank\"><i>\u00c0<\/i><i>lex Guillam<\/i><i>\u00f3<\/i><i>n<\/i><\/a><\/p>\n<p><strong>29.<\/strong>\u00a0<a href=\"https:\/\/www.galde.eu\/una-negociacion-con-la-puertas-cerradas\/\">Una negociaci\u00f3n con la puertas cerradas<\/a>.\u00a0<a title=\"Simon McKeagney\" href=\"https:\/\/www.galde.eu\/autores\/simon-mckeagney\/\"><i>Simon McKeagney<\/i><\/a><\/p>\n<p><strong>31.<\/strong>\u00a0<a href=\"https:\/\/www.galde.eu\/consecuencias-ambientales-del-ttip\/\">El secretismo como estrategia<\/a>.\u00a0<a href=\"https:\/\/www.galde.eu\/autores\/concepcion-garcia-herrera\/\"><i>Concepci<\/i><i>\u00f3<\/i><i>n Garc<\/i><i>\u00ed<\/i><i>a Herrera<\/i><\/a><\/p>\n<p><strong>34.<\/strong>\u00a0<a href=\"https:\/\/www.galde.eu\/urrutiko-intxaurrak-hamalau-gerturatu-eta\/\">Urrutiko intxaurrak hamalau, gerturatu eta&#8230;<\/a>\u00a0\u00a0<a title=\"Aiala Elorrieta\" href=\"https:\/\/www.galde.eu\/autores\/aiala-elorrieta\/\"><i>Aiala E lorrieta<\/i><\/a><\/p>\n<p><strong>38.<\/strong>\u00a0<a title=\"El TTIP o las normas jur\u00eddicas al servicio de las empresas transnacionales\" href=\"https:\/\/www.galde.eu\/el-ttip-o-las-normas-juridicas-al-servicio-de-las-empresas-transnacionales\/\">Normas jur\u00eddicas al servicio de las transnacionales<\/a>.\u00a0<em><a title=\"Juan Hern\u00e1ndez Zubizarreta\" href=\"https:\/\/www.galde.eu\/autores\/juan-hernandez-zubizarreta\/\">Juan Hern\u00e1ndez Zubizarreta<\/a>\u00a0y\u00a0<a title=\"Pedro Ramiro\" href=\"https:\/\/www.galde.eu\/autores\/pedro-ramiro\/\">Pedro Ramiro<\/a><\/em><\/p>\n<p><strong>41.<\/strong>\u00a0<a href=\"https:\/\/www.galde.eu\/ttip-no-esta-dicha-la-ultima-palabra-o-como-quitarnos-la-camisa-de-fuerza-neoliberal\">Respuestas sociales al TTIP en Europa. TTIP: no est\u00e1 dicha la \u00faltima palabra o c\u00f3mo quitarnos la camisa de fuerza neoliberal<\/a>.\u00a0<a title=\"Tom Kucharz\" href=\"https:\/\/www.galde.eu\/autores\/tom-kucharz\/\"><i>Tom Kucharz<\/i><\/a><\/p>\n<p><strong>43<\/strong>.\u00a0<a href=\"https:\/\/www.galde.eu\/los-servicios-publicos-en-el-ttip\/\">Los servicios p\u00fablicos en el TTIP<\/a>.\u00a0<a title=\"Patxi Zabalo\" href=\"https:\/\/www.galde.eu\/autores\/patxi-zabalo\/\"><i>Patxi Zabalo<\/i><\/a><\/p>\n<p><strong>46<\/strong>.\u00a0<a href=\"https:\/\/www.galde.eu\/el-ttip-nos-lo-pondra-mas-dificil-a-las-mujeres\/\">El TTIP nos lo pondr\u00e1 m\u00e1s dif\u00edcil a las mujeres<\/a>.\u00a0<a title=\"Clara Murguialday\" href=\"https:\/\/www.galde.eu\/autores\/clara-murguialday-martinez\/\"><i>Clara Murguialday<\/i><\/a><\/p>\n<p><strong>48<\/strong>.\u00a0<a href=\"https:\/\/www.galde.eu\/libros-para-el-dossier-galde-09\">Libros para el dossier 09<\/a>.<\/p>\n<p><strong>CAPITALISMO<\/strong><\/p>\n<p><strong>49<\/strong>.\u00a0<a title=\"Capitalismo \u00bfTarjeta roja o amarilla?\" href=\"https:\/\/www.galde.eu\/capitalismo-tarjeta-roja-o-amarilla\/\">Capitalismo. \u00bfTarjeta roja o amarilla?<\/a>\u00a0<a href=\"https:\/\/www.galde.eu\/autores\/kepa-bilbao\/\"><i>Kepa Bilbao<\/i><\/a><\/p>\n<p><b>MUNDUAN ZEHAR- INTERNACIONAL<\/b><\/p>\n<p><strong>52<\/strong>.<a href=\"https:\/\/www.galde.eu\/la-nueva-victoria-de-syriza-en-grecia-esperanzas-y-limites\/\">\u00a0La nueva victoria de Syriza en Grecia. Esperanzas y l\u00edmites<\/a><i>.\u00a0<a href=\"https:\/\/www.galde.eu\/autores\/vasilis-margaras\/\">Vasilis Margaras<\/a><\/i><\/p>\n<p><strong>54.<\/strong>\u00a0<a href=\"https:\/\/www.galde.eu\/un-mapa-politico-revuelto-e-inquietante\/\">Elecciones en El Salvador. Un mapa pol\u00edtico revuelto e inquietante<\/a>.\u00a0<a title=\"Iosu Perales\" href=\"https:\/\/www.galde.eu\/autores\/iosu-perales-arretxe\/\"><i>Iosu Perales<\/i><\/a><\/p>\n<p><strong>56.<\/strong>\u00a0<a href=\"https:\/\/www.galde.eu\/sahara-hassanna-ekintzaile-politiko-bat-delako\/\">Sahara: Hassanna ekintzaile politiko bat delako.<\/a><\/p>\n<p><b>OCKHAMEN LABANA<\/b><\/p>\n<p><strong>57.<\/strong> <a title=\"Ockhamen labana. Neandertalak inozoak? Bai zera!\" href=\"https:\/\/www.galde.eu\/neandertalak-inozoak-bai-zera\/\">Neardentalak inozoak? Baizera!<\/a> <a title=\"Inaki Irazabalbeitia\" href=\"https:\/\/www.galde.eu\/autores\/inaki-irazabalbeitia-fernandez\/\"><i>Inaki Irazabalbeitia<\/i><\/a><\/p>\n<p><b>IKUSMIRA<\/b><\/p>\n<p><strong>58.<\/strong>\u00a0<a title=\"Ikusmira. \u201cEl instante decisivo\u201d\" href=\"https:\/\/www.galde.eu\/ikusmira-el-instante-decisivo\/\">El instante decisivo<\/a>.<a href=\"https:\/\/www.galde.eu\/autores\/inaki-andres\/\">\u00a0<i>I<\/i><i>\u00f1<\/i><i>aki Andr<\/i><i>\u00e9<\/i><i>s<\/i><\/a><\/p>\n<p><b>KULTURA<\/b><\/p>\n<p><strong>60.<\/strong>\u00a0<a href=\"https:\/\/www.galde.eu\/periskopioa-lo-viejo-y-lo-nuevo\/\">Periskopioa. Lo viejo y lo nuevo<\/a>.\u00a0<a title=\"Jas\u00f3n &amp; Argonautas\" href=\"https:\/\/www.galde.eu\/autores\/jason-argonautas\/\"><i>Jason &amp; Argonautas<\/i><\/a><\/p>\n<p><b>LIBURU-AIPAMENAK<\/b><\/p>\n<p><strong>62.\u00a0<\/strong><a href=\"https:\/\/www.galde.eu\/a-la-democracia-por-el-convenio\/\">A la democracia por el convenio.\u00a0Rese\u00f1a del libro de \u00c1ngeles Barrio Alonso,\u00a0<\/a><i><a href=\"https:\/\/www.galde.eu\/a-la-democracia-por-el-convenio\/\">Por la raz\u00f3n y el derecho<\/a><a href=\"http:\/\/www.editorialcomares.com\/TV\/articulo\/2869-Por_la_razon_y_el_derecho.html\" target=\"_blank\">.<\/a><\/i>\u00a0<a title=\"Antonio Rivera\" href=\"https:\/\/www.galde.eu\/autores\/antonio-rivera\/\"><i>Antonio Rivera<\/i><\/a><\/p>\n<p><strong>63<\/strong>. <a href=\"https:\/\/www.galde.eu\/euskaltasunaren-norabideez-apunte-kitzikagarriak\/\">Hiztunpolisa. Jon Sarasua<\/a>. <a title=\"Inaki Irazabalbeitia\" href=\"https:\/\/www.galde.eu\/autores\/inaki-irazabalbeitia-fernandez\/\"><i>Inaki Irazabalbeitia<\/i><\/a><\/p>\n<p><strong>64.<\/strong>\u00a0<a href=\"https:\/\/www.galde.eu\/berlinale-2015-5-pelikula-aipagarri\/\">Berlinale-2015: 5 pelikula aipagarri<\/a>.\u00a0<a href=\"https:\/\/www.galde.eu\/autores\/himar-bethencourt-reyes\/\"><i>Himar Bethencourt Reyes<\/i><\/a><\/p>\n<p><b>HAU GENDE HAU<\/b><\/p>\n<p><strong>66.<\/strong>\u00a0<a href=\"https:\/\/www.galde.eu\/pablo-iglesias-entre-lenin-y-marx-y-viceversa\/\">Pablo Iglesias entre Lenin y Marx<\/a>.\u00a0<a title=\"Enrique Bethencourt\" href=\"https:\/\/www.galde.eu\/autores\/enrique-bethencourt\/\"><i>Enrique Bethencourt<\/i><\/a><\/p>\n<p><strong>67<\/strong>.\u00a0<a href=\"https:\/\/www.galde.eu\/harpidetzasuscripcion\/\">Harpidetza\/Suscripci\u00f3n<\/a><\/p>\n<p>&#8212;&#8211;<\/p>\n<p><strong>Editorial Galde 09, invierno 2015<\/strong><\/p>\n<p style=\"text-align: left;\" align=\"right\">Aurrera goaz Galde-rekin: 9. alea dugu oraingo hau.\u00a0Berriro atalak betiko hurrenkeran: elkarrizketa,\u00a0egungo gaiei buruzko gogoeta-artikuluak, gai monografiko baten inguruko txostena, nazioarteko egoerari\u00a0begiratua, kultur orrialdeak, ekarpen finkoak, erreseinak.<\/p>\n<p style=\"text-align: left;\" align=\"right\">El entrevistado esta vez es \u00cd\u00f1igo Lamarca, quien deja la instituci\u00f3n del Ararteko tras dos intensos mandatos en los que ha vivido acontecimientos tan destacados como el estallido de la crisis o el fin de la actividad armada de ETA. Si entre los temas de actualidad no pod\u00edan faltar, entre otros, la re\u00adferencia a la inclusi\u00f3n en el nuevo C\u00f3digo Penal de la pena de prisi\u00f3n permanente revisable (vulgo cadena perpetua) o al bru\u00adtal atentado contra el semanario sat\u00edrico franc\u00e9s\u00a0<a href=\"http:\/\/charliehebdo.fr\/es\" target=\"_blank\"><i>Charlie Heb<\/i><\/a><i><a href=\"http:\/\/charliehebdo.fr\/es\" target=\"_blank\">d<\/a>o<\/i><i>, <\/i>en las p\u00e1ginas de \u00abInternacional\u00bb, tambi\u00e9n entre otras cuestiones, parec\u00eda obligada la reflexi\u00f3n sobre Grecia, pues el \u00e9xito electoral de Syriza ha sacudido los cimientos de la pol\u00edtica europea y ha cuestionado abiertamente el dogma de la austeridad. En el dossier se aborda un tema de una enorme trascendencia, pero que sin embargo todav\u00eda no ha superado, al menos en nuestro pa\u00eds, el \u00e1mbito de los sectores m\u00e1s con\u00adcienciados: la pretensi\u00f3n de establecer un Acuerdo Transatl\u00e1n\u00adtico sobre Comercio e Inversi\u00f3n (TTIP en sus siglas inglesas) que, en palabras de los coordinadores del dossier, \u00abno supone el establecimiento de una zona de libre comercio, sino la crea\u00adci\u00f3n -con el aval de las instituciones- de un \u00e1rea de impuni\u00addad para la actuaci\u00f3n de las grandes empresas\u00bb. Ah\u00ed es nada. Confiamos en que este dossier, junto con otros materiales, contribuya a difundir y sacar m\u00e1s a la luz un asunto en el que est\u00e1 en juego nada m\u00e1s y nada menos que la defensa de lo p\u00fablico, de los derechos sociales y de una econom\u00eda m\u00e1s atenta al bienestar general que a la hegemon\u00eda del mercado y la ren\u00adtabilidad de las grandes corporaciones transnacionales.<\/p>\n<p style=\"text-align: left;\">Memoria hauskorra izan ohi da eta berehalako erantzuna-ren beroaldia pasata gauzak ahaztu-edo egiten dira. Galde-ren aurreko alea urtarrilaren 7an atera eta segituan, <i>Charlie <\/i><i>Hebdoren <\/i>kontrako atentatua gertatu zen Parisen. Aldizkari bezainbatean ezin izan dugu lehenago jarri paperean, baina orain diogu: <i>Je suis Charlie.<\/i><\/p>\n<p style=\"text-align: left;\">\n<p><\/p>","protected":false},"excerpt":{"rendered":"<p>Galde 09, negua-invierno 2015. En esta novena entrega de Galde el entrevistado es \u00cd\u00f1igo Lamarca, quien deja la instituci\u00f3n del Ararteko (Defensor del Pueblo). Entre los temas de actualidad: la re\u00adferencia a la inclusi\u00f3n en el nuevo C\u00f3digo Penal de la pena de prisi\u00f3n permanente revisable o el brutal atentado contra el semanario sat\u00edrico franc\u00e9s [&hellip;]<\/p>\n","protected":false},"author":2,"featured_media":4461,"comment_status":"closed","ping_status":"closed","sticky":false,"template":"","format":"standard","meta":{"footnotes":""},"categories":[61,60],"tags":[96,97],"class_list":["post-4460","post","type-post","status-publish","format-standard","has-post-thumbnail","hentry","category-indicedossier","category-indicerevistas","tag-sumario-indice","tag-ttip","revista-galde-9"],"_links":{"self":[{"href":"https:\/\/www.galde.eu\/eu\/wp-json\/wp\/v2\/posts\/4460","targetHints":{"allow":["GET"]}}],"collection":[{"href":"https:\/\/www.galde.eu\/eu\/wp-json\/wp\/v2\/posts"}],"about":[{"href":"https:\/\/www.galde.eu\/eu\/wp-json\/wp\/v2\/types\/post"}],"author":[{"embeddable":true,"href":"https:\/\/www.galde.eu\/eu\/wp-json\/wp\/v2\/users\/2"}],"replies":[{"embeddable":true,"href":"https:\/\/www.galde.eu\/eu\/wp-json\/wp\/v2\/comments?post=4460"}],"version-history":[{"count":1,"href":"https:\/\/www.galde.eu\/eu\/wp-json\/wp\/v2\/posts\/4460\/revisions"}],"predecessor-version":[{"id":18633,"href":"https:\/\/www.galde.eu\/eu\/wp-json\/wp\/v2\/posts\/4460\/revisions\/18633"}],"wp:featuredmedia":[{"embeddable":true,"href":"https:\/\/www.galde.eu\/eu\/wp-json\/wp\/v2\/media\/4461"}],"wp:attachment":[{"href":"https:\/\/www.galde.eu\/eu\/wp-json\/wp\/v2\/media?parent=4460"}],"wp:term":[{"taxonomy":"category","embeddable":true,"href":"https:\/\/www.galde.eu\/eu\/wp-json\/wp\/v2\/categories?post=4460"},{"taxonomy":"post_tag","embeddable":true,"href":"https:\/\/www.galde.eu\/eu\/wp-json\/wp\/v2\/tags?post=4460"}],"curies":[{"name":"wp","href":"https:\/\/api.w.org\/{rel}","templated":true}]}}