{"id":4374,"date":"2014-12-20T19:24:31","date_gmt":"2014-12-20T18:24:31","guid":{"rendered":"https:\/\/www.galde.eu\/?p=4374"},"modified":"2025-10-23T18:19:21","modified_gmt":"2025-10-23T16:19:21","slug":"ramiro-pinilla-dos-vidas-literarias","status":"publish","type":"post","link":"https:\/\/www.galde.eu\/eu\/ramiro-pinilla-dos-vidas-literarias\/","title":{"rendered":"Ramiro Pinilla: Dos vidas literarias"},"content":{"rendered":"<p><\/p>\n<p style=\"text-align: center;\"><a href=\"https:\/\/www.galde.eu\/wp-content\/uploads\/2015\/01\/PinillLir800.jpg\"><img loading=\"lazy\" decoding=\"async\" class=\"aligncenter  wp-image-4377 colorbox-4374\" alt=\"PinillLir800\" src=\"https:\/\/www.galde.eu\/wp-content\/uploads\/2015\/01\/PinillLir800.jpg\" width=\"480\" height=\"240\" data-id=\"4377\" srcset=\"https:\/\/www.galde.eu\/wp-content\/uploads\/2015\/01\/PinillLir800.jpg 800w, https:\/\/www.galde.eu\/wp-content\/uploads\/2015\/01\/PinillLir800-300x150.jpg 300w\" sizes=\"auto, (max-width: 480px) 100vw, 480px\" \/><\/a><\/p>\n<p>Josu Cepeda (Galde 08, oto\u00f1o 2014). Adem\u00e1s de un ser humano de una integridad excepcional, Ramiro Pinilla ha sido uno de los grandes escritores de la literatura espa\u00f1ola contempor\u00e1nea. Nacido en Bilbao en 1923, logra su primer \u00e9xito literario al obtener el Premio Nadal en 1960 con su novela <i>Las ciegas hormigas<\/i>, una historia de personajes al l\u00edmite que se debaten en la dura posguerra entre sus sentimientos y el instinto animal de supervivencia.<\/p>\n<p>Tras estos inicios, durante m\u00e1s de treinta a\u00f1os decide salir de los circuitos comerciales y autoeditar su obra, vendi\u00e9ndola a precio de coste. De su producci\u00f3n de esta \u00e9poca destaca <i>Antonio B el Rojo (<\/i>o<i> el Ruso,<\/i>seg\u00fan las ediciones<i>), ciudadano de tercera.<\/i> Se trata de una historia real dur\u00edsima de odios y revanchas de posguerra protagonizada por un hombre golpeado por la miseria que no est\u00e1 dispuesto a someterse a la represi\u00f3n y la humillaci\u00f3n.<\/p>\n<p>En 2004-2005 Ramiro Pinilla \u201cresucita\u201d para el mercado editorial publicando su trilog\u00eda <i>Verdes valles, colinas rojas<\/i>, con la que es reconocido con los premios Euskadi, de la Cr\u00edtica y el Nacional de Narrativa. En tres grandes novelas relata los cambios econ\u00f3micos, sociales y pol\u00edticos de la sociedad vizca\u00edna desde finales del siglo XIX a nuestros d\u00edas por medio de la rivalidad de dos familias, encarnaci\u00f3n de la lucha entre los valores conservadores tradicionales y los deseos de transformaci\u00f3n social.<\/p>\n<p><i>La higuera<\/i> (2006), una historia sobre el peso del pasado y de la culpa, sobre la memoria de los cr\u00edmenes de la guerra, junto con <i>Los cuentos<\/i> (2011)<i>,<\/i> recopilaci\u00f3n de sus relatos breves, cerrar\u00edan una bibliograf\u00eda esencial de Ramiro Pinilla.<\/p>\n<p>El homenaje que m\u00e1s apreciaba Ramiro es que se leyese su obra.<\/p>\n<p><strong>Bibliograf\u00eda esencial<\/strong><\/p>\n<p><i>Las ciegas hormigas<\/i> (1960). Premio Nadal<\/p>\n<p><i>Antonio B el Rojo (<\/i>o<i> el Ruso,<\/i>seg\u00fan las ediciones<i>), ciudadano de tercera.<\/i>(1977)<\/p>\n<p><i>Verdes valles, colinas rojas.<\/i> 2004-2005. Trilog\u00eda compuesta por <i>La tierra convulsa, Los cuerpos desnudos y Las cenizas del hierro<\/i>. Premios Euskadi, de la Cr\u00edtica y Nacional de Narrativa.<\/p>\n<p><i>La higuera<\/i>. 2006<\/p>\n<p><i>Los cuentos<\/i>. (2011). Recopilaci\u00f3n de relatos breves.<\/p>\n<p><strong>M\u00e1s informaci\u00f3n en este Galde 08:\u00a0<a href=\"https:\/\/www.galde.eu\/ramiro-pinilla\/\">Ramiro Pinilla<\/a><\/strong><\/p>","protected":false},"excerpt":{"rendered":"<p>Josu Cepeda (Galde 08, oto\u00f1o 2014). Adem\u00e1s de un ser humano de una integridad excepcional, Ramiro Pinilla ha sido uno de los grandes escritores de la literatura espa\u00f1ola contempor\u00e1nea. Nacido en Bilbao en 1923, logra su primer \u00e9xito literario al obtener el Premio Nadal en 1960 con su novela Las ciegas hormigas, una historia de [&hellip;]<\/p>\n","protected":false},"author":2,"featured_media":4376,"comment_status":"closed","ping_status":"closed","sticky":false,"template":"","format":"standard","meta":{"footnotes":""},"categories":[3,64,12,5],"tags":[],"class_list":["post-4374","post","type-post","status-publish","format-standard","has-post-thumbnail","hentry","category-cultura","category-libros","category-miradas","category-politica","revista-galde-8"],"_links":{"self":[{"href":"https:\/\/www.galde.eu\/eu\/wp-json\/wp\/v2\/posts\/4374","targetHints":{"allow":["GET"]}}],"collection":[{"href":"https:\/\/www.galde.eu\/eu\/wp-json\/wp\/v2\/posts"}],"about":[{"href":"https:\/\/www.galde.eu\/eu\/wp-json\/wp\/v2\/types\/post"}],"author":[{"embeddable":true,"href":"https:\/\/www.galde.eu\/eu\/wp-json\/wp\/v2\/users\/2"}],"replies":[{"embeddable":true,"href":"https:\/\/www.galde.eu\/eu\/wp-json\/wp\/v2\/comments?post=4374"}],"version-history":[{"count":1,"href":"https:\/\/www.galde.eu\/eu\/wp-json\/wp\/v2\/posts\/4374\/revisions"}],"predecessor-version":[{"id":18988,"href":"https:\/\/www.galde.eu\/eu\/wp-json\/wp\/v2\/posts\/4374\/revisions\/18988"}],"wp:featuredmedia":[{"embeddable":true,"href":"https:\/\/www.galde.eu\/eu\/wp-json\/wp\/v2\/media\/4376"}],"wp:attachment":[{"href":"https:\/\/www.galde.eu\/eu\/wp-json\/wp\/v2\/media?parent=4374"}],"wp:term":[{"taxonomy":"category","embeddable":true,"href":"https:\/\/www.galde.eu\/eu\/wp-json\/wp\/v2\/categories?post=4374"},{"taxonomy":"post_tag","embeddable":true,"href":"https:\/\/www.galde.eu\/eu\/wp-json\/wp\/v2\/tags?post=4374"}],"curies":[{"name":"wp","href":"https:\/\/api.w.org\/{rel}","templated":true}]}}