{"id":4200,"date":"2014-12-20T19:37:19","date_gmt":"2014-12-20T18:37:19","guid":{"rendered":"https:\/\/www.galde.eu\/?p=4200"},"modified":"2025-10-23T18:19:21","modified_gmt":"2025-10-23T16:19:21","slug":"mas-preguntas-que-respuestas-sobre-el-estado-islamico-ei","status":"publish","type":"post","link":"https:\/\/www.galde.eu\/eu\/mas-preguntas-que-respuestas-sobre-el-estado-islamico-ei\/","title":{"rendered":"M\u00e1s preguntas que respuestas sobre el Estado Isl\u00e1mico (EI)"},"content":{"rendered":"<p><\/p>\n<p style=\"text-align: center;\"><a href=\"https:\/\/www.galde.eu\/wp-content\/uploads\/2014\/12\/EIslamicstateBandera.jpg\"><img loading=\"lazy\" decoding=\"async\" class=\" wp-image-4203 aligncenter colorbox-4200\" alt=\"EIslamicstateBandera\" src=\"https:\/\/www.galde.eu\/wp-content\/uploads\/2014\/12\/EIslamicstateBandera.jpg\" width=\"480\" height=\"270\" data-id=\"4203\" srcset=\"https:\/\/www.galde.eu\/wp-content\/uploads\/2014\/12\/EIslamicstateBandera.jpg 800w, https:\/\/www.galde.eu\/wp-content\/uploads\/2014\/12\/EIslamicstateBandera-300x168.jpg 300w\" sizes=\"auto, (max-width: 480px) 100vw, 480px\" \/><\/a><\/p>\n<p>V\u00edctor S. Pozas, (Galde 08, oto\u00f1o 2014).\u00a0Siguen acumul\u00e1ndose los interrogantes sobre el Estado Isl\u00e1mico (EI), la organizaci\u00f3n islamista radicalsunita que en menos de un a\u00f1o ha hecho saltar por los aires literalmente algunas de las las fronteras impuestas por el Reino Unido y Francia en Oriente Medio despu\u00e9s de la 1\u00aa Guerra Mundial, ha puesto en jaque tanto a los gobiernos de la zona, al de Irak especialmente, como a los gobiernos occidentales liderados por Estados Unidos, ha ocupado militarmente una vasta regi\u00f3n de Irak y Siria, se ha apoderado de tres de las mayores ciudades irak\u00edes, -Mosul, Fallujah y Tikrit- y se ha constituido como un Estado, como un nuevo Califato, con capital incluida, en la ciudad de Racca en Siria.<\/p>\n<p>\u00bfDe d\u00f3nde ha salido esta organizaci\u00f3n, cuyas actuaciones incluso Al Qaeda las ha tildado de contrarias a los intereses musulmanes por su radicalidad extrema, hasta el punto de haberse roto la vinculaci\u00f3n que hab\u00eda entre ambos grupos desde 2004? <a class=\"simple-footnote\" title=\"El nombre inicial del Estado Isl\u00e1mico fue AQI (Al Qaeda en Irak). Posteriormente se ha denominado ISI,(Estado Isl\u00e1mico en Irak), ISIS\/ISIL (Estado Isl\u00e1mico en Irak y Levante (Siria). Y desde 2014 solamente IS\/EI (Estado Isl\u00e1mico).\" id=\"return-note-4200-14\" href=\"#note-4200-14\"><sup>14<\/sup><\/a>. \u00bfTiene el Estado Isl\u00e1mico el apoyo de alg\u00fan gobierno del \u00e1rea? \u00bfC\u00f3mo se financia su ej\u00e9rcito, cuyo n\u00famero de combatientes oscila entre 31.000 \u2013 cifras de la CIA- o 200.000 \u2013 cifras de la resistencia kurda? <a class=\"simple-footnote\" title=\"http:\/\/www.independent.co.uk\/news\/world\/middle-east\/war-with-isis-islamic-militants-have-army-of-200000-claims-kurdish-leader-9863418.html#\" id=\"return-note-4200-15\" href=\"#note-4200-15\"><sup>15<\/sup><\/a> \u00bfHay una estrategia definida por parte del gobierno de EEUU para hacer frente al EI, que ha derrotado de forma humillante en Irak al ej\u00e9rcito entrenado y armado por el propio EEUU? \u00bfPor qu\u00e9 el EI tiene un atractivo tan fuerte sobre miles de j\u00f3venes musulmanes de todo el mundo y tambi\u00e9n del mundo occidental? \u00bfPor qu\u00e9 el EI muestra a trav\u00e9s de internet -despiadadamente y con orgullo- sus actuaciones m\u00e1s violentas y crueles, fusilamientos masivos, ejecuciones indiscriminadas, degollamientos\u2026? Estas son algunas de las preguntas a las que me acercar\u00e9, sin pretender encontrar respuestas acabadas.\u00a0Dif\u00edcilmente se pueden dar respuestas acabadas, cuando el propio presidente Obama reconoc\u00eda sin ambages el pasado 28 de agosto que\u00a0<i>\u201ca\u00fan no tenemos una estrategia\u201d<\/i>\u00a0para hacer frente al EI  <a class=\"simple-footnote\" title=\"http:\/\/edition.cnn.com\/2014\/08\/28\/world\/meast\/isis-iraq-syria\/\" id=\"return-note-4200-16\" href=\"#note-4200-16\"><sup>16<\/sup><\/a>.<\/p>\n<p style=\"text-align: center;\"><a href=\"https:\/\/www.galde.eu\/wp-content\/uploads\/2014\/12\/EstadoIslamico.jpg\"><img loading=\"lazy\" decoding=\"async\" class=\"aligncenter  wp-image-4290 colorbox-4200\" alt=\"EstadoIslamico\" src=\"https:\/\/www.galde.eu\/wp-content\/uploads\/2014\/12\/EstadoIslamico.jpg\" width=\"480\" height=\"331\" data-id=\"4290\" srcset=\"https:\/\/www.galde.eu\/wp-content\/uploads\/2014\/12\/EstadoIslamico.jpg 800w, https:\/\/www.galde.eu\/wp-content\/uploads\/2014\/12\/EstadoIslamico-300x207.jpg 300w\" sizes=\"auto, (max-width: 480px) 100vw, 480px\" \/><\/a><\/p>\n<p>La mayor\u00eda de los congresistas del Partido Republicano, algunos l\u00edderes del Partido Dem\u00f3crata, ex altos funcionarios del propio gobierno Obama y un nutrido grupo de periodistas y comentaristas reconocidos acusan al presidente Obama de ser responsable tanto de la existencia como de los \u00e9xitos del EI, por haber retirado demasiado pronto las tropas de Irak y por no haber armado a los grupos rebeldes \u201cmoderados\u201d en Siria.<\/p>\n<p>Se olvidan estos sectores de algunos hechos perfectamente comprobables. El Estado Isl\u00e1mico surge en Irak en 2004, como una de las respuestas insurgentes a la invasi\u00f3n norteamericana en las \u00e1reas sunitas. Sin la ocupaci\u00f3n de Irak por Estados Unidos, el EI realmente no existir\u00eda. Las c\u00e1rceles norteamericanas en Irak \u2013 solamente por una de ellas, Camp Bucca, pasaron m\u00e1s de 100.000 prisioneros entre 2003 y 2009 <a class=\"simple-footnote\" title=\"http:\/\/www.nytimes.com\/2014\/10\/02\/opinion\/how-america-helped-isis.html?_r=0\" id=\"return-note-4200-17\" href=\"#note-4200-17\"><sup>17<\/sup><\/a>&#8211; fueron el espacio de donde surgieron los principales dirigentes actuales del EI. As\u00ed lo reconoce Abu Ahmed, miembro destacado del EI, al peri\u00f3dico brit\u00e1nico The Guardian:\u00a0<i>\u201cSi no hubiera habido c\u00e1rceles estadounidenses en Irak, no existir\u00eda ahora el Estado Isl\u00e1mico. Bucca fue nuestra f\u00e1brica. Nos hizo a todos&#8230; Forj\u00f3 nuestra ideolog\u00eda\u2026 Era el perfecto ambiente\u2026 Todos nos pusimos de acuerdo en juntarnos, cuando sali\u00e9ramos libres\u2026 En 2009 miles de nosotros volvimos a hacer lo que antes hab\u00edamos hecho, pero esta vez lo hemos hecho mucho mejor<\/i>\u201d <a class=\"simple-footnote\" title=\"http:\/\/www.theguardian.com\/world\/2014\/dec\/11\/-sp-isis-the-inside-story\" id=\"return-note-4200-18\" href=\"#note-4200-18\"><sup>18<\/sup><\/a>.<\/p>\n<p>The Guardian recoge una estimaci\u00f3n del actual gobierno iraqu\u00ed, seg\u00fan la cual 17 de los 25 l\u00edderes m\u00e1s importantes del EI estuvieron detenidos en las c\u00e1rceles del ej\u00e9rcito de EEUU. Y en la c\u00e1rcel de Camp Bucca se fragu\u00f3 el comienzo de la alianza entre los dirigentes del grupo originario AQI, (entre ellos su actual l\u00edder Al Bagdadi) y destacados ex oficiales del ej\u00e9rcito desmantelado de Saddam Hussein, algunos de los cuales se encuentran hoy en la direcci\u00f3n del EI <a class=\"simple-footnote\" title=\"http:\/\/www.theguardian.com\/world\/2014\/dec\/11\/-sp-isis-the-inside-story\" id=\"return-note-4200-19\" href=\"#note-4200-19\"><sup>19<\/sup><\/a>.<\/p>\n<p style=\"text-align: center;\"><a href=\"https:\/\/www.galde.eu\/wp-content\/uploads\/2014\/12\/EEEEisis-blog-isis-territory-blog480.jpg\"><img loading=\"lazy\" decoding=\"async\" class=\"aligncenter colorbox-4200\" alt=\"EEEEisis-blog-isis-territory-blog480\" src=\"https:\/\/www.galde.eu\/wp-content\/uploads\/2014\/12\/EEEEisis-blog-isis-territory-blog480.jpg\" width=\"480\" height=\"364\" data-id=\"4220\" \/><\/a><\/p>\n<p><b>La guerra de Siria<\/b><\/p>\n<p>La revuelta de Siria contra el r\u00e9gimen de Al Assad ha sido la oportunidad para que el EI borrara la frontera entre Irak y Siria y extendiera sus operaciones contra el r\u00e9gimen sirio, aprovechando la presencia de poblaci\u00f3n sunita a ambos lados de la frontera y el hecho de que la guerra civil siria se ha convertido en un enfrentamiento entre el gobierno, vinculado a la confesi\u00f3n alauita\/chiita del islam, y los grupos rebeldes mayoritariamente sunitas. El Estado Isl\u00e1mico ha terminado imponiendo su hegemon\u00eda sobre estos grupos tras dur\u00edsimos enfrentamientos armados y controla en la actualidad todo el este de Siria.<\/p>\n<p>Su mejor organizaci\u00f3n y la experiencia militar adquirida en Irak, su radicalidad extrema en la concepci\u00f3n y pr\u00e1ctica del Islam, sus actuaciones implacables y despiadadas contra sus adversarios, especialmente contra los chiitas, un fuerte apoyo militar y financiero por parte de algunos gobiernos sunitas del \u00e1rea, como Arabia Saud\u00ed, Emiratos \u00c1rabes y Turqu\u00eda -que mantienen una estrategia global de disputa de la hegemonia en Oriente Medio con los gobiernos chiitas de Iran, Irak y Siria- son algunos de los factores que pueden en parte explicar el \u00e9xito del EI.<\/p>\n<p>Son los propios dirigentes norteamericanos quienes destacan las capacidades del EI y el apoyo internacional que esta organizaci\u00f3n ha recibido. Chuck Hagel, secretario de Defensa de Obama hasta noviembre de 2014, reconoc\u00eda lo siguiente pocos d\u00edas antes de ser cesado:\u00a0<i>\u201cHe hablado de amenazas asim\u00e9tricas. Me refiero a la sofisticaci\u00f3n de ISIL (Estado Isl\u00e1mico). Nunca hab\u00edamos encontrado una organizaci\u00f3n tan bien estructurada, entrenada y financiada como ISIL, con un planteamiento tan estrat\u00e9gico, una organizaci\u00f3n tan brutal y despiadada\u2026La sofisticaci\u00f3n de su programa de medios sociales es algo que no hab\u00edamos visto hasta ahora. Mezclas todo eso y nos encontramos con una amenaza incre\u00edblemente poderosa\u201d<\/i> <a class=\"simple-footnote\" title=\"http:\/\/www.defense.gov\/transcripts\/transcript.aspx?transcriptid=5544\" id=\"return-note-4200-20\" href=\"#note-4200-20\"><sup>20<\/sup><\/a><i>.<\/i><\/p>\n<p>M\u00e1s rotundas a\u00fan son las palabras de vicepresidente de EEUU, Joe Biden, al explicar con suma tranquilidad en una conferencia en la Universidad de Harvard, a principios del pasado octubre, el origen de las finanzas y del poder militar de los grupos islamistas que combaten al r\u00e9gimen sirio de Al Assad (y entre ellos el m\u00e1s poderoso con diferencia es el Estado Isl\u00e1mico).<\/p>\n<p>\u201c<i>Nuestros aliados en la regi\u00f3n han sido nuestro mayor problema en Siria&#8221;,<\/i>\u00a0se\u00f1alaba Biden:\u00a0<i>\u201dLos turcos han sido grandes amigos, y yo he tenido una gran relaci\u00f3n con el presidente Erdogan\u2026 con los Saud\u00edes, con los Emiratos, etc&#8230; \u00bfY qu\u00e9 han estado haciendo? Estaban tan decididos a derribar (al presidente siro) Assad\u2026 esencialmente tienen una guerra de los sunitas contra los chiitas\u2026 \u00bfY qu\u00e9 han hecho? Han entregado cientos de millones de d\u00f3lares y decenas de miles de toneladas de armas a todos los que luchaban contra Assad, sin tener en cuenta que la gente a la que se entregaban\u00a0<\/i>(el dinero y las armas)<i>\u00a0<\/i><i>eran al-Nusra y Al Qaeda y los elementos extremistas de los yijadistas que llegaban de otras partes del mundo\u2026 El presidente Erdogan me dijo: Tienes raz\u00f3n, hemos permitido pasar a mucha gente por nuestro territorio. Ahora estamos intentando bloquear la frontera.\u201d<\/i> <a class=\"simple-footnote\" title=\"https:\/\/www.youtube.com\/watch?v=w04YE5zRmc8#t=75\" id=\"return-note-4200-21\" href=\"#note-4200-21\"><sup>21<\/sup><\/a><i>.<\/i><\/p>\n<p style=\"text-align: center;\"><a href=\"https:\/\/www.galde.eu\/wp-content\/uploads\/2014\/12\/Eiraq-isisULT.jpg\"><img loading=\"lazy\" decoding=\"async\" class=\"wp-image-4219 aligncenter colorbox-4200\" alt=\"Eiraq-isisULT\" src=\"https:\/\/www.galde.eu\/wp-content\/uploads\/2014\/12\/Eiraq-isisULT.jpg\" width=\"480\" height=\"523\" data-id=\"4219\" srcset=\"https:\/\/www.galde.eu\/wp-content\/uploads\/2014\/12\/Eiraq-isisULT.jpg 800w, https:\/\/www.galde.eu\/wp-content\/uploads\/2014\/12\/Eiraq-isisULT-275x300.jpg 275w\" sizes=\"auto, (max-width: 480px) 100vw, 480px\" \/><\/a><\/p>\n<p><b>Progresiva definici\u00f3n de la estrategia<\/b><\/p>\n<p>A pesar de la afirmaci\u00f3n de Obama de no tener definida la estrategia contra el EI a finales de agosto, el gobierno de EEUU ha establecido dos l\u00edneas de actuaci\u00f3n en el conflicto actual. Por un lado ha enviado a cerca de 3000 soldados para asesorar a las tropas iraqu\u00edes en su esperado contraataque contra el EI y por otro aviones estadunidenses bombardean algunas posiciones del EI desde junio. A estas operaciones a\u00e9reas se han sumado Gran Breta\u00f1a, Francia, Italia, Dinamarca, B\u00e9lgica, Holanda, Canad\u00e1 y Australia.<\/p>\n<p>Ir\u00e1n, especialmente interesado en detener los avances del EI, tambi\u00e9n est\u00e1 colaborando con el gobierno de Irak de forma independiente, con el env\u00edo de asesores militares y con el bombardeo de posiciones del EI en Irak.<\/p>\n<p>Este alarde de bombardeos no ha impedido que sigan plante\u00e1ndose preguntas y cr\u00edticas sobre su eficacia y sobre la falta de resoluci\u00f3n en \u00e1reas concretas. \u00bfPor qu\u00e9 una coalici\u00f3n \u201ctan poderosa\u201d tard\u00f3 varias semanas en acudir en ayuda de la resistencia kurda, sitiada en la ciudad siria de Kobani, fronteriza con Turqu\u00eda? \u00bfPor qu\u00e9 no ha sido capaz de romper el cerco? \u00bfY por qu\u00e9 no es capaz de detener el contrabando de petr\u00f3leo que el EI realiza a trav\u00e9s de la frontera turca <a class=\"simple-footnote\" title=\"http:\/\/www.ft.com\/intl\/cms\/s\/0\/6c269c4e-5ace-11e4-b449-00144feab7de.html#axzz3LyThBMB8\" id=\"return-note-4200-22\" href=\"#note-4200-22\"><sup>22<\/sup><\/a>, y del que obtiene entre uno y tres millones de euros diariamente?<\/p>\n<p>\u00bfFalta de capacidad o falta de voluntad? En el caso de Kobani, el secretario de Estado Kerry anticip\u00f3 una respuesta sugerente:\u00a0<i>\u201cKonani no define la estrategia de la coalici\u00f3n respecto al EI<\/i>\u201d <a class=\"simple-footnote\" title=\"http:\/\/www.aljazeera.com\/news\/middleeast\/2014\/10\/kerry-saving-kobane-not-part-strategy-2014101223481559892.html\" id=\"return-note-4200-23\" href=\"#note-4200-23\"><sup>23<\/sup><\/a>.<\/p>\n<p><b>\u00bfLa presencia de miles de j\u00f3venes combatientes extranjeros : \u00e9xito del EI o fracaso de los gobiernos occidentales?<\/b><\/p>\n<p>Los bombardeos sobre posiciones del EI han incrementado la afluencia de j\u00f3venes de todo el mundo para combatir en las filas del EI. Las cifras bailan entre 15.000 y 20.000 combatientes procedentes de 80 pa\u00edses <a class=\"simple-footnote\" title=\"http:\/\/www.dailymotion.com\/video\/x247yf8_iraq-foreign-fighters-flock-to-islamic-state_newshttp:\/\/www.theguardian.com\/world\/2014\/oct\/30\/foreign-jihadist-iraq-syria-unprecedented-un-isis.\" id=\"return-note-4200-24\" href=\"#note-4200-24\"><sup>24<\/sup><\/a>, y una parte considerable llega de pa\u00edses occidentales como Gran Breta\u00f1a, Francia, Holanda, Alemania, B\u00e9lgica, Espa\u00f1a y EEUU.<\/p>\n<p>\u00bfEste hecho es el resultado de la extraordinaria capacidad profesional del EI en el uso de internet y espec\u00edficamente de las redes sociales <a class=\"simple-footnote\" title=\"V\u00e9ase Patrick Cockburn,\u00a0The Jihadis Return, 2014. Este libro sale a la venta en castellano en enero de 2015 con el t\u00edtulo de\u00a0\u201cEl retorno de la Yihad\u201d.\" id=\"return-note-4200-25\" href=\"#note-4200-25\"><sup>25<\/sup><\/a>, como Twitter, Facebook y Youtube, para difundir sus mensajes de violencia extrema (ejecuciones serializadas ante las c\u00e1maras, demostraciones de fuerza) con los objetivos evidentes de provocar la intervenci\u00f3n de Occidente y al mismo tiempo atraer a miles de j\u00f3venes a sus filas? De acuerdo al informe citado de Naciones Unidas este \u00faltimo objetivo ha sido ampliamente alcanzado <a class=\"simple-footnote\" title=\"http:\/\/www.theguardian.com\/world\/2014\/oct\/30\/foreign-jihadist-iraq-syria-unprecedented-un-isis,\" id=\"return-note-4200-26\" href=\"#note-4200-26\"><sup>26<\/sup><\/a>.<\/p>\n<p>Por su parte y de momento la coalici\u00f3n militar liderada por Estados Unidos solo ha proporcionado una respuesta militar, incluso incoherente con sus propios objetivos de hacer frente a la amenaza del Estado Isl\u00e1mico.<\/p>\n<p>\u00bfNo habr\u00e1 llegado, pues, el momento tanto de plantearse una respuesta m\u00e1s globalizadora, como de revisar si las anteriores intervenciones militares en esa regi\u00f3n en 1991, en 2001, y especialmente la ocupaci\u00f3n de Irak en 2003 han sido el origen del desastre y el caos actual?\u00a0\u00bfO tal vez esa reflexi\u00f3n ya se ha hecho, y es el caos el objetivo buscado? La realidad actual de Libia, Siria, Irak y Afganist\u00e1n apuntan en esa direcci\u00f3n&#8230;<\/p>\n<div class=\"simple-footnotes\"><p class=\"notes\">Notes:<\/p><ol><li id=\"note-4200-1\">El nombre inicial del Estado Isl\u00e1mico fue AQI (Al Qaeda en Irak). Posteriormente se ha denominado ISI,(Estado Isl\u00e1mico en Irak), ISIS\/ISIL (Estado Isl\u00e1mico en Irak y Levante (Siria). Y desde 2014 solamente IS\/EI (Estado Isl\u00e1mico). <a href=\"#return-note-4200-1\">&#8617;<\/a><\/li><li id=\"note-4200-2\"><a href=\"http:\/\/www.independent.co.uk\/news\/world\/middle-east\/war-with-isis-islamic-militants-have-army-of-200000-claims-kurdish-leader-9863418.html\">http:\/\/www.independent.co.uk\/news\/world\/middle-east\/war-with-isis-islamic-militants-have-army-of-200000-claims-kurdish-leader-9863418.html#<\/a> <a href=\"#return-note-4200-2\">&#8617;<\/a><\/li><li id=\"note-4200-3\"><a href=\"http:\/\/edition.cnn.com\/2014\/08\/28\/world\/meast\/isis-iraq-syria\/\">http:\/\/edition.cnn.com\/2014\/08\/28\/world\/meast\/isis-iraq-syria\/<\/a> <a href=\"#return-note-4200-3\">&#8617;<\/a><\/li><li id=\"note-4200-4\"><a href=\"http:\/\/www.nytimes.com\/2014\/10\/02\/opinion\/how-america-helped-isis.html?_r=0\">http:\/\/www.nytimes.com\/2014\/10\/02\/opinion\/how-america-helped-isis.html?_r=0<\/a> <a href=\"#return-note-4200-4\">&#8617;<\/a><\/li><li id=\"note-4200-5\"><a href=\"http:\/\/www.theguardian.com\/world\/2014\/dec\/11\/-sp-isis-the-inside-story\">http:\/\/www.theguardian.com\/world\/2014\/dec\/11\/-sp-isis-the-inside-story<\/a> <a href=\"#return-note-4200-5\">&#8617;<\/a><\/li><li id=\"note-4200-6\"><a href=\"http:\/\/www.theguardian.com\/world\/2014\/dec\/11\/-sp-isis-the-inside-story\">http:\/\/www.theguardian.com\/world\/2014\/dec\/11\/-sp-isis-the-inside-story<\/a> <a href=\"#return-note-4200-6\">&#8617;<\/a><\/li><li id=\"note-4200-7\"><a href=\"http:\/\/www.defense.gov\/transcripts\/transcript.aspx?transcriptid=5544\">http:\/\/www.defense.gov\/transcripts\/transcript.aspx?transcriptid=5544<\/a> <a href=\"#return-note-4200-7\">&#8617;<\/a><\/li><li id=\"note-4200-8\"><a href=\"https:\/\/www.youtube.com\/watch?v=w04YE5zRmc8#t=75\">https:\/\/www.youtube.com\/watch?v=w04YE5zRmc8#t=75<\/a> <a href=\"#return-note-4200-8\">&#8617;<\/a><\/li><li id=\"note-4200-9\"><a href=\"http:\/\/www.ft.com\/intl\/cms\/s\/0\/6c269c4e-5ace-11e4-b449-00144feab7de.html#axzz3LyThBMB8\">http:\/\/www.ft.com\/intl\/cms\/s\/0\/6c269c4e-5ace-11e4-b449-00144feab7de.html#axzz3LyThBMB8<\/a> <a href=\"#return-note-4200-9\">&#8617;<\/a><\/li><li id=\"note-4200-10\"><a href=\"http:\/\/www.aljazeera.com\/news\/middleeast\/2014\/10\/kerry-saving-kobane-not-part-strategy-2014101223481559892.html\">http:\/\/www.aljazeera.com\/news\/middleeast\/2014\/10\/kerry-saving-kobane-not-part-strategy-2014101223481559892.html<\/a> <a href=\"#return-note-4200-10\">&#8617;<\/a><\/li><li id=\"note-4200-11\"><a href=\"http:\/\/www.dailymotion.com\/video\/x247yf8_iraq-foreign-fighters-flock-to-islamic-state_news\">http:\/\/www.dailymotion.com\/video\/x247yf8_iraq-foreign-fighters-flock-to-islamic-state_news<\/a><a href=\"http:\/\/www.theguardian.com\/world\/2014\/oct\/30\/foreign-jihadist-iraq-syria-unprecedented-un-isis\">http:\/\/www.theguardian.com\/world\/2014\/oct\/30\/foreign-jihadist-iraq-syria-unprecedented-un-isis.<\/a> <a href=\"#return-note-4200-11\">&#8617;<\/a><\/li><li id=\"note-4200-12\">V\u00e9ase Patrick Cockburn,\u00a0<i>The Jihadis Return<\/i>, 2014. Este libro sale a la venta en castellano en enero de 2015 con el t\u00edtulo de\u00a0<i>\u201cEl retorno de la Yihad\u201d.<\/i> <a href=\"#return-note-4200-12\">&#8617;<\/a><\/li><li id=\"note-4200-13\"><a href=\"http:\/\/www.theguardian.com\/world\/2014\/oct\/30\/foreign-jihadist-iraq-syria-unprecedented-un-isis\">http:\/\/www.theguardian.com\/world\/2014\/oct\/30\/foreign-jihadist-iraq-syria-unprecedented-un-isis<\/a>, <a href=\"#return-note-4200-13\">&#8617;<\/a><\/li><li id=\"note-4200-14\">El nombre inicial del Estado Isl\u00e1mico fue AQI (Al Qaeda en Irak). Posteriormente se ha denominado ISI,(Estado Isl\u00e1mico en Irak), ISIS\/ISIL (Estado Isl\u00e1mico en Irak y Levante (Siria). Y desde 2014 solamente IS\/EI (Estado Isl\u00e1mico). <a href=\"#return-note-4200-14\">&#8617;<\/a><\/li><li id=\"note-4200-15\"><a href=\"http:\/\/www.independent.co.uk\/news\/world\/middle-east\/war-with-isis-islamic-militants-have-army-of-200000-claims-kurdish-leader-9863418.html\">http:\/\/www.independent.co.uk\/news\/world\/middle-east\/war-with-isis-islamic-militants-have-army-of-200000-claims-kurdish-leader-9863418.html#<\/a> <a href=\"#return-note-4200-15\">&#8617;<\/a><\/li><li id=\"note-4200-16\"><a href=\"http:\/\/edition.cnn.com\/2014\/08\/28\/world\/meast\/isis-iraq-syria\/\">http:\/\/edition.cnn.com\/2014\/08\/28\/world\/meast\/isis-iraq-syria\/<\/a> <a href=\"#return-note-4200-16\">&#8617;<\/a><\/li><li id=\"note-4200-17\"><a href=\"http:\/\/www.nytimes.com\/2014\/10\/02\/opinion\/how-america-helped-isis.html?_r=0\">http:\/\/www.nytimes.com\/2014\/10\/02\/opinion\/how-america-helped-isis.html?_r=0<\/a> <a href=\"#return-note-4200-17\">&#8617;<\/a><\/li><li id=\"note-4200-18\"><a href=\"http:\/\/www.theguardian.com\/world\/2014\/dec\/11\/-sp-isis-the-inside-story\">http:\/\/www.theguardian.com\/world\/2014\/dec\/11\/-sp-isis-the-inside-story<\/a> <a href=\"#return-note-4200-18\">&#8617;<\/a><\/li><li id=\"note-4200-19\"><a href=\"http:\/\/www.theguardian.com\/world\/2014\/dec\/11\/-sp-isis-the-inside-story\">http:\/\/www.theguardian.com\/world\/2014\/dec\/11\/-sp-isis-the-inside-story<\/a> <a href=\"#return-note-4200-19\">&#8617;<\/a><\/li><li id=\"note-4200-20\"><a href=\"http:\/\/www.defense.gov\/transcripts\/transcript.aspx?transcriptid=5544\">http:\/\/www.defense.gov\/transcripts\/transcript.aspx?transcriptid=5544<\/a> <a href=\"#return-note-4200-20\">&#8617;<\/a><\/li><li id=\"note-4200-21\"><a href=\"https:\/\/www.youtube.com\/watch?v=w04YE5zRmc8#t=75\">https:\/\/www.youtube.com\/watch?v=w04YE5zRmc8#t=75<\/a> <a href=\"#return-note-4200-21\">&#8617;<\/a><\/li><li id=\"note-4200-22\"><a href=\"http:\/\/www.ft.com\/intl\/cms\/s\/0\/6c269c4e-5ace-11e4-b449-00144feab7de.html#axzz3LyThBMB8\">http:\/\/www.ft.com\/intl\/cms\/s\/0\/6c269c4e-5ace-11e4-b449-00144feab7de.html#axzz3LyThBMB8<\/a> <a href=\"#return-note-4200-22\">&#8617;<\/a><\/li><li id=\"note-4200-23\"><a href=\"http:\/\/www.aljazeera.com\/news\/middleeast\/2014\/10\/kerry-saving-kobane-not-part-strategy-2014101223481559892.html\">http:\/\/www.aljazeera.com\/news\/middleeast\/2014\/10\/kerry-saving-kobane-not-part-strategy-2014101223481559892.html<\/a> <a href=\"#return-note-4200-23\">&#8617;<\/a><\/li><li id=\"note-4200-24\"><a href=\"http:\/\/www.dailymotion.com\/video\/x247yf8_iraq-foreign-fighters-flock-to-islamic-state_news\">http:\/\/www.dailymotion.com\/video\/x247yf8_iraq-foreign-fighters-flock-to-islamic-state_news<\/a><a href=\"http:\/\/www.theguardian.com\/world\/2014\/oct\/30\/foreign-jihadist-iraq-syria-unprecedented-un-isis\">http:\/\/www.theguardian.com\/world\/2014\/oct\/30\/foreign-jihadist-iraq-syria-unprecedented-un-isis.<\/a> <a href=\"#return-note-4200-24\">&#8617;<\/a><\/li><li id=\"note-4200-25\">V\u00e9ase Patrick Cockburn,\u00a0<i>The Jihadis Return<\/i>, 2014. Este libro sale a la venta en castellano en enero de 2015 con el t\u00edtulo de\u00a0<i>\u201cEl retorno de la Yihad\u201d.<\/i> <a href=\"#return-note-4200-25\">&#8617;<\/a><\/li><li id=\"note-4200-26\"><a href=\"http:\/\/www.theguardian.com\/world\/2014\/oct\/30\/foreign-jihadist-iraq-syria-unprecedented-un-isis\">http:\/\/www.theguardian.com\/world\/2014\/oct\/30\/foreign-jihadist-iraq-syria-unprecedented-un-isis<\/a>, <a href=\"#return-note-4200-26\">&#8617;<\/a><\/li><\/ol><\/div>","protected":false},"excerpt":{"rendered":"<p>V\u00edctor S. Pozas, (Galde 08, oto\u00f1o 2014). Siguen acumul\u00e1ndose los interrogantes sobre el Estado Isl\u00e1mico (EI), la organizaci\u00f3n islamista radicalsunita que en menos de un a\u00f1o ha hecho saltar por los aires literalmente algunas de las las fronteras impuestas por el Reino Unido y Francia despu\u00e9s de la 1\u00aa Guerra Mundial. Por su parte la [&hellip;]<\/p>\n","protected":false},"author":2,"featured_media":4204,"comment_status":"closed","ping_status":"closed","sticky":false,"template":"","format":"standard","meta":{"footnotes":""},"categories":[6],"tags":[],"class_list":["post-4200","post","type-post","status-publish","format-standard","has-post-thumbnail","hentry","category-internacional","revista-galde-8"],"_links":{"self":[{"href":"https:\/\/www.galde.eu\/eu\/wp-json\/wp\/v2\/posts\/4200","targetHints":{"allow":["GET"]}}],"collection":[{"href":"https:\/\/www.galde.eu\/eu\/wp-json\/wp\/v2\/posts"}],"about":[{"href":"https:\/\/www.galde.eu\/eu\/wp-json\/wp\/v2\/types\/post"}],"author":[{"embeddable":true,"href":"https:\/\/www.galde.eu\/eu\/wp-json\/wp\/v2\/users\/2"}],"replies":[{"embeddable":true,"href":"https:\/\/www.galde.eu\/eu\/wp-json\/wp\/v2\/comments?post=4200"}],"version-history":[{"count":1,"href":"https:\/\/www.galde.eu\/eu\/wp-json\/wp\/v2\/posts\/4200\/revisions"}],"predecessor-version":[{"id":18976,"href":"https:\/\/www.galde.eu\/eu\/wp-json\/wp\/v2\/posts\/4200\/revisions\/18976"}],"wp:featuredmedia":[{"embeddable":true,"href":"https:\/\/www.galde.eu\/eu\/wp-json\/wp\/v2\/media\/4204"}],"wp:attachment":[{"href":"https:\/\/www.galde.eu\/eu\/wp-json\/wp\/v2\/media?parent=4200"}],"wp:term":[{"taxonomy":"category","embeddable":true,"href":"https:\/\/www.galde.eu\/eu\/wp-json\/wp\/v2\/categories?post=4200"},{"taxonomy":"post_tag","embeddable":true,"href":"https:\/\/www.galde.eu\/eu\/wp-json\/wp\/v2\/tags?post=4200"}],"curies":[{"name":"wp","href":"https:\/\/api.w.org\/{rel}","templated":true}]}}