{"id":18646,"date":"2025-07-01T00:07:22","date_gmt":"2025-06-30T22:07:22","guid":{"rendered":"https:\/\/www.galde.eu\/?p=18646"},"modified":"2025-10-23T19:37:18","modified_gmt":"2025-10-23T17:37:18","slug":"octogenarias-admirables","status":"publish","type":"post","link":"https:\/\/www.galde.eu\/eu\/octogenarias-admirables\/","title":{"rendered":"Octogenarias admirables"},"content":{"rendered":"<p>El t\u00e9rmino edadismo se empez\u00f3 a utilizar, al parecer, en la d\u00e9cada de los 60, pero ha sido \u00faltimamente cuando ha tomado relevancia. La palabra significa \u201cdiscriminaci\u00f3n por raz\u00f3n de edad\u201d.<\/p>\n<p>Tanto mi generaci\u00f3n como las anteriores hemos sido educadas en el respeto hacia las personas mayores. Pero eso est\u00e1 cambiando de forma radical. Ahora se observa m\u00e1s bien un cierto desprecio, sobre todo en los pa\u00edses desarrollados, en los que priman la belleza y la juventud. Y en esa discriminaci\u00f3n la peor parte la llevan las mujeres, sobre todo si se dedican a determinadas profesiones. Yo he elegido para este art\u00edculo a doce octogenarias de nuestro pa\u00eds, algunas de ellas a\u00fan en activo, que nos est\u00e1n demostrando lo que pueden aportar a la sociedad.<\/p>\n<p>Almeida, Cristina. La izquierda de este pa\u00eds le debe mucho a la abogada laboralista Cristina Almeida. Ingres\u00f3 en el PCE en la d\u00e9cada de los 60 y a finales de los 70 fue elegida concejala del Ayuntamiento de Madrid. Fue fundadora de IU y posteriormente diputada por Madrid al Congreso. Mujer de firmes principios, a\u00fan hoy acude all\u00e1 donde se le reclama, reivindicando con la misma intensidad de anta\u00f1o una sociedad m\u00e1s justa e igualitaria.<\/p>\n<p>Amor\u00f3s, Celia. Desde que hace m\u00e1s de 40 a\u00f1os le\u00ed Hacia una cr\u00edtica de la raz\u00f3n patriarcal, la fil\u00f3sofa Celia Amor\u00f3s ha sido uno de mis referentes fundamentales en materia de feminismo. Fundadora del \u201cSeminario feminismo e Ilustraci\u00f3n\u201d, a ella se debe la incorporaci\u00f3n de la teor\u00eda feminista en la filosof\u00eda espa\u00f1ola. Gracias a ella descubr\u00ed a dos ilustrados que la historia hab\u00eda arrinconado (Nicol\u00e1s Condorcet y Fran\u00e7ois Poullaine de la Barre), he aprendido los fundamentos b\u00e1sicos del feminismo de la igualdady s\u00e9 que las vetas de ilustraci\u00f3n no s\u00f3lo existen en nuestra cultura.<\/p>\n<p>Carmena, Manuela. Ya en los 70 ejerc\u00eda como abogada laboralista y fue una de las personas que sobrevivieron a la matanza de Atocha. En los 80, convertida en juez, fue nombrada vocal de Consejo General de Poder Judicial. Colabor\u00f3 con el Frente de Liberaci\u00f3n de la Mujer y siempre ha defendido la justicia como servicio p\u00fablico. Fue alcaldesa de Madrid durante una legislatura, en representaci\u00f3n de la plataforma Ahora Madrid. Todav\u00eda hoy participa en congresos y mesas redondas, hablando de temas diversos.<\/p>\n<p>Dur\u00e1n, Mar\u00eda \u00c1ngeles. Soci\u00f3loga, economista de prestigio y miembro del CSIC. Conoc\u00ed personalmente a Mar\u00eda \u00c1ngeles Dur\u00e1n a finales de los 80, cuando, tras publicar De puertas adentro, la invitamos a dar una conferencia en Vitoria. Ese libro me abri\u00f3 algunas puertas para entender cosas b\u00e1sicas del feminismo. Por otra parte, sus posteriores publicacionesme han dado pistas fundamentales sobre el trabajo no remunerado de las mujeres. El a\u00f1o 1997 las compa\u00f1eras del F\u00f3rum Feminista Mar\u00eda de Maeztu la invitamos a unas jornadas para reflexionar sobre las mujeres y la ciudad. Su ponencia \u201cMemoria y deseo de la ciudad\u201d me ayud\u00f3 a entender el porqu\u00e9 de la ausencia de mujeres en las calles de nuestras ciudades. Desde entonces, miro la ciudad con otros ojos.<\/p>\n<p>Espert, N\u00faria. Desde que a finales de los 70 la vi en la representaci\u00f3n de Yerma, he seguido con inter\u00e9s la evoluci\u00f3n de esta actriz, directora de cine y de teatro, y referente fundamental de la escena espa\u00f1ola y de m\u00e1s all\u00e1 de nuestras fronteras. Actriz polifac\u00e9tica donde las haya, ha interpretado personajes de todo tipo, tanto cl\u00e1sicos como contempor\u00e1neos: Fedra, Yerma, Medea, Carmen&#8230; Y entre los autores cuyas obras ha representado se encuentran Federico Garc\u00eda Lorca, William Shakespeare, Lillian Hellman, Ant\u00f3n Ch\u00e9jov, Jean Genet, Jean-Paul Sartre, Arthur Miller y otros muchos. Ha sido galardonada con numerosos premios y reconocimientos, entre ellos el Princesa de Asturias. Adem\u00e1s, fue directora del Centro Dram\u00e1tico Nacional.<\/p>\n<p>Falc\u00f3n, Lidia. Abogada, periodista y escritora, fue una de las pioneras del feminismo en nuestro pa\u00eds. Ya en los a\u00f1os 60 public\u00f3 algunos libros imprescindibles para el debate feminista, entre ellos, Mujer y sociedad, Cartas a una idiota espa\u00f1ola o La raz\u00f3n feminista. A finales de los 70 fund\u00f3, junto a Carmen Alcalde, Vindicaci\u00f3n feminista, y en los 80, Poder y libertad, dos revistas de referencia para las feministas de aquellos a\u00f1os. El a\u00f1o 1979 cre\u00f3 el Partido Feminista de Espa\u00f1a, un partido marxista y feminista. Por su parte, el a\u00f1o 2000 present\u00f3 una candidatura feminista al Parlamento Europeo.<\/p>\n<p>Galiana, Mar\u00eda.Licenciada en Filosof\u00eda y Letras, la trayectoria de esta actriz es realmente curiosa, puesto que se dedic\u00f3 a la interpretaci\u00f3n tras haberse jubilado como ense\u00f1ante. Actriz de cine, teatro y televisi\u00f3n, yo la descubr\u00ed en su papel de Solas, excelente pel\u00edcula de Benito Zambrano, donde realiza una brillante interpretaci\u00f3n. Pero Mar\u00eda Galiana es m\u00e1s conocida por el gran p\u00fablico por su interpretaci\u00f3n de Herminia en la exitosa serie de televisi\u00f3n Cu\u00e9ntame c\u00f3mo pas\u00f3. A\u00fan hoy d\u00eda permanece activa en los escenarios.<\/p>\n<p>Herrera, Lola (M\u00aa Dolores). Es una de las grandes actrices de nuestra escena, tanto del cine como del teatro. La conoc\u00ed interpretando a Carmen, el personaje femenino de Cinco horas con Mario. Como ha reconocido en numerosas entrevistas, ese personaje le hizo reflexionar sobre su relaci\u00f3n de pareja. A ra\u00edz de ello, la directora Josefina Molina le propuso abrirse en canal en la pel\u00edcula Funci\u00f3n de noche. As\u00ed lo hizo, con una interpretaci\u00f3n magistral. Desde entonces, siento una profunda admiraci\u00f3n por esta gran dama del teatro, que se desenvuelve con la misma elegancia tanto en los escenarios como en la vida.<\/p>\n<p>L\u00f3pez, Charo (M\u00aa Rosario). Es una de mis actrices favoritas de la escena espa\u00f1ola. Desde que la vi en Los gozos y las sombras, all\u00e1 por el a\u00f1o 1982, me tiene embelesada. Su posterior interpretaci\u00f3n en Los pazos de Ulloa me pareci\u00f3 igual de brillante. Aunque su carrera teatral tambi\u00e9n es notoria, yo he seguido m\u00e1s su trayectoria cinematogr\u00e1fica, en la que se encuentran pel\u00edculas tan memorables como Ep\u00edlogo, Secretos del coraz\u00f3n, La colmena, Ditirambo o Don Juan en los infiernos.<\/p>\n<p>Mira, Mag\u00fci. M\u00e1s conocida por sus interpretaciones en el teatro que por sus actuaciones en el cine, la actriz, escritora, productora y directora teatral Mag\u00fci Mira es un ejemplo excelente de vitalidad y permanencia en el mundo de la interpretaci\u00f3n. A lo largo de su trayectoria ha interpretado personajes de autores cl\u00e1sicos como Plauto, Eur\u00edpides, William Shakespeare o Lope de Vega, as\u00ed como de autores contempor\u00e1neos: David Mamet, Arthur Miller, Antonio Gala o Dar\u00edoFo. Ha sido galardonada con numerosos premios y en este momento dirige una obra de teatro.<\/p>\n<p>Sarmiento, Carmen. Su trabajo period\u00edstico ha estado marcado por su militancia feminista y por su compromiso con los m\u00e1s desfavorecidos. Yo empiezo a saber de ella en la d\u00e9cada de los 80, cuando hizo para TVE el programa Los marginados. Posteriormente llegaron los reportajes titulados Mujeres de Am\u00e9rica Latina y Los excluidos. Fue subdirectora de Informe semanal y la primera mujer corresponsal de guerra de Espa\u00f1a. Ha recibido numerosos premios y galardones por su trayectoria profesional.<\/p>\n<p>Torres, Maruja. Periodista y escritora, empec\u00e9 a saber de ella a trav\u00e9s de los reportajes que escrib\u00eda para El Pa\u00eds a primeros de los 80. Desde entonces siempre me ha interesado su trayectoria period\u00edstica. Luchadora incansable contra las injusticias, gracias a ella he conocido algunos conflictos olvidados y he descubierto los entresijos de la pol\u00edtica internacional. A\u00fan hoy la escucho cada semana en la Cadena SER. Me encantan sus an\u00e1lisis, tan l\u00facidos como \u00e1cidos, de la sociedad en la que vivimos.<\/p>\n<p>He hecho mi propia selecci\u00f3n,pero estoy segura de que hay muchas m\u00e1s mujeres por ah\u00ed que pueden servirnos de referencia para construir un mundo donde la relaci\u00f3n entre las generaciones sea enriquecedora para j\u00f3venes y mayores.<\/p>\n","protected":false},"excerpt":{"rendered":"<p>El t\u00e9rmino edadismo se empez\u00f3 a utilizar, al parecer, en la d\u00e9cada de los 60, pero ha sido \u00faltimamente cuando ha tomado relevancia. La palabra significa \u201cdiscriminaci\u00f3n por raz\u00f3n de edad\u201d. Tanto mi generaci\u00f3n como las anteriores hemos sido educadas en el respeto hacia las personas mayores. Pero eso est\u00e1 cambiando de forma radical. Ahora [&hellip;]<\/p>\n","protected":false},"author":10,"featured_media":0,"comment_status":"closed","ping_status":"closed","sticky":false,"template":"","format":"standard","meta":{"footnotes":""},"categories":[3],"tags":[],"class_list":["post-18646","post","type-post","status-publish","format-standard","hentry","category-cultura","revista-galde-n49"],"_links":{"self":[{"href":"https:\/\/www.galde.eu\/eu\/wp-json\/wp\/v2\/posts\/18646","targetHints":{"allow":["GET"]}}],"collection":[{"href":"https:\/\/www.galde.eu\/eu\/wp-json\/wp\/v2\/posts"}],"about":[{"href":"https:\/\/www.galde.eu\/eu\/wp-json\/wp\/v2\/types\/post"}],"author":[{"embeddable":true,"href":"https:\/\/www.galde.eu\/eu\/wp-json\/wp\/v2\/users\/10"}],"replies":[{"embeddable":true,"href":"https:\/\/www.galde.eu\/eu\/wp-json\/wp\/v2\/comments?post=18646"}],"version-history":[{"count":2,"href":"https:\/\/www.galde.eu\/eu\/wp-json\/wp\/v2\/posts\/18646\/revisions"}],"predecessor-version":[{"id":18648,"href":"https:\/\/www.galde.eu\/eu\/wp-json\/wp\/v2\/posts\/18646\/revisions\/18648"}],"wp:attachment":[{"href":"https:\/\/www.galde.eu\/eu\/wp-json\/wp\/v2\/media?parent=18646"}],"wp:term":[{"taxonomy":"category","embeddable":true,"href":"https:\/\/www.galde.eu\/eu\/wp-json\/wp\/v2\/categories?post=18646"},{"taxonomy":"post_tag","embeddable":true,"href":"https:\/\/www.galde.eu\/eu\/wp-json\/wp\/v2\/tags?post=18646"}],"curies":[{"name":"wp","href":"https:\/\/api.w.org\/{rel}","templated":true}]}}