{"id":1843,"date":"2013-11-20T11:30:03","date_gmt":"2013-11-20T10:30:03","guid":{"rendered":"https:\/\/www.galde.eu\/?p=1843"},"modified":"2025-10-23T18:17:16","modified_gmt":"2025-10-23T16:17:16","slug":"julia-otxoa","status":"publish","type":"post","link":"https:\/\/www.galde.eu\/eu\/julia-otxoa\/","title":{"rendered":"Julia Otxoa"},"content":{"rendered":"<p><\/p>\n<p style=\"text-align: left;\">(Galde 03, verano\/2013).<\/p>\n<p style=\"text-align: left;\"><b>\u00a0<\/b><b>Paisaje para frac<\/b><\/p>\n<p style=\"text-align: left;\">Una extra\u00f1a solemnidad precede al ladr\u00f3n en el Sal\u00f3n del Rey, un alambicado lenguaje que hipnotiza, una teatralidad bien ensayada en su discurso que diluye toda posibilidad de defensa.\u00a0Finalmente, cuando el camino del ladr\u00f3n hacia sus v\u00edctimas est\u00e1 por fin disipado de obst\u00e1culos, viene la esperada metamorfosis, el instante \u00e1lgido del simulacro: la transformaci\u00f3n del ladr\u00f3n en garante de la seguridad de sus futuros s\u00fabditos: su juramento como primer ministro, su fidelidad a la Constituci\u00f3n, posada su mano derecha sobre la Sagrada Biblia.<br \/>\n(Microrrelato in\u00e9dito de <i>Retrato de familia con fantasma<\/i>, de pr\u00f3xima publicaci\u00f3n)<\/p>\n<p style=\"text-align: left;\"><b>De los p\u00e1jaros<\/b><\/p>\n<p style=\"text-align: left;\">Duda el p\u00e1jaro y dudando m\u00e1s asciende.<\/p>\n<p style=\"text-align: left;\" align=\"center\"><b>\u2026&#8230;&#8230;&#8230;&#8230;&#8230;&#8230;&#8230;&#8230;&#8230;&#8230;&#8230;&#8230;&#8230;&#8230;&#8230;&#8230;&#8230;&#8230;&#8230;&#8230;&#8230;&#8230;&#8230;&#8230;&#8230;&#8230;&#8230;..<\/b><\/p>\n<p style=\"text-align: left;\">Humilde reflexi\u00f3n de vuelo: la sombra del p\u00e1jaro dibujada en la tierra.<\/p>\n<p style=\"text-align: left;\" align=\"center\"><b>\u2026&#8230;&#8230;&#8230;&#8230;&#8230;&#8230;&#8230;&#8230;&#8230;&#8230;&#8230;&#8230;&#8230;&#8230;&#8230;&#8230;&#8230;&#8230;&#8230;&#8230;&#8230;&#8230;&#8230;&#8230;&#8230;&#8230;&#8230;..<\/b><\/p>\n<p style=\"text-align: left;\">Contrapunto en esta tarde gris,un petirrojo sobre el alero.<\/p>\n<p style=\"text-align: left;\" align=\"center\"><b>\u2026&#8230;&#8230;&#8230;&#8230;&#8230;&#8230;&#8230;&#8230;&#8230;&#8230;&#8230;&#8230;&#8230;&#8230;&#8230;&#8230;&#8230;&#8230;&#8230;&#8230;&#8230;&#8230;&#8230;&#8230;&#8230;&#8230;&#8230;..<\/b><\/p>\n<p style=\"text-align: left;\">En la noche,el canto de un peque\u00f1o p\u00e1jaro sobre el limonero,<br \/>\nilumina nuestro silencio y al fin nos vemos.<\/p>\n<p style=\"text-align: left;\" align=\"center\"><b>\u2026&#8230;&#8230;&#8230;&#8230;&#8230;&#8230;&#8230;&#8230;&#8230;&#8230;&#8230;&#8230;&#8230;&#8230;&#8230;&#8230;&#8230;&#8230;&#8230;&#8230;&#8230;&#8230;&#8230;&#8230;&#8230;&#8230;&#8230;..<\/b><\/p>\n<p style=\"text-align: left;\">No hay mayor riqueza que las alas.<\/p>\n<p style=\"text-align: left;\" align=\"center\"><b>\u2026&#8230;&#8230;&#8230;&#8230;&#8230;&#8230;&#8230;&#8230;&#8230;&#8230;&#8230;&#8230;&#8230;&#8230;&#8230;&#8230;&#8230;&#8230;&#8230;&#8230;&#8230;&#8230;&#8230;&#8230;&#8230;&#8230;&#8230;..<\/b><\/p>\n<p style=\"text-align: left;\">Veloz vuela una golondrina sobre los p\u00e1rpados de mi fatiga,<br \/>\nfecundando mi sue\u00f1o de levedad y olvido.<\/p>\n<p style=\"text-align: left;\" align=\"center\"><b>\u2026&#8230;&#8230;&#8230;&#8230;&#8230;&#8230;&#8230;&#8230;&#8230;&#8230;&#8230;&#8230;&#8230;&#8230;&#8230;&#8230;&#8230;&#8230;&#8230;&#8230;&#8230;&#8230;&#8230;&#8230;&#8230;&#8230;&#8230;..<\/b><\/p>\n<p style=\"text-align: left;\">Existe el p\u00e1jaro ermita\u00f1o que habita los desiertos y los ayunos,<br \/>\nvelando las diminutas tumbas de las petunias, que el viento<br \/>\ndeshace y este p\u00e1jaro dibuja cada d\u00eda.<\/p>\n<p style=\"text-align: left;\" align=\"center\"><b>\u2026&#8230;&#8230;&#8230;&#8230;&#8230;&#8230;&#8230;&#8230;&#8230;&#8230;&#8230;&#8230;&#8230;&#8230;&#8230;&#8230;&#8230;&#8230;&#8230;&#8230;&#8230;&#8230;&#8230;&#8230;&#8230;&#8230;&#8230;..<\/b><\/p>\n<p style=\"text-align: left;\">Toda la luz que necesitamos esta noche,<br \/>\nanida en el coraz\u00f3n del m\u00e1s diminuto de los p\u00e1jaros.<\/p>\n<p style=\"text-align: left;\"><b>\u2026&#8230;&#8230;&#8230;&#8230;&#8230;&#8230;&#8230;&#8230;&#8230;&#8230;&#8230;&#8230;&#8230;&#8230;&#8230;&#8230;&#8230;&#8230;&#8230;&#8230;&#8230;&#8230;&#8230;&#8230;&#8230;&#8230;&#8230;..<\/b><\/p>\n<p style=\"text-align: left;\"><b>\u00a0<\/b><\/p>\n<p style=\"text-align: left;\"><b>Siglo XXI<\/b><\/p>\n<p style=\"text-align: left;\">Luz que deslumbra para perderse luego en los establos.<br \/>\nLo que hizo posible Auschwitz aqu\u00ed regresa.<br \/>\n\u00bfQu\u00e9 hay en el lugar que ocupaba el lenguaje?<br \/>\nCarne visitada por el desastre del silencio.<br \/>\nParece de piedra el mundo,<br \/>\nel d\u00eda fue maltratado y robado en los dos ojos,<br \/>\nnuestras se\u00f1as de identidad se erigen altivas sobre los estercoleros.<\/p>\n<p style=\"text-align: left;\">El tama\u00f1o de la fiera es tal que parece no existir,<br \/>\n\u00bfQu\u00e9 hubo antes de ella?<br \/>\n\u00bfExisti\u00f3 un antes?<br \/>\nSu hedor mezclado con el perfume de nuestras avenidas<br \/>\nnos borra ante los espejos.<\/p>\n<p style=\"text-align: left;\">\u00c1cidos, insepultos,<br \/>\nestrenamos el siglo XXI.<br \/>\nLa escena es primitiva.<\/p>\n<p style=\"text-align: left;\"><a href=\"https:\/\/www.galde.eu\/wp-content\/uploads\/2013\/11\/mar-jo.jpg\"><img loading=\"lazy\" decoding=\"async\" class=\"aligncenter  wp-image-1849 colorbox-1843\" alt=\"mar-jo\" src=\"https:\/\/www.galde.eu\/wp-content\/uploads\/2013\/11\/mar-jo-300x86.jpg\" width=\"600\" height=\"172\" data-id=\"1849\" srcset=\"https:\/\/www.galde.eu\/wp-content\/uploads\/2013\/11\/mar-jo-300x86.jpg 300w, https:\/\/www.galde.eu\/wp-content\/uploads\/2013\/11\/mar-jo.jpg 1000w\" sizes=\"auto, (max-width: 600px) 100vw, 600px\" \/><\/a><\/p>\n<p><\/p>","protected":false},"excerpt":{"rendered":"<p>Julia Otxoa. (Galde 03, verano\/2013). Paisaje para frac (microrelato). Poemas: De los p\u00e1jaros. Siglo XXI.<\/p>\n","protected":false},"author":2,"featured_media":2762,"comment_status":"closed","ping_status":"closed","sticky":false,"template":"","format":"standard","meta":{"footnotes":""},"categories":[3],"tags":[],"class_list":["post-1843","post","type-post","status-publish","format-standard","has-post-thumbnail","hentry","category-cultura","revista-galde-3"],"_links":{"self":[{"href":"https:\/\/www.galde.eu\/eu\/wp-json\/wp\/v2\/posts\/1843","targetHints":{"allow":["GET"]}}],"collection":[{"href":"https:\/\/www.galde.eu\/eu\/wp-json\/wp\/v2\/posts"}],"about":[{"href":"https:\/\/www.galde.eu\/eu\/wp-json\/wp\/v2\/types\/post"}],"author":[{"embeddable":true,"href":"https:\/\/www.galde.eu\/eu\/wp-json\/wp\/v2\/users\/2"}],"replies":[{"embeddable":true,"href":"https:\/\/www.galde.eu\/eu\/wp-json\/wp\/v2\/comments?post=1843"}],"version-history":[{"count":1,"href":"https:\/\/www.galde.eu\/eu\/wp-json\/wp\/v2\/posts\/1843\/revisions"}],"predecessor-version":[{"id":18745,"href":"https:\/\/www.galde.eu\/eu\/wp-json\/wp\/v2\/posts\/1843\/revisions\/18745"}],"wp:featuredmedia":[{"embeddable":true,"href":"https:\/\/www.galde.eu\/eu\/wp-json\/wp\/v2\/media\/2762"}],"wp:attachment":[{"href":"https:\/\/www.galde.eu\/eu\/wp-json\/wp\/v2\/media?parent=1843"}],"wp:term":[{"taxonomy":"category","embeddable":true,"href":"https:\/\/www.galde.eu\/eu\/wp-json\/wp\/v2\/categories?post=1843"},{"taxonomy":"post_tag","embeddable":true,"href":"https:\/\/www.galde.eu\/eu\/wp-json\/wp\/v2\/tags?post=1843"}],"curies":[{"name":"wp","href":"https:\/\/api.w.org\/{rel}","templated":true}]}}