{"id":17662,"date":"2023-06-28T15:14:16","date_gmt":"2023-06-28T13:14:16","guid":{"rendered":"https:\/\/www.galde.eu\/?p=17662"},"modified":"2024-12-06T08:17:30","modified_gmt":"2024-12-06T07:17:30","slug":"batzarre-ante-la-violencia-de-eta-una-mirada-desde-la-experiencia-personal","status":"publish","type":"post","link":"https:\/\/www.galde.eu\/eu\/batzarre-ante-la-violencia-de-eta-una-mirada-desde-la-experiencia-personal\/","title":{"rendered":"Batzarre ante la violencia de ETA. Una mirada desde la experiencia personal"},"content":{"rendered":"<p class=\"qtranxs-available-languages-message qtranxs-available-languages-message-eu\">Ez dago.<\/p>","protected":false},"excerpt":{"rendered":"<p>Galde 41, Uda 2023 Verano. Milagros Rubio.-\u00a0Nos autocriticamos por no haber profundizado en los problemas que conlleva el uso de la violencia: v\u00edctimas, militarismo, autoritarismo, a\u00f1adidos en el caso de ETA a los ataques antipluralistas. Autocr\u00edtica porque en los ochenta form\u00e1bamos parte de un radicalismo con una subcultura extremista que no pon\u00eda en cuesti\u00f3n aspectos [&hellip;]<\/p>\n","protected":false},"author":2,"featured_media":17666,"comment_status":"closed","ping_status":"open","sticky":false,"template":"","format":"standard","meta":{"footnotes":""},"categories":[2,5],"tags":[],"class_list":["post-17662","post","type-post","status-publish","format-standard","has-post-thumbnail","hentry","category-dossier","category-politica","revista-galde-n41"],"_links":{"self":[{"href":"https:\/\/www.galde.eu\/eu\/wp-json\/wp\/v2\/posts\/17662","targetHints":{"allow":["GET"]}}],"collection":[{"href":"https:\/\/www.galde.eu\/eu\/wp-json\/wp\/v2\/posts"}],"about":[{"href":"https:\/\/www.galde.eu\/eu\/wp-json\/wp\/v2\/types\/post"}],"author":[{"embeddable":true,"href":"https:\/\/www.galde.eu\/eu\/wp-json\/wp\/v2\/users\/2"}],"replies":[{"embeddable":true,"href":"https:\/\/www.galde.eu\/eu\/wp-json\/wp\/v2\/comments?post=17662"}],"version-history":[{"count":2,"href":"https:\/\/www.galde.eu\/eu\/wp-json\/wp\/v2\/posts\/17662\/revisions"}],"predecessor-version":[{"id":17665,"href":"https:\/\/www.galde.eu\/eu\/wp-json\/wp\/v2\/posts\/17662\/revisions\/17665"}],"wp:featuredmedia":[{"embeddable":true,"href":"https:\/\/www.galde.eu\/eu\/wp-json\/wp\/v2\/media\/17666"}],"wp:attachment":[{"href":"https:\/\/www.galde.eu\/eu\/wp-json\/wp\/v2\/media?parent=17662"}],"wp:term":[{"taxonomy":"category","embeddable":true,"href":"https:\/\/www.galde.eu\/eu\/wp-json\/wp\/v2\/categories?post=17662"},{"taxonomy":"post_tag","embeddable":true,"href":"https:\/\/www.galde.eu\/eu\/wp-json\/wp\/v2\/tags?post=17662"}],"curies":[{"name":"wp","href":"https:\/\/api.w.org\/{rel}","templated":true}]}}