{"id":17184,"date":"2024-06-22T11:24:22","date_gmt":"2024-06-22T09:24:22","guid":{"rendered":"https:\/\/www.galde.eu\/?p=17184"},"modified":"2024-06-27T11:24:03","modified_gmt":"2024-06-27T09:24:03","slug":"derechos-humanos-de-la-desregulacion-a-la-destruccion","status":"publish","type":"post","link":"https:\/\/www.galde.eu\/eu\/derechos-humanos-de-la-desregulacion-a-la-destruccion\/","title":{"rendered":"Derechos humanos: de la desregulaci\u00f3n a la destrucci\u00f3n"},"content":{"rendered":"<p>&nbsp;<\/p>\n<p><a href=\"https:\/\/www.galde.eu\/wp-content\/uploads\/2024\/06\/Comida-reparto-Atenas.jpg\"><img loading=\"lazy\" decoding=\"async\" class=\"aligncenter size-full wp-image-17187 colorbox-17184\" src=\"https:\/\/www.galde.eu\/wp-content\/uploads\/2024\/06\/Comida-reparto-Atenas.jpg\" alt=\"\" width=\"580\" height=\"390\" data-id=\"17187\" srcset=\"https:\/\/www.galde.eu\/wp-content\/uploads\/2024\/06\/Comida-reparto-Atenas.jpg 580w, https:\/\/www.galde.eu\/wp-content\/uploads\/2024\/06\/Comida-reparto-Atenas-300x202.jpg 300w\" sizes=\"auto, (max-width: 580px) 100vw, 580px\" \/><\/a><\/p>\n<p>&nbsp;<\/p>\n<p>Galde 45, Uda 2024 Verano. Juan Hern\u00e1ndez Zubizarreta, Pedro Ramiro.-<\/p>\n<p>El <a href=\"https:\/\/www.ohchr.org\/es\/get-involved\/campaign\/udhr-75\/initiative\" target=\"_blank\" rel=\"noopener\">75\u00ba aniversario<\/a> de la proclamaci\u00f3n de la Declaraci\u00f3n Universal de los Derechos Humanos ha pasado casi inadvertido, ya que el marco de regulaci\u00f3n encargado de promover y exigir su cumplimiento se est\u00e1 desmoronando. Por un lado, su espacio normativo se va diluyendo en el laberinto de las normas privadas corporativas. Por otro, sus contenidos fundamentales se van desmantelando y fragmentando en piezas separadas e irreconocibles. No es ya que se vulneren, es que los derechos humanos se vac\u00edan y no se reconocen a las mayor\u00edas sociales.<\/p>\n<p><strong>Nuevas palabras para nuevos hechos<\/strong><\/p>\n<p>En Gaza se est\u00e1n encadenando cr\u00edmenes de guerra, limpieza \u00e9tnica, genocidio, terrorismo, exterminio, cr\u00edmenes de lesa humanidad. Y el derecho internacional, con serias dificultades para nombrar todo lo que est\u00e1 ocurriendo, pone de manifiesto su falta de capacidad para reaccionar a tanta <a href=\"https:\/\/x.com\/ONU_es\/status\/1719157241226358941?s=20\" target=\"_blank\" rel=\"noopener\">destrucci\u00f3n<\/a>. No es un fen\u00f3meno nuevo, s\u00ed lo es su intensidad: el Estado de Israel ha venido incumpliendo reiterada e impunemente las <a href=\"https:\/\/www.eldiario.es\/internacional\/israel-redobla-desafio-onu-ignorar-resoluciones-durante-decadas_1_10636672.html\" target=\"_blank\" rel=\"noopener\">resoluciones<\/a> de Naciones Unidas durante d\u00e9cadas, pero el entrelazamiento de cr\u00edmenes de todo tipo es tal que no solo asistimos al incumplimiento del derecho internacional, sino a su completa impugnaci\u00f3n.<\/p>\n<p>\u201cEn muchas situaciones necesitamos un lenguaje m\u00e1s brutal\u201d, afirma <a href=\"https:\/\/ctxt.es\/es\/20201101\/Politica\/33921\/crisis-climatica-saskia-sassen-ciudades-etica-futuro-lucia-sueiro.htm\" target=\"_blank\" rel=\"noopener\">Saskia Sassen<\/a>, \u201cun lenguaje que comunique directamente la brutalidad de nuestros sistemas econ\u00f3micos en cuanto a la capacidad de destruir aguas, tierra, calidad del aire\u201d. Entonces, \u00bfc\u00f3mo caracterizar esta sistem\u00e1tica disoluci\u00f3n de derechos?<\/p>\n<p>Nos enfrentamos a una realidad que excluye a muchos millones de personas de la titularidad de derechos. La din\u00e1mica \u00e9tica y normativa que la Declaraci\u00f3n Universal de los Derechos Humanos estaba llamada a imprimir a las relaciones econ\u00f3micas capitalistas, desde mediados del siglo pasado, ha quedado irreconocible: las normas de protecci\u00f3n de los derechos humanos se han ido difuminando progresivamente ante la fortaleza de la <em>lex mercatoria<\/em>. Hasta el punto de que el marco de 1948 ha llegado a ser reemplazado por una serie de principios formalmente ocultos, no regulados expresamente, que gozan de la m\u00e1xima imperatividad y transversalidad.<\/p>\n<p><strong>No hay acumulaci\u00f3n sin destrucci\u00f3n de derechos<\/strong><\/p>\n<p>Los due\u00f1os de las grandes empresas y fondos de inversi\u00f3n transnacionales se han lanzado a la destrucci\u00f3n de cualquier derecho que impida la expansi\u00f3n a escala global de la dictadura de la ganancia. La incapacidad del capitalismo para reproducirse sin un marco de abundancia y bajos precios del trabajo, los alimentos, la energ\u00eda y las materias primas \u2014esos \u201ccuatro baratos\u201d a los que se refiere <a href=\"https:\/\/traficantes.net\/libros\/el-capitalismo-en-la-trama-de-la-vida\" target=\"_blank\" rel=\"noopener\">Jason Moore<\/a>: \u201cEl capital no solo debe acumular y revolucionar incesantemente la producci\u00f3n de mercanc\u00edas; debe buscar y encontrar incesantemente formas de producir, naturalezas baratas\u201d\u2014 resulta evidente en el contexto actual. Hoy, el capitalismo se enfrenta a un momento m\u00e1s que cr\u00edtico: la destrucci\u00f3n de derechos se conecta con el hecho de que las \u00e9lites tienen serias dificultades para mantener sus tasas de ganancia y acumulaci\u00f3n, y es ah\u00ed donde se extreman sus pr\u00e1cticas contra los derechos humanos.<\/p>\n<p>La <a href=\"https:\/\/ctxt.es\/es\/20221001\/Politica\/41140\/raul-sanchez-cedillo-guerra-de-ucrania-primera-guerra-mundial-pacifismo.htm\" target=\"_blank\" rel=\"noopener\">guerra<\/a> se ha convertido en un eje central sobre el cual se est\u00e1 recomponiendo el capitalismo. La ampliaci\u00f3n de la frontera extractiva no ha remitido en el marco del <a href=\"https:\/\/omal.info\/spip.php?article9797\" target=\"_blank\" rel=\"noopener\">capitalismo verde y digital<\/a>; al contrario, est\u00e1 tratando de expandirse sectorial y geogr\u00e1ficamente, en las periferias y tambi\u00e9n en los centros del sistema. En este marco, los derechos humanos y los derechos colectivos, incluyendo al medio natural en su conjunto, se ven sometidos a la regla de la oferta y la demanda. El derecho a la propiedad privada y a la especulaci\u00f3n se sit\u00faa en el v\u00e9rtice de la jerarqu\u00eda normativa, mientras la desigualdad se consolida como el elemento central de la arquitectura jur\u00eddica de la impunidad.<\/p>\n<p>En el contexto descrito, cuatro ideas fuerza ilustran las tendencias globales que afectan a los contenidos sustanciales de las normas internacionales que tutelan los derechos humanos.<\/p>\n<p>1) Desregulaci\u00f3n: Los derechos humanos se desregulan en masa, pasando la precariedad a formar parte constituyente de sus n\u00facleos centrales y dejando de ser un efecto coyuntural o transitorio que impacta en los mismos. Sucede justo lo contrario con los \u201cderechos\u201d empresariales, que son continuamente re-regulados en favor de los grandes propietarios.<\/p>\n<p>2) Expropiaci\u00f3n: Los derechos se expropian a las mayor\u00edas sociales y a las comunidades por medio de las expulsiones, los megaproyectos y el neocolonialismo extractivista. Las expulsiones se extienden a todos los elementos de la biosfera, tanto en la tierra como en los oc\u00e9anos, y las expropiaciones oscilan entre los desahucios, el pago de la deuda y el control de datos en el capitalismo digital.<\/p>\n<p>3) Zonificaci\u00f3n: Los derechos se \u201czonifican\u201d, lo que implica que se encierra, a\u00edsla y encarcela a personas, comunidades y pueblos, en el marco del confinamiento estructural al que es sometida una parte de la poblaci\u00f3n en una sociedad que ha sido dividida entre asimilables y eliminables.<\/p>\n<p>4) Destrucci\u00f3n: Los derechos se destruyen por la v\u00eda de la guerra y la necropol\u00edtica, lo que consolida la institucionalizaci\u00f3n de la militarizaci\u00f3n, el racismo social, el patriarcado y la xenofobia jur\u00eddica.<\/p>\n<p>Estas tendencias reflejan la descomposici\u00f3n de las normas internacionales de los derechos humanos, con su vaciamiento, expulsi\u00f3n y traslado a los m\u00e1rgenes de las relaciones de poder. En sentido contrario, se confirma el rearme de las normas privadas que protegen los intereses corporativos por medio de la <em>lex mercatoria<\/em>, ya sea mediante su propia expansi\u00f3n o a trav\u00e9s de sofisticaciones jur\u00eddicas basadas en la <a href=\"https:\/\/www.elsaltodiario.com\/derechos-humanos\/impunidad-corporaciones-ong-parlamento-europeo-diligencia-debida-cuando-unilateralidad-vuelve-norma\" target=\"_blank\" rel=\"noopener\">unilateralidad<\/a> y la no-exigibilidad.<\/p>\n<p>Y no es solo que con esta reinterpretaci\u00f3n normativa se est\u00e9n eliminando y suspendiendo derechos, es que se est\u00e1 reconfigurando la propia categor\u00eda de seres humanos: qui\u00e9nes son sujetos de derecho y qui\u00e9nes, por el hecho de no tener dinero o de haber nacido en otro lugar o simplemente de ser diferentes, no lo son. En esta nueva etapa, se pasa de la desregulaci\u00f3n a la destrucci\u00f3n del sistema internacional de los derechos humanos.<\/p>\n<p><strong>Derechos desde abajo<\/strong><\/p>\n<p>Afrontar los desaf\u00edos descritos requiere construir espacios globales donde disputar la hegemon\u00eda a las \u00e9lites, donde redise\u00f1ar el sistema internacional de tutela de los derechos humanos. Y mientras tanto, utilizar todas las grietas normativas que el sistema internacional de derechos humanos y los ordenamientos nacionales permiten, a la vez que se proponen alternativas de control del poder corporativo.<\/p>\n<p>En cualquier caso, los derechos colectivos requieren de una nueva reinterpretaci\u00f3n que responda a las propuestas de los movimientos sociales y las comunidades en resistencia. Estas miradas basculan entre los derechos individuales y los colectivos, entre los derechos de la naturaleza y los derechos de las personas, entre los valores inmanentes y trascendentes de los pueblos, entre los nuevos <em>pueblos transnacionales<\/em> de migrantes y la ciudadan\u00eda concedida v\u00eda nacionalidad. Tambi\u00e9n sit\u00faan en el centro de las relaciones humanas la sostenibilidad de la vida, la diversidad sexual, los derechos sexuales y reproductivos, el derecho a una vida libre de violencias machistas.<\/p>\n<p>Los pueblos, las comunidades y los movimientos han de ser sujetos, no meros objetos de derecho. Y los Estados no pueden ser la \u00fanica categor\u00eda, principio y fin del derecho internacional. Se necesita una reconceptualizaci\u00f3n <em>desde abajo<\/em>, tal y como algunos de los procesos constituyentes latinoamericanos y pueblos originarios han planteado. Estos procesos han construido espacios de utop\u00eda jur\u00eddica, han desbordado el pensamiento jur\u00eddico liberal y han contribuido a debilitar los pilares de la arquitectura de la impunidad y el realismo normativo.<\/p>\n<p><strong>Juan Hern\u00e1ndez Zubizarreta<\/strong> y <strong>Pedro Ramiro.<em><br \/>\n<\/em><\/strong>Investigadores del <a href=\"http:\/\/www.omal.info\" target=\"_blank\" rel=\"noopener\">Observatorio de Multinacionales en Am\u00e9rica Latina (OMAL)<\/a> &#8211; <a href=\"http:\/\/www.pazcondignidad.org\" target=\"_blank\" rel=\"noopener\">Paz con Dignidad<\/a>.<\/p>\n","protected":false},"excerpt":{"rendered":"<p>Galde 45, Uda 2024 Verano. Juan Hern\u00e1ndez Zubizarreta, Pedro Ramiro.- Los pueblos, las comunidades y los movimientos han de ser sujetos, no meros objetos de derecho. Y los Estados no pueden ser la \u00fanica categor\u00eda, principio y fin del derecho internacional. Se necesita una reconceptualizaci\u00f3n desde abajo, tal y como algunos de los procesos constituyentes [&hellip;]<\/p>\n","protected":false},"author":2,"featured_media":0,"comment_status":"closed","ping_status":"open","sticky":false,"template":"","format":"standard","meta":{"footnotes":""},"categories":[2,5],"tags":[],"class_list":["post-17184","post","type-post","status-publish","format-standard","hentry","category-dossier","category-politica","revista-galde-n45"],"_links":{"self":[{"href":"https:\/\/www.galde.eu\/eu\/wp-json\/wp\/v2\/posts\/17184","targetHints":{"allow":["GET"]}}],"collection":[{"href":"https:\/\/www.galde.eu\/eu\/wp-json\/wp\/v2\/posts"}],"about":[{"href":"https:\/\/www.galde.eu\/eu\/wp-json\/wp\/v2\/types\/post"}],"author":[{"embeddable":true,"href":"https:\/\/www.galde.eu\/eu\/wp-json\/wp\/v2\/users\/2"}],"replies":[{"embeddable":true,"href":"https:\/\/www.galde.eu\/eu\/wp-json\/wp\/v2\/comments?post=17184"}],"version-history":[{"count":0,"href":"https:\/\/www.galde.eu\/eu\/wp-json\/wp\/v2\/posts\/17184\/revisions"}],"wp:attachment":[{"href":"https:\/\/www.galde.eu\/eu\/wp-json\/wp\/v2\/media?parent=17184"}],"wp:term":[{"taxonomy":"category","embeddable":true,"href":"https:\/\/www.galde.eu\/eu\/wp-json\/wp\/v2\/categories?post=17184"},{"taxonomy":"post_tag","embeddable":true,"href":"https:\/\/www.galde.eu\/eu\/wp-json\/wp\/v2\/tags?post=17184"}],"curies":[{"name":"wp","href":"https:\/\/api.w.org\/{rel}","templated":true}]}}