{"id":16132,"date":"2023-10-02T19:00:21","date_gmt":"2023-10-02T17:00:21","guid":{"rendered":"https:\/\/www.galde.eu\/?p=16132"},"modified":"2025-10-22T00:04:31","modified_gmt":"2025-10-21T22:04:31","slug":"numero-42-de-galde-%c2%b7sumario","status":"publish","type":"post","link":"https:\/\/www.galde.eu\/eu\/numero-42-de-galde-%c2%b7sumario\/","title":{"rendered":"N\u00famero 42 de GALDE \u00b7sumario"},"content":{"rendered":"<p><img loading=\"lazy\" decoding=\"async\" class=\"wp-image-16134 alignleft colorbox-16132\" style=\"margin-left: 200px; margin-right: 200px;\" src=\"https:\/\/www.galde.eu\/wp-content\/uploads\/2023\/10\/Galde42-580.jpg\" alt=\"\" width=\"280\" height=\"397\" data-id=\"16134\" srcset=\"https:\/\/www.galde.eu\/wp-content\/uploads\/2023\/10\/Galde42-580.jpg 580w, https:\/\/www.galde.eu\/wp-content\/uploads\/2023\/10\/Galde42-580-211x300.jpg 211w\" sizes=\"auto, (max-width: 280px) 100vw, 280px\" \/><b style=\"font-size: 10pt;\"><\/b><\/p>\n<p>&nbsp;<\/p>\n<p>&nbsp;<\/p>\n<p>&nbsp;<\/p>\n<p>&nbsp;<\/p>\n<p>&nbsp;<\/p>\n<p>&nbsp;<\/p>\n<p>&nbsp;<\/p>\n<p>&nbsp;<\/p>\n<p>&nbsp;<\/p>\n<div class=\"column\">\n<p>&nbsp;<\/p>\n<p>&nbsp;<\/p>\n<p><span style=\"font-size: 10pt;\"><span class=\"s2\"><b style=\"font-size: 10pt;\">**<\/b><a style=\"font-size: 10pt;\" href=\"https:\/\/drive.google.com\/file\/d\/1T8HvPEbzKpPhzWk5oEzomS6mDnECEVtF\/view?usp=share_link\" target=\"_blank\" rel=\"noopener\">Revista Galde 42 completa en pdf<\/a><br \/>\n**<a href=\"https:\/\/drive.google.com\/file\/d\/1vo4Bs2WcHWErvgrh-ALdmmk0NBlrJzDo\/view?usp=drive_link\" target=\"_blank\" rel=\"noopener\">Dossier Galde 42 en pdf: <\/a><\/span><a href=\"https:\/\/drive.google.com\/file\/d\/1vo4Bs2WcHWErvgrh-ALdmmk0NBlrJzDo\/view?usp=drive_link\" target=\"_blank\" rel=\"noopener\"><strong>Inteligencia Artificial<\/strong><\/a><\/span><br \/>\n<span class=\"s2\" style=\"font-size: 10pt;\"><b>**<\/b><a href=\"https:\/\/drive.google.com\/open?id=0B-6NvzniCy2GfmtoS3dPQWFSY2lfczROZEJaN0xsX3NzbEZFeW00cmtUNlhXMUxaUXUtdlk\" target=\"_blank\" rel=\"noopener noreferrer\"><span class=\"s5\">Archivo de todas las revistas de Galde en pdf<\/span><\/a><\/span><\/p>\n<\/div>\n<div class=\"page\" title=\"Page 2\">\n<p class=\"p1\"><span style=\"color: #ff0000;\"><b>Aurkibidea<\/b> &#8211; Sumario Galde 42, Udazkena 2023 Oto\u00f1o<\/span><\/p>\n<p class=\"p1\"><span style=\"color: #ff0000;\"><b>ELKARRIZKETA <\/b><\/span><\/p>\n<p class=\"p2\"><a href=\"https:\/\/www.galde.eu\/entrevista-inaki-gabilondo\/\"><b>I\u00f1aki Gabilondo: &#8220;A d\u00eda de hoy la gente<br \/>\nempieza a dar la espalda a la informaci\u00f3n.&#8221;<\/b><\/a><br \/>\n<span class=\"s1\" style=\"color: #ff0000;\"><a href=\"felipe\">Felipe Gurrutxaga<\/a> &#8230;<\/span><strong>\u00a04<\/strong><\/p>\n<p class=\"p1\"><span style=\"color: #ff0000;\"><b>BEGIRADAK<\/b><\/span><\/p>\n<p class=\"p2\"><b><a href=\"https:\/\/www.galde.eu\/con-luces-largas-la-mayoria-plurinaciona\/\">Con luces largas. <\/a><br \/>\n<a href=\"https:\/\/www.galde.eu\/con-luces-largas-la-mayoria-plurinaciona\/\">La mayor\u00eda plurinacional: la necesidad y la virtud.<\/a><br \/>\n<\/b><span class=\"s1\" style=\"color: #ff0000;\"><a href=\"surio\">Alberto Surio<\/a> &#8230;\u00a0<\/span><span class=\"s1\"><strong>8<\/strong><\/span><\/p>\n<p class=\"p2\"><a href=\"https:\/\/www.galde.eu\/el-feminismo-como-alternativa-universal-a-la-extrema-derecha\/\"><b>El feminismo como alternativa universal<br \/>\n<\/b><b>a la extrema derecha.<\/b><\/a><br \/>\n<span class=\"s1\" style=\"color: #ff0000;\"><a href=\"https:\/\/www.galde.eu\/autores\/maria-corrales\/\">Mar\u00eda Corrales<\/a> &#8230; <\/span><strong>10<\/strong><\/p>\n<p class=\"p2\"><a href=\"https:\/\/www.galde.eu\/luis-rubiales-badoa-amaituda\/\"><b>Luis Rubiales badoa. #Amaituda.<\/b><\/a><br \/>\n<span class=\"s1\" style=\"color: #ff0000;\"><a href=\"sabi\u00f1e\">Sabi\u00f1e Zurutuza<\/a> &#8230;<\/span>\u00a0<strong>12<\/strong><\/p>\n<p class=\"p2\"><a href=\"https:\/\/www.galde.eu\/ley-de-educacion-vasca\/\"><b>Ley de Educaci\u00f3n Vasca.<br \/>\nSe vive mejor con los ojos cerrados.<\/b><\/a><br \/>\n<span class=\"s1\" style=\"color: #ff0000;\"><a href=\"https:\/\/www.galde.eu\/autores\/javier-lozano\/\">Javier Lozano<\/a> &#8230;<\/span>\u00a0<strong>14<\/strong><\/p>\n<p class=\"p2\"><a href=\"https:\/\/www.galde.eu\/el-traslado-de-la-coleccion-de-patrimonio-industrial-mueble\/\"><b>El traslado de la colecci\u00f3n de patrimonio industrial mueble.<br \/>\nUna oportunidad para la reflexi\u00f3n.<\/b><\/a><br \/>\n<span class=\"s1\" style=\"color: #ff0000;\"><a href=\"https:\/\/www.galde.eu\/autores\/ainara-martinez-matia\/\">Ainara Mart\u00ednez Mat\u00eda<\/a> &#8230;<\/span>\u00a0<strong>17<\/strong><\/p>\n<p class=\"p2\"><a href=\"https:\/\/www.galde.eu\/ibiltari-baten-egunkaritik-lamentos-finales-de-verano\/\"><b>Ibiltari baten egunkaritik:<br \/>\nLamentos finales de verano, uda-azken&#8230;<\/b><\/a><br \/>\n<span class=\"s1\" style=\"color: #ff0000;\"><a href=\"https:\/\/www.galde.eu\/autores\/lourdes-onederra\/\">Lourdes O\u00f1ederra<\/a> &#8230;<\/span>\u00a0<strong>20<\/strong><\/p>\n<p class=\"p2\"><span style=\"color: #ff0000;\"><a href=\"https:\/\/www.galde.eu\/galde-42-dossier-inteligencia-artificial\/\"><span class=\"s1\"><b>DOSSIER. Inteligencia Artificial. <strong>Introducci\u00f3n <\/strong><\/b><\/span><\/a>&#8230;<\/span>\u00a0<strong>21<\/strong><\/p>\n<p class=\"p2\"><a href=\"https:\/\/www.galde.eu\/entrevista-a-ana-valdivia\/\"><b>Entrevista a Ana Valdivia. <\/b><\/a><br \/>\n<span class=\"s1\" style=\"color: #ff0000;\"><a href=\"https:\/\/www.galde.eu\/autores\/manu-gonzalez\/\">Manu Gonz\u00e1lez<\/a>, <a href=\"https:\/\/www.galde.eu\/autores\/koldo-unceta\/\">Koldo Unceta<\/a>, <a href=\"https:\/\/www.galde.eu\/autores\/alfonso-sanz-alduan\/\">Alfonso Sanz<\/a> &#8230;<\/span> <strong>22<\/strong><\/p>\n<p class=\"p2\"><a href=\"https:\/\/www.galde.eu\/un-ordenador-racista\/\"><b>Un ordenador racista est\u00e1 decidiendo tu futuro<br \/>\ny t\u00fa no lo sabes.<\/b><\/a><br \/>\n<span style=\"color: #ff0000;\"><a href=\"https:\/\/www.galde.eu\/autores\/maria-sanchez-diez\/\"><span class=\"s1\">Mar\u00eda S\u00e1nchez D\u00edez<\/span><\/a> &#8230;<\/span> <strong>27<\/strong><\/p>\n<p class=\"p2\"><b><a href=\"https:\/\/www.galde.eu\/la-ia-origen-etica-privacidad\/\">La Inteligencia Artificial: origen, \u00e9tica y privacidad en la era digital<\/a>.<br \/>\n<\/b><span style=\"color: #ff0000;\"><span class=\"s1\"><a href=\"https:\/\/www.galde.eu\/autores\/antonio-fuentes\/\">Antonio Fuentes<\/a>, <a href=\"https:\/\/www.galde.eu\/autores\/angelines-alberto\/\">Angelines Alberto<\/a><\/span> &#8230;<\/span><b> 30<\/b><\/p>\n<p class=\"p2\"><a href=\"https:\/\/www.galde.eu\/donde-deben-estar-los-limites-a-la-inteligencia-artificial\/\"><b>\u00bfD\u00f3nde deben estar los l\u00edmites<br \/>\na la Inteligencia Artificial?<\/b><\/a><br \/>\n<span style=\"color: #ff0000;\"><a href=\"https:\/\/www.galde.eu\/autores\/volker-turk\/\"><span class=\"s1\">Volker T\u00fcrk <\/span><\/a>&#8230;<\/span> <strong>32<\/strong><\/p>\n<p class=\"p2\"><b>Biderik ederrena asmatu.<br \/>\n<\/b><span class=\"s1\" style=\"color: #ff0000;\">Josu Aztiria Urtaran &#8230;<\/span><b>\u00a034 <\/b><\/p>\n<p class=\"p2\"><b>La inteligencia artificial, el poder del algoritmo.<br \/>\n<\/b><span class=\"s1\" style=\"color: #ff0000;\">Francisco Castej\u00f3n&#8230;<\/span> <b>37 <\/b><\/p>\n<p class=\"p2\"><b>Las m\u00faltiples caras de la inteligencia.<br \/>\n<\/b><span class=\"s1\" style=\"color: #ff0000;\">Mikel Elkano Ilintxeta &#8230;<\/span><b>\u00a040 <\/b><\/p>\n<p class=\"p2\"><b>\u00bfPor qu\u00e9 la IA triunfa en el mundo digital?<br \/>\n<\/b><span class=\"s1\" style=\"color: #ff0000;\">Mikel Galar Idoate &#8230;<\/span><b> 42<\/b><\/p>\n<p class=\"p2\"><b>Manifiesto de expertos pidiendo freno a la IA.<br \/>\n<\/b><span class=\"s1\" style=\"color: #ff0000;\">Varias-os &#8230;<\/span>\u00a0<b>44 <\/b><\/p>\n<p class=\"p2\"><b>Moratoria artificial.<br \/>\n<\/b><span class=\"s1\" style=\"color: #ff0000;\">Daniel Innerarity &#8230;<\/span><span style=\"color: #000000;\"><b>45<\/b><\/span><\/p>\n<p class=\"p2\"><b>Lecturas recomendadas <span style=\"color: #ff0000;\">&#8230;<\/span><\/b><strong>48<\/strong><\/p>\n<p class=\"p2\"><b>Ockhamen labana: Elitismoaren mira.<\/b><br \/>\n<span class=\"s1\" style=\"color: #ff0000;\">Inaki Irazabalbeitia &#8230;<\/span>\u00a0<strong>49<\/strong><\/p>\n<p class=\"p1\"><b>MUNDUAN ZEHAR &#8211; INTERNACIONAL <\/b><\/p>\n<p class=\"p2\"><b>\u00bfCrisis social en Francia,<br \/>\nde qu\u00e9 estamos hablando? <\/b><br \/>\n<span class=\"s1\" style=\"color: #ff0000;\">Jos\u00e9 Luis G\u00f3mez Llanos &#8230;<\/span>\u00a0<strong>50<\/strong><\/p>\n<p class=\"p2\"><b>Tres d\u00e9cadas de mano dura en Centroam\u00e9rica.<br \/>\n<\/b><span class=\"s1\" style=\"color: #ff0000;\">Elvira Cuadra Lira &#8230;<\/span><b>\u00a053<\/b><\/p>\n<p class=\"p1\"><span style=\"color: #ff0000;\"><b>IKUSMIRA<\/b><\/span><\/p>\n<p class=\"p2\"><b>Matices y emociones fotogr\u00e1ficas.<br \/>\n<\/b><span class=\"s1\" style=\"color: #ff0000;\">Santi Hern\u00e1ndez &#8230;<\/span><b>\u00a056<\/b><\/p>\n<p class=\"p1\"><span style=\"color: #ff0000;\"><b>KULTURA<\/b><\/span><\/p>\n<p class=\"p2\"><b>Las guerras culturales de la ultraderecha.<br \/>\n<\/b><span class=\"s1\" style=\"color: #ff0000;\">Santiago Gurrutxaga &#8230;<\/span> <b>58 <\/b><\/p>\n<p class=\"p2\"><b>Free jazz: revoluci\u00f3n musical y reivindicaci\u00f3n social.<br \/>\n<\/b><span class=\"s1\" style=\"color: #ff0000;\">Patricio Goialde &#8230; <\/span><b>60 <\/b><\/p>\n<p class=\"p2\"><b>La discogr\u00e1fica que revolucion\u00f3<br \/>\nla banda sonora de una generaci\u00f3n.<\/b><br \/>\n<span class=\"s1\" style=\"color: #ff0000;\">Laura Pi\u00f1ero &#8230;<\/span><strong>\u00a062<\/strong><\/p>\n<p class=\"p2\"><strong>71 Zinemaldia: Thriller intelektual bikaina.<\/strong><br \/>\n<span class=\"s1\" style=\"color: #ff0000;\">Sabi\u00f1e Zurutuza &#8230;<\/span>\u00a0<strong>64<\/strong><\/p>\n<p class=\"p2\"><strong>Rese\u00f1a:&#8221;Mariano Ferrer. El periodismo reflexivo.&#8221;<\/strong><br \/>\n<span class=\"s1\" style=\"color: #ff0000;\">Esther Ferrer Rico &#8230;<\/span>\u00a0<strong>65<\/strong><\/p>\n<p class=\"p2\"><strong>Rese\u00f1a: &#8220;La paz viva. Rutas y derroteros.&#8221;<\/strong><br \/>\n<span class=\"s1\" style=\"color: #ff0000;\">Manu Gonz\u00e1lez Baraga\u00f1a &#8230; <\/span><strong>66<\/strong><\/p>\n<p class=\"p2\"><b>El cierre de Lagun como s\u00edntoma.<br \/>\n<\/b><span class=\"s1\" style=\"color: #ff0000;\">Antonio Dupl\u00e1 &#8230;<\/span><strong>67<\/strong><\/p>\n<p class=\"p2\"><b>Contraportada. Autoras-autores.<\/b> <span style=\"color: #ff0000;\">&#8230;<\/span> <strong>68<\/strong><\/p>\n<p>\u00b7<\/p>\n<p><strong>Galde 42<\/strong><\/p>\n<p>Como ense\u00f1ante estoy l\u00f3gicamente preocupado por las implicaciones que para la docencia, y por supuesto tambi\u00e9n para la evaluaci\u00f3n, puede tener el uso y abuso generalizado de un recurso como el GPT-4 (reconociendo, al mismo tiempo, que todav\u00eda no lo he utilizado). Viene esto a cuento del tema elegido para el dossier de este n\u00famero de Galde que, fiel a su cita, sale a la calle en los comienzos del oto\u00f1o. Hablamos de la Inteligencia Artificial (IA) que, se nos dice, va a influir, y cada vez m\u00e1s, en todos los \u00f3rdenes de nuestras vidas. Abriendo el dossier con una entrevista a Ana Valdivia, profesora en \u00abInteligencia Artificial, Gobernanza y Pol\u00edtica\u00bb en el Oxford Internet Institute, se desgranan luego una serie de art\u00edculos que abordan diversos problemas y\/o posibilidades de la IA a cargo de distintos especialistas, y se incluye el conocido \u00abManifiesto\u00bb de los 1000 cient\u00edficos y expertos que alertaba de los peligros que puede implicar un desarrollo incontrolado de la IA y abogaba por un moratoria en su implementaci\u00f3n. Pero, como cab\u00eda esperar, en este Galde hay mucho m\u00e1s. Comenzando por la entrevista a I\u00f1aki Gabilondo, aut\u00e9ntica referencia desde hace d\u00e9cadas de un periodismo cr\u00edtico, comprometido, \u00edntegro y profesional. Y en la secci\u00f3n Begiradak se escribe sobre el feminismo y la extrema derecha, el caso Rubiales, los avatares de la conservaci\u00f3n del patrimonio industrial en Euskadi o, tema de enorme trascendencia, el proyecto de nueva Ley de Educaci\u00f3n vasca. Y se habla tambi\u00e9n, en Internacional, de Francia y Centroam\u00e9rica. Y en una densa secci\u00f3n de Cultura, era inevitable, y necesario, denunciar la ola de aut\u00e9ntica censura ideol\u00f3gico cultural protagonizada por las reci\u00e9n estrenadas autoridades pol\u00edticas de VOX, pero tambi\u00e9n se habla de jazz, de discogr\u00e1ficas, de cine, o de pasos atr\u00e1s en la cultura, como es el cierre de la librer\u00eda Lagun. Y, adem\u00e1s, Con luces largas, Ibiltari baten egunkaritik, Ockhamen labana, Ikusmira.<br \/>\nEn fin, murgil gaitezen Galderen orrialdetan, irakurteka oparoak plazer lasaitera gonbidatzen gaituen urtaro honetarako.<br \/>\nUdazken on. Abendu arte.<\/p>\n<p>&nbsp;<\/p>\n<\/div>\n<p><\/p>","protected":false},"excerpt":{"rendered":"<p>Galde 42, Udazkena 2023 Oto\u00f1o. Preocupados por las implicaciones que para la docencia, y por supuesto tambi\u00e9n para la evaluaci\u00f3n, puede tener el uso y abuso generalizado de un recurso como el GPT-4, hablamos de la Inteligencia Artificial (IA).<\/p>\n","protected":false},"author":2,"featured_media":16133,"comment_status":"closed","ping_status":"closed","sticky":false,"template":"","format":"standard","meta":{"footnotes":""},"categories":[61,60],"tags":[],"class_list":["post-16132","post","type-post","status-publish","format-standard","has-post-thumbnail","hentry","category-indicedossier","category-indicerevistas","revista-galde-n42"],"_links":{"self":[{"href":"https:\/\/www.galde.eu\/eu\/wp-json\/wp\/v2\/posts\/16132","targetHints":{"allow":["GET"]}}],"collection":[{"href":"https:\/\/www.galde.eu\/eu\/wp-json\/wp\/v2\/posts"}],"about":[{"href":"https:\/\/www.galde.eu\/eu\/wp-json\/wp\/v2\/types\/post"}],"author":[{"embeddable":true,"href":"https:\/\/www.galde.eu\/eu\/wp-json\/wp\/v2\/users\/2"}],"replies":[{"embeddable":true,"href":"https:\/\/www.galde.eu\/eu\/wp-json\/wp\/v2\/comments?post=16132"}],"version-history":[{"count":1,"href":"https:\/\/www.galde.eu\/eu\/wp-json\/wp\/v2\/posts\/16132\/revisions"}],"predecessor-version":[{"id":18603,"href":"https:\/\/www.galde.eu\/eu\/wp-json\/wp\/v2\/posts\/16132\/revisions\/18603"}],"wp:featuredmedia":[{"embeddable":true,"href":"https:\/\/www.galde.eu\/eu\/wp-json\/wp\/v2\/media\/16133"}],"wp:attachment":[{"href":"https:\/\/www.galde.eu\/eu\/wp-json\/wp\/v2\/media?parent=16132"}],"wp:term":[{"taxonomy":"category","embeddable":true,"href":"https:\/\/www.galde.eu\/eu\/wp-json\/wp\/v2\/categories?post=16132"},{"taxonomy":"post_tag","embeddable":true,"href":"https:\/\/www.galde.eu\/eu\/wp-json\/wp\/v2\/tags?post=16132"}],"curies":[{"name":"wp","href":"https:\/\/api.w.org\/{rel}","templated":true}]}}