{"id":15990,"date":"2022-12-22T17:46:43","date_gmt":"2022-12-22T16:46:43","guid":{"rendered":"https:\/\/www.galde.eu\/?p=15990"},"modified":"2023-01-05T11:07:19","modified_gmt":"2023-01-05T10:07:19","slug":"resena-universos-paralelos-que-se-cruzan-y-crean-nuevos-universos","status":"publish","type":"post","link":"https:\/\/www.galde.eu\/eu\/resena-universos-paralelos-que-se-cruzan-y-crean-nuevos-universos\/","title":{"rendered":"Rese\u00f1a: Universos paralelos que se cruzan y crean nuevos universos"},"content":{"rendered":"<p><a href=\"https:\/\/www.galde.eu\/wp-content\/uploads\/2022\/12\/uniparalelos.jpg\"><img loading=\"lazy\" decoding=\"async\" class=\"aligncenter size-medium wp-image-15993 colorbox-15990\" src=\"https:\/\/www.galde.eu\/wp-content\/uploads\/2022\/12\/uniparalelos-200x300.jpg\" alt=\"\" width=\"200\" height=\"300\" data-id=\"15993\" srcset=\"https:\/\/www.galde.eu\/wp-content\/uploads\/2022\/12\/uniparalelos-200x300.jpg 200w, https:\/\/www.galde.eu\/wp-content\/uploads\/2022\/12\/uniparalelos.jpg 552w\" sizes=\"auto, (max-width: 200px) 100vw, 200px\" \/><\/a><\/p>\n<p style=\"text-align: center;\"><strong>Universos paralelos<\/strong><br \/>\n<strong>Karlos Ordo\u0301nez Ferrer<\/strong><br \/>\nEd. Multiverso. Septiembre de 2022<\/p>\n<p>Galde 39, negua 2023 invierno. Karlos Garaialde.-<\/p>\n<p>Karlos Ordo\u0301nez Ferrer, el autor, trabaj\u00f3 durante m\u00e1s de una d\u00e9cada como reportero gr\u00e1fico y realizador de televisi\u00f3n. Siempre ligado de manera profesional y militante a organizaciones que trabajan en el \u00e1mbito de los derechos humanos. Actualmente en SOS Racismo.<\/p>\n<p>El libro est\u00e1 compuesto por breves relatos, escritos en su mayor\u00eda, en las semanas de confinamiento domiciliario que vivimos durante la pandemia de Covid 19. El autor reconoce que en su escritura hall\u00f3 una suerte de alivio en aquellas semanas llenas de estupor y zozobra. Escribir le permit\u00eda abrir un reconfortante par\u00e9ntesis de ficci\u00f3n mientras la vida segu\u00eda como pod\u00eda con la amenazante vibraci\u00f3n de la pandemia como banda sonora.<\/p>\n<p>De la mano de la editorial Multiverso surgi\u00f3 la posibilidad de reunirlos en un libro de ciento y pocas p\u00e1ginas que recoge los 22 relatos.<\/p>\n<p>El reconocido y prestigioso escritor uruguayo Rafael Courtoisie prologa el libro con un texto breve tambi\u00e9n. Courtoisie, es adem\u00e1s de amigo personal, una especie de mentor literario de Karlos.<\/p>\n<p>En su mayor\u00eda son relatos muy cortos: los 10 primeros rondan las 300 palabras, dos o tres minutos de lectura por relato. Saborearlos, reflexionar sobre lo que cuentan y proponen lleva otro ritmo y otros tiempos. La otra docena de relatos que completan el libro son un poco m\u00e1s extensos, pero siempre dando la impresi\u00f3n de que se ha trabajando tanto quitando como poniendo.<\/p>\n<p>Las personajes que encontraremos en estos relatos viven en entornos urbanos. Pero a la hora de tratar de localizarlos de manera m\u00e1s precisa nos encontramos con que son de aqu\u00ed o all\u00e1 y tendremos que leer fij\u00e1ndonos en detalles para ir top\u00e1ndonos con una gran variedad de localizaciones que nos ubicar\u00e1 \u00abaqu\u00ed\u00bb o en Ecuador, Lisboa u Oslo.<\/p>\n<p>Se trata de una veintena de hombres y mujeres de profesiones y ocupaciones diversas. Nos encontraremos a sanitarias haciendo visitas domiciliarias embutidas en sus \u00abescafandras\u00bb y tambi\u00e9n a qui\u00e9n no puede confinarse en su casa porque no la tiene. Viandantes con su carro de la compra, gente que pasea a su perro, trabajadores de limpieza, microbi\u00f3logas, el chino en su bazar, conforman el paisaje humano de aquellos d\u00edas. Aunque tambi\u00e9n nos topemos con cosas menos habituales como superh\u00e9roes o con un viejito que toca el viol\u00edn despu\u00e9s de muerto.<\/p>\n<p>Vidas llenas de contradicciones y perdidas, con el tel\u00f3n de fondo de la soledad como temor o como compa\u00f1era de vida. Pero siempre se atisba una lucecita, una oportunidad, una peque\u00f1a salida de la mano del contacto con las personas pr\u00f3ximas.<\/p>\n<p>Los peque\u00f1os gestos de amabilidad y ternura son el b\u00e1lsamo de los encuentros cotidianos. Hay una clara reivindicaci\u00f3n de la empat\u00eda manifestada a trav\u00e9s de estos peque\u00f1os gestos.<\/p>\n<p>Para terminar, es de resaltar el hecho de que los relatos se hallen hilados, es decir, aunque se trata de relatos independientes los personajes aparecen en m\u00e1s de un relato. Al poco de comenzar la lectura, el lector notar\u00e1 que alg\u00fan personaje ha sido mencionado con anterioridad&#8230; y probablemente vuelva unas hojas atr\u00e1s hasta resolver el enigma. Este entrelazado, aunque tenue, genera una suerte de estructura que ampl\u00eda el espectro de los personajes. Todo el que aparece una vez volver\u00e1 a hacerlo en otro relato en circunstancias muy distintas.<\/p>\n<p>Resulta una tarea muy sugerente para el lector el imaginar diferentes maneras de rellenar los huecos que la estructura nos ofrece.<\/p>\n<p>Quisiera finalizar citando este p\u00e1rrafo que Courtoisie incluye en el pr\u00f3logo y que creo retrata el esp\u00edritu del libro: \u00abSi para Jean Paul Sastre el infierno son los otros, en los seres que echa a andar, gozar y sufrir en sus ficciones Karlos Ord\u00f3nez, la salvaci\u00f3n o la ilusi\u00f3n de salvaci\u00f3n tambi\u00e9n puede encontrarse, al menos por un instante, en el pr\u00f3jimo pr\u00f3ximo.\u00bb<\/p>\n<p>Que disfruten del viaje por estos \u00abUniversos paralelos\u00bb.<\/p>\n","protected":false},"excerpt":{"rendered":"<p>Galde 39, negua 2023 invierno. Karlos Garaialde.- El libro de Karlos Ordo\u0301nez est\u00e1 compuesto por breves relatos, escritos en su mayor\u00eda, en las semanas de confinamiento domiciliario que vivimos durante la pandemia de Covid 19. El autor reconoce que en su escritura hall\u00f3 una suerte de alivio en aquellas semanas llenas de estupor y zozobra. [&hellip;]<\/p>\n","protected":false},"author":2,"featured_media":16005,"comment_status":"closed","ping_status":"open","sticky":false,"template":"","format":"standard","meta":{"footnotes":""},"categories":[64],"tags":[],"class_list":["post-15990","post","type-post","status-publish","format-standard","has-post-thumbnail","hentry","category-libros","revista-galde-n39"],"_links":{"self":[{"href":"https:\/\/www.galde.eu\/eu\/wp-json\/wp\/v2\/posts\/15990","targetHints":{"allow":["GET"]}}],"collection":[{"href":"https:\/\/www.galde.eu\/eu\/wp-json\/wp\/v2\/posts"}],"about":[{"href":"https:\/\/www.galde.eu\/eu\/wp-json\/wp\/v2\/types\/post"}],"author":[{"embeddable":true,"href":"https:\/\/www.galde.eu\/eu\/wp-json\/wp\/v2\/users\/2"}],"replies":[{"embeddable":true,"href":"https:\/\/www.galde.eu\/eu\/wp-json\/wp\/v2\/comments?post=15990"}],"version-history":[{"count":0,"href":"https:\/\/www.galde.eu\/eu\/wp-json\/wp\/v2\/posts\/15990\/revisions"}],"wp:featuredmedia":[{"embeddable":true,"href":"https:\/\/www.galde.eu\/eu\/wp-json\/wp\/v2\/media\/16005"}],"wp:attachment":[{"href":"https:\/\/www.galde.eu\/eu\/wp-json\/wp\/v2\/media?parent=15990"}],"wp:term":[{"taxonomy":"category","embeddable":true,"href":"https:\/\/www.galde.eu\/eu\/wp-json\/wp\/v2\/categories?post=15990"},{"taxonomy":"post_tag","embeddable":true,"href":"https:\/\/www.galde.eu\/eu\/wp-json\/wp\/v2\/tags?post=15990"}],"curies":[{"name":"wp","href":"https:\/\/api.w.org\/{rel}","templated":true}]}}