{"id":14119,"date":"2021-10-01T10:40:26","date_gmt":"2021-10-01T08:40:26","guid":{"rendered":"https:\/\/www.galde.eu\/?p=14119"},"modified":"2021-10-19T23:39:46","modified_gmt":"2021-10-19T21:39:46","slug":"tras-la-violencia-politica-polifonia-de-la-verdad-en-colombia","status":"publish","type":"post","link":"https:\/\/www.galde.eu\/eu\/tras-la-violencia-politica-polifonia-de-la-verdad-en-colombia\/","title":{"rendered":"Tras la violencia pol\u00edtica, polifon\u00eda de la verdad en Colombia"},"content":{"rendered":"<p class=\"qtranxs-available-languages-message qtranxs-available-languages-message-eu\">Ez dago.<\/p>","protected":false},"excerpt":{"rendered":"<p>Galde 34, udazkena\/2021\/oto\u00f1o.\u00a0Liliana Zambrano-Quintero.- Avanzamos hacia un escenario desconocido, imaginado, anhelado, so\u00f1ado. La misi\u00f3n que tiene la CEV en Colombia es tan desafiante como su propia envergadura. Pero no se trata de encontrar qui\u00e9n tiene la raz\u00f3n,&#8230; Se trata de construir una verdad que explique por qu\u00e9 pas\u00f3 lo que pas\u00f3, cu\u00e1les han sido sus [&hellip;]<\/p>\n","protected":false},"author":2,"featured_media":14124,"comment_status":"closed","ping_status":"open","sticky":false,"template":"","format":"standard","meta":{"footnotes":""},"categories":[6],"tags":[],"class_list":["post-14119","post","type-post","status-publish","format-standard","has-post-thumbnail","hentry","category-internacional","revista-galde-n34"],"_links":{"self":[{"href":"https:\/\/www.galde.eu\/eu\/wp-json\/wp\/v2\/posts\/14119","targetHints":{"allow":["GET"]}}],"collection":[{"href":"https:\/\/www.galde.eu\/eu\/wp-json\/wp\/v2\/posts"}],"about":[{"href":"https:\/\/www.galde.eu\/eu\/wp-json\/wp\/v2\/types\/post"}],"author":[{"embeddable":true,"href":"https:\/\/www.galde.eu\/eu\/wp-json\/wp\/v2\/users\/2"}],"replies":[{"embeddable":true,"href":"https:\/\/www.galde.eu\/eu\/wp-json\/wp\/v2\/comments?post=14119"}],"version-history":[{"count":0,"href":"https:\/\/www.galde.eu\/eu\/wp-json\/wp\/v2\/posts\/14119\/revisions"}],"wp:featuredmedia":[{"embeddable":true,"href":"https:\/\/www.galde.eu\/eu\/wp-json\/wp\/v2\/media\/14124"}],"wp:attachment":[{"href":"https:\/\/www.galde.eu\/eu\/wp-json\/wp\/v2\/media?parent=14119"}],"wp:term":[{"taxonomy":"category","embeddable":true,"href":"https:\/\/www.galde.eu\/eu\/wp-json\/wp\/v2\/categories?post=14119"},{"taxonomy":"post_tag","embeddable":true,"href":"https:\/\/www.galde.eu\/eu\/wp-json\/wp\/v2\/tags?post=14119"}],"curies":[{"name":"wp","href":"https:\/\/api.w.org\/{rel}","templated":true}]}}