{"id":13872,"date":"2021-10-01T12:00:02","date_gmt":"2021-10-01T10:00:02","guid":{"rendered":"https:\/\/www.galde.eu\/?p=13872"},"modified":"2025-10-22T00:04:33","modified_gmt":"2025-10-21T22:04:33","slug":"numero-34-de-galde-%c2%b7sumario","status":"publish","type":"post","link":"https:\/\/www.galde.eu\/eu\/numero-34-de-galde-%c2%b7sumario\/","title":{"rendered":"N\u00famero 34 de GALDE \u00b7sumario"},"content":{"rendered":"<p><a href=\"https:\/\/www.galde.eu\/wp-content\/uploads\/2021\/10\/Portada-Galde-34.jpg\"><img loading=\"lazy\" decoding=\"async\" class=\"aligncenter wp-image-13889 size-medium colorbox-13872\" src=\"https:\/\/www.galde.eu\/wp-content\/uploads\/2021\/10\/Portada-Galde-34-211x300.jpg\" alt=\"\" width=\"211\" height=\"300\" data-id=\"13382\" srcset=\"https:\/\/www.galde.eu\/wp-content\/uploads\/2021\/10\/Portada-Galde-34-211x300.jpg 211w, https:\/\/www.galde.eu\/wp-content\/uploads\/2021\/10\/Portada-Galde-34.jpg 580w\" sizes=\"auto, (max-width: 211px) 100vw, 211px\" \/><\/a><\/p>\n<p>&nbsp;<\/p>\n<p><span class=\"s2\"><b>**<\/b><a href=\"https:\/\/drive.google.com\/file\/d\/1ixhYt3LBcztGpy3gMKF-0QQExEzZl-L6\/view?usp=sharing\" target=\"_blank\" rel=\"noopener\">Revista Galde 34 completa en pdf<\/a><br \/>\n**<a href=\"https:\/\/drive.google.com\/file\/d\/1n8fbFFHuTBrv3cE7YIqhKES_I97fNHkJ\/view?usp=sharing\" target=\"_blank\" rel=\"noopener noreferrer\">Dosier Galde 34 en pdf: Mundo Rural<\/a><br \/>\n<\/span><span class=\"s2\"><b>**<\/b><a href=\"https:\/\/drive.google.com\/open?id=0B-6NvzniCy2GfmtoS3dPQWFSY2lfczROZEJaN0xsX3NzbEZFeW00cmtUNlhXMUxaUXUtdlk\" target=\"_blank\" rel=\"noopener noreferrer\"><span class=\"s5\"><b>Archivo de todas las revistas de Galde en pdf<\/b><\/span><\/a><\/span><\/p>\n<p><strong>Galde 34 udazkena\/2021\/oto\u00f1o<\/strong><\/p>\n<div class=\"column\">\n<p><strong>aurkibidea sumario<\/strong><\/p>\n<div class=\"page\" title=\"Page 1\">\n<div class=\"layoutArea\">\n<div class=\"column\">\n<p><strong>ELKARRIZKETA<\/strong><\/p>\n<p class=\"p1\"><strong>04<\/strong>. <a href=\"koldo\">Koldo Martinez, Senador autono\u0301mico por Navarra<\/a>. <b><em><a href=\"inaki\">Inaki Irazabalbeitia<\/a>, <a href=\"manu\">Manu Gonz\u00e1lez<\/a><\/em><\/b><\/p>\n<p class=\"p1\"><b>BEGIRADAK<\/b><\/p>\n<p class=\"p1\"><strong>08<\/strong>. <a href=\"https:\/\/www.galde.eu\/con-luces-largas-perestroika-o-restauracion\/\">Con luces largas: Perestroika o restauraci\u00f3n<\/a>. <a href=\"alberto\"><em><b>Alberto Surio<\/b><\/em><\/a><\/p>\n<p class=\"p1\"><strong>110. <a href=\"https:\/\/www.galde.eu\/feminismo-alianzas-rebeldes\/\">Feminismo: Alianzas rebeldes<\/a>. <em><b><a href=\"https:\/\/www.galde.eu\/autores\/clara-serra\/\">Clara Serra<\/a>, <a href=\"cristina\">Cristina Garaizabal<\/a>, <a href=\"https:\/\/www.galde.eu\/autores\/paloma-uria-rios\/\">Paloma Ur\u00eda<\/a>, <a href=\"https:\/\/www.galde.eu\/autores\/mirian-sola\/\">Miriam Sol\u00e1<\/a><\/b><\/em><\/strong><\/p>\n<p class=\"p1\"><strong>12<\/strong>. <a href=\"https:\/\/www.galde.eu\/renta-basica-incondicional\/\"><span class=\"s1\">R<\/span>enta <span class=\"s1\">B<\/span>\u00e1sica <span class=\"s1\">I<\/span>ncondicional. <span class=\"s1\">I<\/span>niciativa legislativa popular por la implantaci\u00f3n de una RBI en la CAPV<\/a>.<em><span class=\"s1\"><b>\u00a0<a href=\"https:\/\/www.galde.eu\/autores\/itziar-guerendiain\/\" target=\"_blank\" rel=\"noopener\">I<\/a><\/b><\/span><a href=\"https:\/\/www.galde.eu\/autores\/itziar-guerendiain\/\" target=\"_blank\" rel=\"noopener\"><b>tziar <\/b><span class=\"s1\"><b>G<\/b><\/span><\/a><b><a href=\"https:\/\/www.galde.eu\/autores\/itziar-guerendiain\/\" target=\"_blank\" rel=\"noopener\">uerendiain<\/a>, <\/b><a href=\"https:\/\/www.galde.eu\/autores\/maitane-arnoso\/\" target=\"_blank\" rel=\"noopener\"><b><strong>Maitane Arnoso<\/strong><\/b><\/a><\/em><\/p>\n<p class=\"p1\"><strong>14<\/strong>. <a href=\"https:\/\/www.galde.eu\/resistencia-migrante-la-lucha-de-las-trabajadoras-agricolas-de-almeria\/\">Resistencia migrante: la lucha de las trabajadoras agr\u00edcolas de Almer\u00eda<\/a>. <a href=\"https:\/\/www.galde.eu\/autores\/maira-dias-pereira\/\" target=\"_blank\" rel=\"noopener\"><em><b>Maira Dias Pereira<\/b><\/em><\/a><\/p>\n<p class=\"p1\"><a href=\"17.%20Permiso para menstruar. Amaia Gonz\u00e1lez Llama\"><strong>17<\/strong>. Permiso para menstruar. <em><b>Amaia Gonz\u00e1lez Llama <\/b><\/em><\/a><\/p>\n<p class=\"p1\"><strong>20<\/strong><span class=\"s1\">. <\/span><a href=\"https:\/\/www.galde.eu\/ibiltari-baten-egunkaritik-malos-tiempos\/\">Ibiltari baten egunkaritik<span class=\"s2\">: <\/span>Malos tiempos<\/a><span class=\"s1\">. <a href=\"lourdes\"><em><b>L<\/b><\/em><\/a><\/span><a href=\"lourdes\"><em><b>ourdes <\/b><span class=\"s1\"><b>O<\/b><\/span><b>\u00f1ederra<\/b><\/em><\/a><\/p>\n<p class=\"p1\"><b>DOSIER GALDE 34. <a href=\"https:\/\/www.galde.eu\/dosier-galde-34-mundo-rural\/\" target=\"_blank\" rel=\"noopener\">MUNDO RURAL. Introducci\u00f3n<\/a><\/b><\/p>\n<p class=\"p1\"><strong><span class=\"s2\">22<\/span><\/strong>. <a href=\"https:\/\/www.galde.eu\/entrevista-a-tomas-garcia-azcarate\/\">Entrevista a Tom\u00e1s Garc\u00eda Azc\u00e1rate<\/a>. <a href=\"eduardo\"><em><b>Eduardo Malag\u00f3n <\/b><\/em><\/a><\/p>\n<p class=\"p2\"><span class=\"s3\"><strong>26<\/strong>. <\/span><a href=\"https:\/\/www.galde.eu\/landa-garapen-politika-euskadin-eredu-egoki-baten-bila\/\">Landa garapen politika Euskadin: eredu egoki baten bila<\/a>. <a href=\"https:\/\/www.galde.eu\/autores\/juan-kruz-alberdi\/\"><em><b>Juan Kruz Alberdi <\/b><\/em><\/a><\/p>\n<p class=\"p2\"><strong>30<\/strong>. <a href=\"https:\/\/www.galde.eu\/bosques-y-bioenergia-o-la-esquizofrenica-politica-climatica-de-la-union-europea\/\">Bosques y bioenerg\u00eda, o la esquizofr\u00e9nica pol\u00edtica clim\u00e1tica de la Uni\u00f3n Europea<\/a>. <a href=\"https:\/\/www.galde.eu\/autores\/irati-c\/\"><em><span class=\"s3\"><b>Irati Casanova<\/b><\/span><\/em><\/a><\/p>\n<p class=\"p1\"><span class=\"s1\"><strong>34<\/strong>. <\/span><a href=\"https:\/\/www.galde.eu\/bosques-y-humanos\/\">Bosques y humanos<\/a>. <a href=\"https:\/\/www.galde.eu\/autores\/jon-hidalgo\/\"><em><b>Jon Hidalgo<\/b><\/em><\/a><\/p>\n<p class=\"p2\"><strong>37<\/strong>. <a href=\"zoom\">Zoom feminista al sistema alimentario<\/a>. <a href=\"https:\/\/www.galde.eu\/autores\/mirene-begiristain\/\"><em><span class=\"s3\"><b>Mirene Begiristain<\/b><\/span><\/em><\/a><\/p>\n<p class=\"p1\"><span class=\"s1\"><strong>40<\/strong>. <\/span><a href=\"https:\/\/www.galde.eu\/los-sindicatos-agrarios-y-la-marana-asociativa\/\">Los sindicatos agrarios y la mara\u00f1a asociativa<\/a>. <a href=\"https:\/\/www.galde.eu\/autores\/xabier-iraola-agirrezabala\/\"><em><b>Xabier Iraola<\/b><\/em><\/a><\/p>\n<p class=\"p2\"><strong>42<\/strong>. <a href=\"https:\/\/www.galde.eu\/argazkiak-contrastes\/\">Argazkiak: + contrastes: Besarkada Handi bat. \u00bfMundo rural?&#8230;<\/a><\/p>\n<p class=\"p2\"><strong>43<\/strong>. <a href=\"https:\/\/www.galde.eu\/cultivar-una-nueva-generacion-agraria-o-la-necesidad-de-recampesinizacion-del-mundo-rural\/\">Cultivar una nueva generaci\u00f3n agraria o la necesidad de recampesinizaci\u00f3n del mundo rural<\/a>. <a href=\"https:\/\/www.galde.eu\/autores\/neus-monllor\/\"><em><span class=\"s3\"><b>Neus Monllor<\/b><\/span><\/em><\/a><\/p>\n<p class=\"p1\"><span class=\"s1\"><strong>46<\/strong>. <a href=\"https:\/\/www.galde.eu\/tejiendo-la-despensa-hacia-un-modelo-de-gobernanza-alimentaria-en-la-merindad-de-sanguesa\/\">Tejiendo la despensa. Hacia un modelo de gobernanza alimentaria en la merindad de Sang\u00fcesa<\/a><\/span>. <a href=\"https:\/\/www.galde.eu\/autores\/rakel-aldaz\/\"><em><span class=\"s1\"><b>Rakel Aldaz<\/b><\/span><\/em><\/a><\/p>\n<p class=\"p1\"><span class=\"s1\"><strong>48<\/strong>. <\/span><a href=\"https:\/\/www.galde.eu\/libros-y-referencias-para-el-dosier-galde-34-mundo-rural\/\">Libros y referencias para el dosier Galde 34, Mundo Rural<\/a>.<\/p>\n<p class=\"p1\"><span class=\"s1\"><b>OCKHAMEN LABANA<\/b><\/span><\/p>\n<p class=\"p1\"><span class=\"s2\"><em><b><span class=\"s1\">49<\/span>. <a href=\"https:\/\/www.galde.eu\/ockhamen-labana-prozedura-zientifikoen-errepikagarritasunaz\/\">P<\/a><a href=\"https:\/\/www.galde.eu\/ockhamen-labana-prozedura-zientifikoen-errepikagarritasunaz\/\">rozedura zientifikoen errepikagarritasunaz<\/a>.<a href=\"inaki\"> Inaki I<\/a><a href=\"inaki\">razabalbeitia<\/a><\/b><\/em><\/span><\/p>\n<p class=\"p1\"><b>MUNDUAN ZEHAR INTERNACIONAL<\/b><\/p>\n<p class=\"p1\"><b>50<\/b><span class=\"s1\">. <\/span><a href=\"https:\/\/www.galde.eu\/etiopia-la-guerra-del-premio-nobel-de-la-paz\/\"><b>Etiop\u00eda<\/b>: La guerra del Premio Nobel de la Paz<\/a><span class=\"s2\">. <\/span><a href=\"https:\/\/www.galde.eu\/autores\/david-perez-de-unzueta\/\" target=\"_blank\" rel=\"noopener\"><em><b>David Perez <\/b><span class=\"s2\"><b>de <\/b><\/span><b>Unzueta<\/b><\/em><\/a><\/p>\n<p class=\"p1\"><span class=\"s1\"><b>53<\/b>. <\/span><a href=\"https:\/\/www.galde.eu\/afganistan-los-talibanes-como-solucion\/\"><b>Afganist\u00e1n: <\/b>\u00bfLos talibanes como soluci\u00f3n<\/a><span class=\"s2\"><a href=\"https:\/\/www.galde.eu\/afganistan-los-talibanes-como-solucion\/\">?<\/a> <a href=\"https:\/\/www.galde.eu\/autores\/victor-manuel-amado-castro\/\"><em><b>Victor M. Amado<\/b><\/em><\/a><\/span><\/p>\n<p class=\"p1\"><span class=\"s1\"><b>56<\/b>. <\/span><a href=\"https:\/\/www.galde.eu\/tras-la-violencia-politica-polifonia-de-la-verdad-en-colombia\/\"><b>Colombia: <\/b>Tras la violencia pol\u00edtica, polifon\u00eda de la verdad en Colombia<\/a>. <a href=\"https:\/\/www.galde.eu\/autores\/liliana-zambrano\/\" target=\"_blank\" rel=\"noopener\"><em><span class=\"s2\"><b>L<\/b><\/span><b>iliana <\/b><span class=\"s2\"><b>Z<\/b><\/span><b>ambrano-Quintero<\/b><\/em><\/a><\/p>\n<p class=\"p2\"><span class=\"s3\"><b>IKUSMIRA<\/b><\/span><\/p>\n<p class=\"p2\"><span class=\"s3\"><b>5<\/b><\/span><b>8<\/b>. <a href=\"https:\/\/www.galde.eu\/ikusmira-fotografias-cancion-de-paris\/\">Fotograf\u00edas: Canci\u00f3n de Par\u00eds<\/a>. <a href=\"https:\/\/www.galde.eu\/autores\/jose-horna\/\" target=\"_blank\" rel=\"noopener\"><b><em>Jose Horna<\/em><\/b><\/a><\/p>\n<p class=\"p2\"><span class=\"s3\"><b>KULTURA<\/b><\/span><\/p>\n<p class=\"p1\"><strong>60<\/strong> <a href=\"https:\/\/www.galde.eu\/periskopioa-y-de-todo-esto-que-hemos-aprendido\/\">Periskopioa: Y de\u00a0 todo esto&#8230; \u00bfqu\u00e9 hemos aprendido?<\/a> <a href=\"jason\"><em><strong>Jason &amp; Argonautas<\/strong><\/em><\/a><\/p>\n<p class=\"p1\"><span class=\"s1\"><b>62<\/b>. <a href=\"https:\/\/www.galde.eu\/donostiako-zinemaldia-69-ssiff-peliculas-verdes-del-siglo-xxi-que-no-escandalizan\/\">Donostiako Zinemaldia. 69 SSIFF. Pel\u00edculas \u201cverdes\u201d del siglo XXI, que no escandalizan<\/a><\/span>. <a href=\"rosabel\"><em><b>Rosabel Argote<\/b><\/em><\/a><\/p>\n<p class=\"p2\"><b>64<\/b>. <a href=\"https:\/\/www.galde.eu\/resena-hombres-justos-nuevas-masculinidades\/\">Rese\u00f1a: &#8220;Hombres justos&#8221;. Del patriarcado a las nuevas masculinidades<\/a> <a href=\"bego\u00f1a\"><em><b>Bego\u00f1a Muruaga<\/b><\/em><\/a><\/p>\n<p class=\"p2\"><b>65<\/b>. <a href=\"https:\/\/www.galde.eu\/resena-alianzas-rebeldes-un-feminismo-mas-alla-de-la-identidad\/\">Rese\u00f1a: &#8220;Alianzas rebeldes&#8221;. Un feminismo m\u00e1s all\u00e1 de la identidad.<\/a> <a href=\"dupl\u00e1\"><em><b>Antonio Dupl\u00e1<\/b><\/em><\/a><\/p>\n<p class=\"p2\"><b>66<\/b><span class=\"s3\">. <a href=\"https:\/\/www.galde.eu\/emerotokia-dicen\/\">Emerotokia. Dicen<\/a>: <strong><em>Berta Ferrero<\/em>, Sabi\u00f1e Zurutuza, Clara Serra, J.J.Milla\u0301s, Ana Gonz\u00e1lez, <\/strong><strong><em>\u00c1<\/em><\/strong><\/span><strong><em>ngela <span class=\"s3\">S<\/span>aini<\/em><\/strong><em><span class=\"s3\">,<\/span><\/em><strong><em><span class=\"s3\"> C<\/span>atalina<\/em><\/strong><em><strong> Adriano<\/strong>, <strong>Avante LGBT+, <\/strong><\/em><strong><em><span class=\"s3\">J<\/span>an<span class=\"s2\">-W<\/span>erner <span class=\"s3\">M<\/span>\u00fcller\u00a0<\/em><\/strong><em>y\u00a0<strong>Carlos Boyero.<\/strong><\/em><\/p>\n<\/div>\n<\/div>\n<\/div>\n<div class=\"page\" title=\"Page 2\">\n<div class=\"layoutArea\">\n<div class=\"column\">\n<div class=\"page\" title=\"Page 2\">\n<div class=\"layoutArea\">\n<div class=\"column\">\n<div class=\"page\" title=\"Page 2\">\n<div class=\"layoutArea\">\n<div class=\"column\">\n<div class=\"page\" title=\"Page 3\">\n<div class=\"section\">\n<div class=\"layoutArea\">\n<div class=\"column\">\n<p>&nbsp;<\/p>\n<hr \/>\n<p><strong>Editorial Galde <\/strong><b>34<\/b><\/p>\n<\/div>\n<div class=\"column\">\n<div class=\"page\" title=\"Page 3\">\n<div class=\"section\">\n<div class=\"layoutArea\">\n<div class=\"column\">\n<p class=\"p2\">Se acaba el verano, las vacaciones ya casi olvidadas, se inicia un nuevo curso, Afganist\u00e1n ya no est\u00e1 en las portadas como hasta hace poco tiempo, y ahora asistimos entre sobrecogidos y maravillados al espect\u00e1culo tr\u00e1gico de la erupci\u00f3n del volc\u00e1n Cumbre Vieja en la isla canaria de La Palma. La vida sigue. Y Galde acude puntualmente a su cita de finales de septiembre-primeros de octubre. Como siempre con un abanico de opiniones, reflexiones y material para leer pausada y tranquilamente. En esta ocasi\u00f3n el dosier aborda una tem\u00e1tica poco habitual en el entorno de Galde, gentes en general urbanitas y con una relaci\u00f3n m\u00e1s bien l\u00fadica y de ocio con el mundo rural. Si en las personas lectoras de Galde se suponen una conciencia y una preocupaci\u00f3n b\u00e1sicas por una agricultura sostenible, una alimentaci\u00f3n de proximidad o de \u00abkil\u00f3metro 0\u00bb y un comercio justo, el dosier va m\u00e1s all\u00e1 y aborda cuestiones como las pol\u00edticas de desarrollo rural en el Pa\u00eds Vasco, la despoblaci\u00f3n del campo, la situaci\u00f3n de la mujer en el mundo rural, los bosque o el problema del relevo generacional. Particularmente interesante me ha parecido el an\u00e1lisis de la Pol\u00edtica Agr\u00edcola Comunitaria en la entrevista a Tom\u00e1s Garc\u00eda Azc\u00e1rate. Y particularmente interesante resulta tambi\u00e9n la entrevista inicial a Koldo Mart\u00ednez, m\u00e9dico intensivista y senador auton\u00f3mico por Navarra, hablando de \u00e9tica y la ley de eutanasia, de la gesti\u00f3n de la pandemia o de la homofobia. En la secci\u00f3n de Internacional no pod\u00eda faltar la referencia a Afganist\u00e1n, pero tambi\u00e9n es importante traer a colaci\u00f3n guerras olvidadas, como la de Etiop\u00eda, o las tremendas dificultades para salir de una guerra, como en Colombia. En las primeras p\u00e1ginas, en \u00abBegiradak\u00bb, se habla de un feminismo rebelde, de la ILP en curso (ya est\u00e1 abierta la recogida de firmas, hasta enero), de un pionero permiso por menstruaci\u00f3n en Girona o de la lucha de las trabajadoras agr\u00edcolas en Almer\u00eda. Eta Zinemaldia, liburuak, Ikusmira, Ockhamen labana, Ibiltaria, Con luces largas, Jas\u00f3n eta bere Periskopio&#8230; Esandakoa, irakurketa perfektua udazkeneko arratsaldeetarako. Eta ez ahaztu Eusko Legebiltzarrean aurkeztutako baldintzarik gabeko oinarrizko errenta baterako LEIren alde sinatzea. Gabonetan ikusiko dugu elkar. Agur!<\/p>\n<\/div>\n<\/div>\n<\/div>\n<\/div>\n<\/div>\n<\/div>\n<\/div>\n<\/div>\n<\/div>\n<\/div>\n<\/div>\n<\/div>\n<\/div>\n<\/div>\n<\/div>\n<\/div>\n<\/div>\n<\/div>\n<p><\/p>","protected":false},"excerpt":{"rendered":"<p>&nbsp; **Revista Galde 34 completa en pdf **Dosier Galde 34 en pdf: Mundo Rural **Archivo de todas las revistas de Galde en pdf Galde 34 udazkena\/2021\/oto\u00f1o aurkibidea sumario ELKARRIZKETA 04. Koldo Martinez, Senador autono\u0301mico por Navarra. Inaki Irazabalbeitia, Manu Gonz\u00e1lez BEGIRADAK 08. Con luces largas: Perestroika o restauraci\u00f3n. Alberto Surio 110. Feminismo: Alianzas rebeldes. Clara [&hellip;]<\/p>\n","protected":false},"author":2,"featured_media":13893,"comment_status":"closed","ping_status":"closed","sticky":false,"template":"","format":"standard","meta":{"footnotes":""},"categories":[61,60],"tags":[],"class_list":["post-13872","post","type-post","status-publish","format-standard","has-post-thumbnail","hentry","category-indicedossier","category-indicerevistas","revista-galde-n34"],"_links":{"self":[{"href":"https:\/\/www.galde.eu\/eu\/wp-json\/wp\/v2\/posts\/13872","targetHints":{"allow":["GET"]}}],"collection":[{"href":"https:\/\/www.galde.eu\/eu\/wp-json\/wp\/v2\/posts"}],"about":[{"href":"https:\/\/www.galde.eu\/eu\/wp-json\/wp\/v2\/types\/post"}],"author":[{"embeddable":true,"href":"https:\/\/www.galde.eu\/eu\/wp-json\/wp\/v2\/users\/2"}],"replies":[{"embeddable":true,"href":"https:\/\/www.galde.eu\/eu\/wp-json\/wp\/v2\/comments?post=13872"}],"version-history":[{"count":1,"href":"https:\/\/www.galde.eu\/eu\/wp-json\/wp\/v2\/posts\/13872\/revisions"}],"predecessor-version":[{"id":18610,"href":"https:\/\/www.galde.eu\/eu\/wp-json\/wp\/v2\/posts\/13872\/revisions\/18610"}],"wp:featuredmedia":[{"embeddable":true,"href":"https:\/\/www.galde.eu\/eu\/wp-json\/wp\/v2\/media\/13893"}],"wp:attachment":[{"href":"https:\/\/www.galde.eu\/eu\/wp-json\/wp\/v2\/media?parent=13872"}],"wp:term":[{"taxonomy":"category","embeddable":true,"href":"https:\/\/www.galde.eu\/eu\/wp-json\/wp\/v2\/categories?post=13872"},{"taxonomy":"post_tag","embeddable":true,"href":"https:\/\/www.galde.eu\/eu\/wp-json\/wp\/v2\/tags?post=13872"}],"curies":[{"name":"wp","href":"https:\/\/api.w.org\/{rel}","templated":true}]}}