{"id":13629,"date":"2021-03-25T10:04:32","date_gmt":"2021-03-25T09:04:32","guid":{"rendered":"https:\/\/www.galde.eu\/?p=13629"},"modified":"2021-07-12T12:55:27","modified_gmt":"2021-07-12T10:55:27","slug":"construccion-ecologica-economia","status":"publish","type":"post","link":"https:\/\/www.galde.eu\/eu\/construccion-ecologica-economia\/","title":{"rendered":"Por la reconstruccio\u0301n ecolo\u0301gica de la economi\u0301a"},"content":{"rendered":"<p><a href=\"https:\/\/www.galde.eu\/wp-content\/uploads\/2021\/03\/Ola-Verde-e1626086524635.jpg\"><img loading=\"lazy\" decoding=\"async\" class=\"aligncenter size-full wp-image-13632 colorbox-13629\" src=\"https:\/\/www.galde.eu\/wp-content\/uploads\/2021\/03\/Ola-Verde-e1626086524635.jpg\" alt=\"\" width=\"580\" height=\"387\" data-id=\"13632\" \/><\/a><\/p>\n<p>&nbsp;<\/p>\n<p>Galde 32 udaberria\/2021\/primavera.\u00a0Unai Pascual<\/p>\n<p>En mayo de 2020 en la primera ola del covid-19, la comunidad cient\u00edfica vasca lanz\u00f3 el manifiesto \u00abEuskal Herria poscovid-19\u00bb (<a href=\"https:\/\/euskalherriapostcovid19.eus\/es\/inicio\/\" target=\"_blank\" rel=\"noopener\">https:\/\/euskalherriapostcovid19.eus\/es\/inicio\/<\/a>) donde reivindicaba una nueva normalidad basada en la econom\u00eda ecol\u00f3gica. El objetivo era promover un debate social profundo para transitar de la crisis socio-ecol\u00f3gica actual a un modelo econ\u00f3mico m\u00e1s resiliente y justo. Alrededor de 800 personas de la academia y la ciencia en Euskal Herria, 200 agentes sociales y miles de personas apoyaron con su firma lo expresado en ese manifiesto.<\/p>\n<p>La actual \u00absindemia\u00bb, la interacci\u00f3n negativa global entre factores sociales, ambientales y de salud, ha demostrado que el cuidado de las personas y de la naturaleza chocan frontalmente con el actual metabolismo econ\u00f3mico. El sistema econ\u00f3mico actual, basado en un crecimiento continuo del uso de materiales y energ\u00eda sin reparar en los l\u00edmites ecol\u00f3gicos, ha demostrado, una vez m\u00e1s, su gran vulnerabilidad. Su af\u00e1n expansivo se asemeja a una locomotora sin frenos y a una destructiva apisonadora. La b\u00fasqueda de crecimiento continuo en un planeta finito causa crisis c\u00edclicas, de car\u00e1cter tanto econ\u00f3mico, social como ecol\u00f3gico. La actual crisis es un claro ejemplo. El covid-19 no ha llegado inesperadamente, la comunidad cient\u00edfica ya ven\u00eda alertando del riesgo de este tipo de pandemias. Los mismos factores que han llevado a la crisis clim\u00e1tica a provocar la destrucci\u00f3n de ecosistemas naturales y aumentan la probabilidad de que surjan nuevas pandemias, como resaltan la Organizaci\u00f3n Mundial de la Salud y la Plataforma Intergubernamental sobre Biodiversidad y los Servicios de los Ecosistemas (IPBES).<\/p>\n<p>El diagn\u00f3stico es meridianamente claro. Los seres humanos somos interdependientes, pero tambi\u00e9n somos eco-dependientes. La sostenibilidad de la vida como la conocemos pasa por un momento hist\u00f3rico cr\u00edtico en el que convergen diferentes crisis globales (clima, energ\u00eda, biodiversidad, cuidados, pandemia). Es, por tanto, tiempo de cambiar de rumbo y de promover una transici\u00f3n socio-ecol\u00f3gica que garantice tanto el bienestar como la salud a nivel planetario. La econom\u00eda se debe reestructurar para crear renta y puestos de trabajo. Para ello, como bien indica el informe del economista Partha Dasgupta (publicado a principios de febrero por el Ministerio de Hacienda del Reino Unido), hay que reducir el protagonismo de indicadores como el PIB y priorizar inversiones en resiliencia socio-ecol\u00f3gica. Invertir en resiliencia significa aumentar la capacidad de mitigaci\u00f3n\u00a0y adaptaci\u00f3n a diferentes tipos de shocks asociados con las crisis globales, de forma que se mantengan indicadores esenciales de bienestar, como el empleo estable, el acceso a bienes p\u00fablicos (educaci\u00f3n, cuidados y salud), el derecho y custodia de un medio ambiente sano, o un robusto tejido social de apoyo mutuo. Este cambio de mentalidad es m\u00e1s necesario que nunca para lograr el bienestar humano, el cuidado comunitario y la justicia social. Si no nos ponemos manos a la obra, las generaciones venideras tendr\u00e1n a\u00fan m\u00e1s dif\u00edcil realizar este cambio.<\/p>\n<p>Ante este diagn\u00f3stico, \u00bfqu\u00e9 podemos hacer? Como parte de la comunidad cient\u00edfica vasca, pensamos que es necesaria una reflexi\u00f3n social para identificar soluciones integrales desde las capacidades intelectuales, econ\u00f3micas, sociales y culturales de cada una de las personas y comunidades en las que participamos. El estancamiento de la econom\u00eda debido a la pandemia\u00a0ofrece una oportunidad \u00fanica para restablecer v\u00ednculos cercanos, duraderos y justos entre la econom\u00eda, la salud y el medio ambiente. Esta reflexi\u00f3n participativa debe servir para colocarnos en un futuro resiliente y justo.<\/p>\n<p>Para ello, es necesario coordinar las acciones individuales y colectivas a nivel social, las del sector privado y las de las administraciones p\u00fablicas.<\/p>\n<p>Un aspecto crucial de esta reflexi\u00f3n es c\u00f3mo armonizar prioridades individuales y colectivas. Los \u00faltimos meses han mostrado que existen diferentes grados de vulnerabilidad social ante un mismo shock, en funci\u00f3n del estado de salud de las personas y su situaci\u00f3n socio-econ\u00f3mica. En momentos como el actual se observan los grandes desequilibrios sociales entre el Sur y el Norte globales, as\u00ed como entre diferentes estratos sociales dentro de cada pa\u00eds. El afloramiento de los impactos desiguales sobre la poblaci\u00f3n es un claro signo de la baja resiliencia y de la fricci\u00f3n entre las necesidades y prioridades a nivel individual, sectorial y colectivo.<\/p>\n<p>La denominada \u00abnueva normalidad\u00bb debe situarse en coordenadas socio-ecol\u00f3gicas resilientes y equitativas. Para salir reforzados de esta situaci\u00f3n se requieren soluciones que partan de la acci\u00f3n participativa colectiva, facilitada por la Administraci\u00f3n y los agentes p\u00fablicos, dando prioridad al bien com\u00fan por encima de deseos individuales, por leg\u00edtimos que puedan parecer.<\/p>\n<p>En este sentido, vemos con honda preocupaci\u00f3n dos elementos que se enfrentan a un modelo socioecon\u00f3mico que garantice el bienestar humano y la salud del planeta. Por un lado, la inercia para reactivar la econom\u00eda mediante el viejo modelo econ\u00f3mico, por ejemplo, potenciando la hipermovilidad basada en el veh\u00edculo privado (modelo de dependencia y congesti\u00f3n) en lugar de la movilidad sostenible, o anteponiendo ic\u00f3nicas infraestructuras a las prioridades diarias de grandes sectores de la poblaci\u00f3n. Por otro lado, existen factores que juegan en contra del empoderamiento que cada individuo y colectivo social necesita para comprometerse y trabajar a favor de la \u00abnueva normalidad\u00bb, como son el miedo, el hartazgo y el deseo de soluciones simples a problemas complejos. Hay que apoyar los avances cient\u00edficos, y promover la capacidad participativa y organizativa de la sociedad.<\/p>\n<p>Es tiempo de auzolan (trabajo solidario y comunitario).<\/p>\n<p>Es tiempo para armonizar y revalorizar la toma de decisiones de las comunidades locales que velan por el cuidado de todos\/as.<\/p>\n<p>En este contexto, en pocos meses tenemos la oportunidad de poner en marcha inversiones estrat\u00e9gicas, en gran parte apoyadas por los fondos europeos (Europe Next Generation). Estos fondos se deben asignar muy cuidadosamente para una metamorfosis del actual modelo productivo hacia una econom\u00eda ecol\u00f3gica y por tanto justa, equitativa y eficiente, haciendo seguimiento de sus resultados. Para ello, la comunidad cient\u00edfica vasca deber\u00eda contribuir haciendo propuestas sobre la asignaci\u00f3n de los fondos de reconstrucci\u00f3n establecidos por las distintas Administraciones. No podemos dejar escapar este tren.<\/p>\n<p>Unai Pascual.<\/p>\n<p>Tambi\u00e9n firman este art\u00edculo Aiora Zabala, Arturo Elosegi, I\u00f1aki Barcena, Mirene Begiristain, David Hoyos, Joseba Azkarraga, Aida L\u00f3pez y 412 firmas m\u00e1s del \u00e1mbito cient\u00edfico vasco.<\/p>\n","protected":false},"excerpt":{"rendered":"<p>Galde 32 udaberria\/2021\/primavera.\u00a0Unai Pascual.- En mayo de 2020 en la primera ola del covid-19, la comunidad cient\u00edfica vasca lanz\u00f3 el manifiesto \u00abEuskal Herria poscovid-19\u00bb donde reivindicaba una nueva normalidad basada en la econom\u00eda ecol\u00f3gica. El objetivo era promover un debate social profundo para transitar de la crisis socio-ecol\u00f3gica actual a un modelo econ\u00f3mico m\u00e1s resiliente [&hellip;]<\/p>\n","protected":false},"author":2,"featured_media":13635,"comment_status":"closed","ping_status":"open","sticky":false,"template":"","format":"standard","meta":{"footnotes":""},"categories":[2,5],"tags":[],"class_list":["post-13629","post","type-post","status-publish","format-standard","has-post-thumbnail","hentry","category-dossier","category-politica","revista-galde-n32"],"_links":{"self":[{"href":"https:\/\/www.galde.eu\/eu\/wp-json\/wp\/v2\/posts\/13629","targetHints":{"allow":["GET"]}}],"collection":[{"href":"https:\/\/www.galde.eu\/eu\/wp-json\/wp\/v2\/posts"}],"about":[{"href":"https:\/\/www.galde.eu\/eu\/wp-json\/wp\/v2\/types\/post"}],"author":[{"embeddable":true,"href":"https:\/\/www.galde.eu\/eu\/wp-json\/wp\/v2\/users\/2"}],"replies":[{"embeddable":true,"href":"https:\/\/www.galde.eu\/eu\/wp-json\/wp\/v2\/comments?post=13629"}],"version-history":[{"count":0,"href":"https:\/\/www.galde.eu\/eu\/wp-json\/wp\/v2\/posts\/13629\/revisions"}],"wp:featuredmedia":[{"embeddable":true,"href":"https:\/\/www.galde.eu\/eu\/wp-json\/wp\/v2\/media\/13635"}],"wp:attachment":[{"href":"https:\/\/www.galde.eu\/eu\/wp-json\/wp\/v2\/media?parent=13629"}],"wp:term":[{"taxonomy":"category","embeddable":true,"href":"https:\/\/www.galde.eu\/eu\/wp-json\/wp\/v2\/categories?post=13629"},{"taxonomy":"post_tag","embeddable":true,"href":"https:\/\/www.galde.eu\/eu\/wp-json\/wp\/v2\/tags?post=13629"}],"curies":[{"name":"wp","href":"https:\/\/api.w.org\/{rel}","templated":true}]}}