{"id":13581,"date":"2021-06-22T10:20:41","date_gmt":"2021-06-22T08:20:41","guid":{"rendered":"https:\/\/www.galde.eu\/?p=13581"},"modified":"2021-07-09T19:16:33","modified_gmt":"2021-07-09T17:16:33","slug":"libros-referencias-dosier-galde-33","status":"publish","type":"post","link":"https:\/\/www.galde.eu\/eu\/libros-referencias-dosier-galde-33\/","title":{"rendered":"Libros y referencias para el dosier Galde 33"},"content":{"rendered":"<p><strong>Bibliograf\u00eda<\/strong>.\u00a0<br \/>Galde 33 uda\/2021\/verano.\u00a0<\/p>\n<p>&nbsp;<\/p>\n<p><a href=\"https:\/\/www.galde.eu\/wp-content\/uploads\/2021\/06\/carmevalls.jpg\"><img loading=\"lazy\" decoding=\"async\" class=\"aligncenter size-full wp-image-13563 colorbox-13581\" src=\"https:\/\/www.galde.eu\/wp-content\/uploads\/2021\/06\/carmevalls.jpg\" alt=\"\" width=\"250\" height=\"378\" data-id=\"13563\" srcset=\"https:\/\/www.galde.eu\/wp-content\/uploads\/2021\/06\/carmevalls.jpg 250w, https:\/\/www.galde.eu\/wp-content\/uploads\/2021\/06\/carmevalls-198x300.jpg 198w\" sizes=\"auto, (max-width: 250px) 100vw, 250px\" \/><\/a><\/p>\n<p><strong><a href=\"https:\/\/capitanswing.com\/libros\/mujeres-invisibles-para-la-medicina\/\" target=\"_blank\" rel=\"noopener\">Mujeres invisibles para la medicina<\/a>\u00a0<\/strong><br \/><strong>Carme Valls Llobet\u00a0<\/strong><br \/><strong>Capit\u00e1n Swing 2020\u00a0<\/strong><\/p>\n<p>\u00bfPor qu\u00e9 la medicina ignora a las mujeres? En este libro, Carme Valls, m\u00e9dica, divulgadora, y diputada en el Parlament de Catalunya, analiza el papel de las mujeres en la historia de la medicina, de la represi\u00f3n y la exclusi\u00f3n de las que han sido y son v\u00edctimas. Adem\u00e1s, el libro analiza las diferencias de g\u00e9nero en la atenci\u00f3n sanitaria y otros problemas actuales.\u00a0<\/p>\n<p>&nbsp;<\/p>\n<p><a href=\"https:\/\/www.galde.eu\/wp-content\/uploads\/2021\/06\/padilla.jpg\"><img loading=\"lazy\" decoding=\"async\" class=\"aligncenter size-full wp-image-13567 colorbox-13581\" src=\"https:\/\/www.galde.eu\/wp-content\/uploads\/2021\/06\/padilla.jpg\" alt=\"\" width=\"253\" height=\"339\" data-id=\"13567\" srcset=\"https:\/\/www.galde.eu\/wp-content\/uploads\/2021\/06\/padilla.jpg 253w, https:\/\/www.galde.eu\/wp-content\/uploads\/2021\/06\/padilla-224x300.jpg 224w\" sizes=\"auto, (max-width: 253px) 100vw, 253px\" \/><\/a><\/p>\n<p><strong><a href=\"https:\/\/capitanswing.com\/libros\/a-quien-vamos-a-dejar-morir\/\" target=\"_blank\" rel=\"noopener\">\u00bfA qui\u00e9n vamos a dejar morir?\u00a0<\/a><\/strong><br \/><strong>Javier Padilla\u00a0<\/strong><br \/><strong>Capit\u00e1n Swing (2019)\u00a0<\/strong><\/p>\n<p>La sanidad siempre est\u00e1 en crisis, la responsabilidad de enfermar no puede atribuirse solamente a la persona que enferma y para cambiar la sanidad tenemos que cambiar la sociedad entera. Este libro plantea qu\u00e9 sociedad puede permitirse una sanidad p\u00fablica para las pr\u00f3ximas d\u00e9cadas, y qu\u00e9 sistema p\u00fablico de salud puede aportar algo a una sociedad que ha de transformarse para resistir y cambiar las din\u00e1micas de precarizaci\u00f3n y crisis permanente del sistema econ\u00f3mico y social.<\/p>\n<p>&nbsp;<\/p>\n<p><a href=\"https:\/\/www.galde.eu\/wp-content\/uploads\/2021\/06\/claravalverde.jpg\"><img loading=\"lazy\" decoding=\"async\" class=\"aligncenter size-full wp-image-13564 colorbox-13581\" src=\"https:\/\/www.galde.eu\/wp-content\/uploads\/2021\/06\/claravalverde.jpg\" alt=\"\" width=\"253\" height=\"354\" data-id=\"13564\" srcset=\"https:\/\/www.galde.eu\/wp-content\/uploads\/2021\/06\/claravalverde.jpg 253w, https:\/\/www.galde.eu\/wp-content\/uploads\/2021\/06\/claravalverde-214x300.jpg 214w\" sizes=\"auto, (max-width: 253px) 100vw, 253px\" \/><\/a><br \/><strong><a href=\"https:\/\/icariaeditorial.com\/asaco\/4214-la-sanidad-esta-en-venta-y-tambien-nuestra-salud-prologo-de-vicenc-navarro.html?search_query=La+sanidad+esta+en+venta&amp;results=1\" target=\"_blank\" rel=\"noopener\">La sanidad est\u00e1 en venta<\/a><\/strong><br \/><strong>Clara Valverde, Joan Benach, Carles Muntaner, Gemma Tarafa<\/strong><br \/><strong>Icaria, 2012<\/strong><\/p>\n<p>Este libro colectivo defiende la atenci\u00f3n sanitaria p\u00fablica, universal y de calidad como derecho ciudadano, independiente de la condici\u00f3n so\u00adcial o lugar de residencia. La progresiva aplicaci\u00f3n de pol\u00edticas neoliberales, que desmantelan el Estado del bienestar y favorecen la priva\u00adtizaci\u00f3n de la sanidad, da\u00f1a la sa\u00adlud y aumenta la desigualdad, lo que hace necesaria la defensa de un derecho que, hoy, est\u00e1 amenazado<\/p>\n<p>&nbsp;<\/p>\n<p><a href=\"https:\/\/www.galde.eu\/wp-content\/uploads\/2021\/06\/joanbenach.jpg\"><img loading=\"lazy\" decoding=\"async\" class=\"aligncenter size-full wp-image-13565 colorbox-13581\" src=\"https:\/\/www.galde.eu\/wp-content\/uploads\/2021\/06\/joanbenach.jpg\" alt=\"\" width=\"253\" height=\"351\" data-id=\"13565\" srcset=\"https:\/\/www.galde.eu\/wp-content\/uploads\/2021\/06\/joanbenach.jpg 253w, https:\/\/www.galde.eu\/wp-content\/uploads\/2021\/06\/joanbenach-216x300.jpg 216w\" sizes=\"auto, (max-width: 253px) 100vw, 253px\" \/><\/a><br \/><strong><a href=\"https:\/\/icariaeditorial.com\/novedades\/4683-la-salud-es-politica-un-planeta-enfermo-de-desigualdades.html?search_query=La+salud+es+politica&amp;results=33\" target=\"_blank\" rel=\"noopener\">La salud es pol\u00edtica<\/a><\/strong><br \/><strong>\u201cUn planeta enfermo de desigualdades\u201d<\/strong><br \/><strong>Joan Benach<\/strong><br \/><strong>Icaria 2021<\/strong><\/p>\n<p>Ante un escenario tan dif\u00edcil y complejo como peligroso, este libro quiere aportar algunas respuestas a temas tan cruciales para la salud y la equidad como la pol\u00edtica y la desigualdad, la crisis ecol\u00f3gica y el sistema capitalista, el desempleo y la precarizaci\u00f3n laboral, la mercantilizaci\u00f3n sanitaria y la reciente pandemia del coronavirus. Y hace una apuesta decidida por la salud p\u00fablica, entendida de una manera integral.<\/p>\n<p>&nbsp;<\/p>\n<p><a href=\"https:\/\/www.galde.eu\/wp-content\/uploads\/2021\/06\/epidemiocracia.jpg\"><img loading=\"lazy\" decoding=\"async\" class=\"aligncenter size-full wp-image-13566 colorbox-13581\" src=\"https:\/\/www.galde.eu\/wp-content\/uploads\/2021\/06\/epidemiocracia.jpg\" alt=\"\" width=\"253\" height=\"381\" data-id=\"13566\" srcset=\"https:\/\/www.galde.eu\/wp-content\/uploads\/2021\/06\/epidemiocracia.jpg 253w, https:\/\/www.galde.eu\/wp-content\/uploads\/2021\/06\/epidemiocracia-199x300.jpg 199w\" sizes=\"auto, (max-width: 253px) 100vw, 253px\" \/><\/a><br \/><strong><a href=\"https:\/\/capitanswing.com\/libros\/epidemiocracia\/\" target=\"_blank\" rel=\"noopener\">Epidemiocracia<\/a><\/strong><br \/><strong>Javier Padilla y Pedro Gull\u00f3n<\/strong><br \/><strong>Capit\u00e1n Swing 2020<\/strong><\/p>\n<p>Los virus no entienden de fronteras ni clases sociales. No hemos parado de escuchar esta frase como un mantra, como una aventura m\u00e1gica en la que los virus aparecen de un espacio neutro, llegan, infectan y desaparecen. Pero es falso. En este texto se plantea que las epidemias no surgen de la nada, parten de unos contextos sociales y pol\u00edticos concretos; y entender este sustrato pol\u00edtico, econ\u00f3mico, sanitario y social es clave para analizar c\u00f3mo afectan. La peste, la tuberculosis, el sida, el \u00e9bola, la malaria y recientemente la COVID-19 surgieron de contextos determinados, impactaron de forma diferencial sobre determinados grupos sociales y transformaron las sociedades que se encontraron.<\/p>\n","protected":false},"excerpt":{"rendered":"<p>Bibliograf\u00eda.\u00a0Galde 33 uda\/2021\/verano.\u00a0 &nbsp; Mujeres invisibles para la medicina\u00a0Carme Valls Llobet\u00a0Capit\u00e1n Swing 2020\u00a0 \u00bfPor qu\u00e9 la medicina ignora a las mujeres? En este libro, Carme Valls, m\u00e9dica, divulgadora, y diputada en el Parlament de Catalunya, analiza el papel de las mujeres en la historia de la medicina, de la represi\u00f3n y la exclusi\u00f3n de las [&hellip;]<\/p>\n","protected":false},"author":2,"featured_media":13568,"comment_status":"closed","ping_status":"open","sticky":false,"template":"","format":"standard","meta":{"footnotes":""},"categories":[2,64,5],"tags":[],"class_list":["post-13581","post","type-post","status-publish","format-standard","has-post-thumbnail","hentry","category-dossier","category-libros","category-politica","revista-galde-n33"],"_links":{"self":[{"href":"https:\/\/www.galde.eu\/eu\/wp-json\/wp\/v2\/posts\/13581","targetHints":{"allow":["GET"]}}],"collection":[{"href":"https:\/\/www.galde.eu\/eu\/wp-json\/wp\/v2\/posts"}],"about":[{"href":"https:\/\/www.galde.eu\/eu\/wp-json\/wp\/v2\/types\/post"}],"author":[{"embeddable":true,"href":"https:\/\/www.galde.eu\/eu\/wp-json\/wp\/v2\/users\/2"}],"replies":[{"embeddable":true,"href":"https:\/\/www.galde.eu\/eu\/wp-json\/wp\/v2\/comments?post=13581"}],"version-history":[{"count":0,"href":"https:\/\/www.galde.eu\/eu\/wp-json\/wp\/v2\/posts\/13581\/revisions"}],"wp:featuredmedia":[{"embeddable":true,"href":"https:\/\/www.galde.eu\/eu\/wp-json\/wp\/v2\/media\/13568"}],"wp:attachment":[{"href":"https:\/\/www.galde.eu\/eu\/wp-json\/wp\/v2\/media?parent=13581"}],"wp:term":[{"taxonomy":"category","embeddable":true,"href":"https:\/\/www.galde.eu\/eu\/wp-json\/wp\/v2\/categories?post=13581"},{"taxonomy":"post_tag","embeddable":true,"href":"https:\/\/www.galde.eu\/eu\/wp-json\/wp\/v2\/tags?post=13581"}],"curies":[{"name":"wp","href":"https:\/\/api.w.org\/{rel}","templated":true}]}}