{"id":13275,"date":"2021-03-25T11:45:18","date_gmt":"2021-03-25T10:45:18","guid":{"rendered":"https:\/\/www.galde.eu\/?p=13275"},"modified":"2021-10-23T18:08:38","modified_gmt":"2021-10-23T16:08:38","slug":"dosier-galde-32-pacto-verde-europeo","status":"publish","type":"post","link":"https:\/\/www.galde.eu\/eu\/dosier-galde-32-pacto-verde-europeo\/","title":{"rendered":"Dosier Galde 32: Pacto Verde Europeo"},"content":{"rendered":"<p><\/p>\n<p><a href=\"https:\/\/www.galde.eu\/wp-content\/uploads\/2021\/03\/introdosier.jpg\"><img loading=\"lazy\" decoding=\"async\" class=\"aligncenter size-full wp-image-13277 colorbox-13275\" src=\"https:\/\/www.galde.eu\/wp-content\/uploads\/2021\/03\/introdosier.jpg\" alt=\"\" width=\"280\" height=\"200\" data-id=\"13277\" \/><\/a><\/p>\n<p>&nbsp;<\/p>\n<p><span class=\"s2\">**<a href=\"https:\/\/drive.google.com\/file\/d\/1SWFNtCGuCwQ-AoVmuEeDdwTXTLvZWxgd\/view?usp=sharing\" target=\"_blank\" rel=\"noopener noreferrer\">Dosier Galde 32 en pdf: Pacto Verde Europeo<\/a><br \/><b>**<\/b><a href=\"https:\/\/drive.google.com\/file\/d\/1Cn7NKQ_gxFCgMP8xg70I3eTRjkEjgUTf\/view?usp=sharing\" target=\"_blank\" rel=\"noopener noreferrer\">Revista Galde 32 completa en pdf<\/a><br \/><\/span><span class=\"s2\"><b>**<\/b><a href=\"https:\/\/drive.google.com\/open?id=0B-6NvzniCy2GfmtoS3dPQWFSY2lfczROZEJaN0xsX3NzbEZFeW00cmtUNlhXMUxaUXUtdlk\" target=\"_blank\" rel=\"noopener noreferrer\"><span class=\"s5\"><b>Archivo de todas las revistas de Galde en pdf<\/b><\/span><\/a><\/span><\/p>\n<p><strong>Galde 32 udaberria\/2021\/primavera<\/strong><\/p>\n<p><strong>DOSIER. Pacto Verde Europeo. <a href=\"#intro\">Introducci\u00f3n<\/a><\/strong><\/p>\n<div class=\"page\" title=\"Page 2\">\n<div class=\"layoutArea\">\n<div class=\"column\">\n<div class=\"page\" title=\"Page 2\">\n<div class=\"layoutArea\">\n<div class=\"column\">\n<p><strong>22<\/strong>. <a href=\"https:\/\/www.galde.eu\/luces-y-sombras-del-pacto-verde-europeo\/\">Luces y sombras del Pacto Verde Europeo<\/a>. <a href=\"mugala\"><strong><em>Colectivo Mugalariak<\/em><\/strong><\/a><\/p>\n<\/div>\n<\/div>\n<\/div>\n<div class=\"page\" title=\"Page 2\">\n<div class=\"layoutArea\">\n<div class=\"column\">\n<p><strong>23<\/strong>. <a title=\"Enlace permanente a la entrevista con el comisario europeo Virginijus Sinkevicius\" href=\"https:\/\/www.galde.eu\/entrevista-a-virginijus-sinkevicius\/\" rel=\"bookmark\">Entrevista al comisario europeo de Medio Ambiente Virginijus Sinkevicius<\/a>. <strong><em><a href=\"manu\">Manu Gonza\u0301lez Baragan\u0303a<\/a>, <a href=\"aldu\u00e1n\">Alfonso Sanz Aldu\u00e1n<\/a><\/em><\/strong><\/p>\n<\/div>\n<\/div>\n<\/div>\n<p><strong>27<\/strong>. <a href=\"https:\/\/www.galde.eu\/dar-la-vuelta-al-sistema-para-entrar-en-numeros-verdes\/\">Dar la vuelta al sistema para entrar en nu\u0301meros verdes<\/a>. <em><strong><a href=\"https:\/\/www.galde.eu\/autores\/mario-rodriguez-vargas\/\">Mario Rodr\u00edguez Vargas. Greenpeace\u00a0<\/a><\/strong><\/em><\/p>\n<\/div>\n<\/div>\n<div class=\"layoutArea\">\n<div class=\"column\">\n<p><strong>30<\/strong>. <a href=\"https:\/\/www.galde.eu\/limites-materiales-como-de-verdes-son-las-energias-verdes\/\">Li\u0301mites materiales. \u00bfCo\u0301mo de \u00abverdes\u00bb son las energi\u0301as verdes<\/a>. <strong><em><a href=\"alicia\">Alicia Valero Delgado<\/a>, <a href=\"Guiomar\">Guiomar Calvo Sevillano<\/a><\/em><\/strong><\/p>\n<p><strong>32<\/strong>. <a href=\"https:\/\/www.galde.eu\/pacto-verde-europeo-de-que-sostenibilidad-hablamos\/\">Pacto Verde Europeo: \u00bfde qu\u00e9 sostenibilidad hablamos?<\/a> <a href=\"https:\/\/www.galde.eu\/autores\/andres-herrera\/\"><strong><em>Andre\u0301s Fernando Herrera<\/em><\/strong><\/a><\/p>\n<p><strong>34<\/strong>. <a href=\"https:\/\/www.galde.eu\/el-pacto-verde-europeo-llave-para-una-transicion-ecologica-y-justa\/#post-13347-footnote-ref-1\">El Pacto Verde Europeo, \u00bfllave para una transici\u00f3n ecol\u00f3gica y justa?<\/a> <a href=\"El%20Pacto Verde Europeo, \u00bfllave para una transici\u00f3n ecol\u00f3gica y justa?\"><strong><em>Florent Marcellesi<\/em><\/strong><\/a><\/p>\n<p><strong>37<\/strong>. <a href=\"https:\/\/www.galde.eu\/pacto-verde-europeo-en-espana-ultima-oportunidad-para-la-reconversion-ecologica-del-pais\/\">Pacto verde europeo en Espa\u00f1a: \u00faltima oportunidad para la reconversi\u00f3n ecol\u00f3gica del pa\u00eds<\/a>. <em><strong><a href=\"https:\/\/www.galde.eu\/autores\/fernando-prieto\/\">Fernando Prieto<\/a>, <a href=\"https:\/\/www.galde.eu\/autores\/carlos-alfonso\/\">Carlos Alfonso<\/a>, <a href=\"https:\/\/www.galde.eu\/autores\/alvaro-gaertner\/\">Alvaro Gaertner<\/a><\/strong><\/em><\/p>\n<p><strong>40<\/strong>. <a href=\"https:\/\/www.galde.eu\/pacto-verde-y-retos-para-la-nueva-gobernanza\/\">Pacto verde y retos para la nueva Gobernanza<\/a>. <a href=\"https:\/\/www.galde.eu\/autores\/juanjo-alvarez\/\"><em><strong>Juanjo A\u0301lvarez<\/strong><\/em><\/a><\/p>\n<p><strong>42<\/strong>. <a href=\"https:\/\/www.galde.eu\/tipo-transicion-hace-falta-espana\/\">Que tipo de transicio\u0301n hace falta en Espan\u0303a<\/a>. <strong><em><a href=\"https:\/\/www.galde.eu\/autores\/luis-gonzalez-reyes\/\">Luis Gonz\u00e1lez Reyes<\/a><\/em><\/strong><\/p>\n<p><strong>44<\/strong>. <a href=\"https:\/\/www.galde.eu\/ebk-trantsizio-ekologikoa\/\">EBk trantsizio ekologikoa erabiltzen du bere betiko politikak zuritzeko<\/a>.<strong><em> <a href=\"https:\/\/www.galde.eu\/autores\/ainhara-plazaola\/\">Ainhara Plazaola<\/a><\/em><\/strong><\/p>\n<p><strong>46<\/strong>. <a href=\"https:\/\/www.galde.eu\/construccion-ecologica-economia\/\">Por la reconstruccio\u0301n ecolo\u0301gica de la economi\u0301a<\/a>. <strong><em><a href=\"https:\/\/www.galde.eu\/autores\/unai-pascual\/\">Unai Pascual<\/a><\/em><\/strong><\/p>\n<p><strong>48<\/strong>. <a href=\"https:\/\/www.galde.eu\/libros-y-referencias-para-el-dosier-galde-32\/\">Libros y referencias para el dosier Galde 32<\/a><\/p>\n<p>\u00b7<br \/><a id=\"intro\"><\/a><br \/><strong>DOSIER. Pacto Verde Europeo. Introducci\u00f3n<\/strong><\/p>\n<p>Tras el antecedente del <em>Green New Deal<\/em> propuesto por Ocasio-Cortez en EE. UU., como plan federal de inversi\u00f3n tendente a crear millones de empleos basados en el despliegue y distribuci\u00f3n de energ\u00eda sostenible, el Pacto Verde Europeo pretende erigirse en el centro de la nueva estrategia europea de crecimiento. Presentado a finales de 2019, y planteado <em>\u201ccomo una nueva forma de vivir y de trabajar, de producir y de consumir\u201d<\/em>, el Pacto Verde Europeo ha levantado tantas expectativas como dudas sobre su verdadero significado y alcance. Teniendo todo ello en cuenta, y trat\u00e1ndose de una cuesti\u00f3n que afecta de lleno a las posibilidades reales de transitar hacia otro modelo social y ecol\u00f3gico, hemos decidido dedicar al tema este nuevo dossier de Galde.<\/p>\n<p>Para ello, el dossier comienza con una entrevista a Virginijus Sinkevicius, Comisario de Medio Ambiente, Oc\u00e9anos y Pesca de la Uni\u00f3n Europea, con el objetivo de conocer la posici\u00f3n institucional de la Comisi\u00f3n sobre este asunto. Tras la entrevista, el dossier aborda la cuesti\u00f3n del Pacto Verde desde distintos \u00e1ngulos, a trav\u00e9s de una serie de art\u00edculos en los que se plantean aspectos cr\u00edticos de diferente naturaleza y calado como son los relativos a la sostenibilidad del pacto, su alcance real en t\u00e9rminos ecol\u00f3gicos, su relaci\u00f3n con las pol\u00edticas de empleo, la necesaria transici\u00f3n pendiente, la cuesti\u00f3n de la gobernabilidad, y otros. Los art\u00edculos corren a cargo de Mario Rodriguez (Greenpeace), Florent Marcellesi (Coportavoz de EQUO y exeurodiputado de Los Verdes), Alicia Valero y Guiomar Calvo (Instituto CIRCE- Universidad de Zaragoza), Juan Jos\u00e9 Alvarez (Instituto Globernance-UPV\/EHU), Fernando Prieto (Observatorio de la Sostenibilidad), Andr\u00e9s Herrera (Hegoa-UPV\/EHU), Ainara Plazaola (Fundaci\u00f3n Robles), Unai Pascual (BC3), y Luis Gonz\u00e1lez Reyes (Ecologistas en Acci\u00f3n).<\/p>\n<p>Como siempre, el dossier se cierra con una selecci\u00f3n de textos relacionados con el tema del Pacto Verde.<\/p>\n<\/div>\n<\/div>\n<\/div>\n<div id=\"gtx-trans\" style=\"position: absolute; left: 450px; top: 948.059px;\">\n<div class=\"gtx-trans-icon\">\u00a0<\/div>\n<\/div>\n<p><\/p>","protected":false},"excerpt":{"rendered":"<p>Galde 32 udaberria\/2021\/primavera. Dosier. Introducci\u00f3n.- El Pacto Verde Europeo pretende erigirse en el centro de la nueva estrategia europea de crecimiento. Presentado a finales de 2019, y planteado \u201ccomo una nueva forma de vivir y de trabajar, de producir y de consumir\u201d, ha levantado tantas expectativas como dudas sobre su verdadero significado y alcance.<\/p>\n","protected":false},"author":2,"featured_media":13277,"comment_status":"closed","ping_status":"open","sticky":false,"template":"","format":"standard","meta":{"footnotes":""},"categories":[61,5],"tags":[],"class_list":["post-13275","post","type-post","status-publish","format-standard","has-post-thumbnail","hentry","category-indicedossier","category-politica","revista-galde-n32"],"_links":{"self":[{"href":"https:\/\/www.galde.eu\/eu\/wp-json\/wp\/v2\/posts\/13275","targetHints":{"allow":["GET"]}}],"collection":[{"href":"https:\/\/www.galde.eu\/eu\/wp-json\/wp\/v2\/posts"}],"about":[{"href":"https:\/\/www.galde.eu\/eu\/wp-json\/wp\/v2\/types\/post"}],"author":[{"embeddable":true,"href":"https:\/\/www.galde.eu\/eu\/wp-json\/wp\/v2\/users\/2"}],"replies":[{"embeddable":true,"href":"https:\/\/www.galde.eu\/eu\/wp-json\/wp\/v2\/comments?post=13275"}],"version-history":[{"count":0,"href":"https:\/\/www.galde.eu\/eu\/wp-json\/wp\/v2\/posts\/13275\/revisions"}],"wp:featuredmedia":[{"embeddable":true,"href":"https:\/\/www.galde.eu\/eu\/wp-json\/wp\/v2\/media\/13277"}],"wp:attachment":[{"href":"https:\/\/www.galde.eu\/eu\/wp-json\/wp\/v2\/media?parent=13275"}],"wp:term":[{"taxonomy":"category","embeddable":true,"href":"https:\/\/www.galde.eu\/eu\/wp-json\/wp\/v2\/categories?post=13275"},{"taxonomy":"post_tag","embeddable":true,"href":"https:\/\/www.galde.eu\/eu\/wp-json\/wp\/v2\/tags?post=13275"}],"curies":[{"name":"wp","href":"https:\/\/api.w.org\/{rel}","templated":true}]}}