{"id":11827,"date":"2019-12-27T11:44:21","date_gmt":"2019-12-27T10:44:21","guid":{"rendered":"https:\/\/www.galde.eu\/?p=11827"},"modified":"2020-01-14T17:14:19","modified_gmt":"2020-01-14T16:14:19","slug":"una-explosion-de-voces-feministas","status":"publish","type":"post","link":"https:\/\/www.galde.eu\/eu\/una-explosion-de-voces-feministas\/","title":{"rendered":"Una explosio\u0301n de voces feministas"},"content":{"rendered":"<p><a href=\"https:\/\/www.galde.eu\/wp-content\/uploads\/2019\/12\/feminist-saldabadago.jpg\"><img loading=\"lazy\" decoding=\"async\" class=\"aligncenter size-full wp-image-11829 colorbox-11827\" src=\"https:\/\/www.galde.eu\/wp-content\/uploads\/2019\/12\/feminist-saldabadago.jpg\" alt=\"\" width=\"580\" height=\"327\" data-id=\"11829\" srcset=\"https:\/\/www.galde.eu\/wp-content\/uploads\/2019\/12\/feminist-saldabadago.jpg 580w, https:\/\/www.galde.eu\/wp-content\/uploads\/2019\/12\/feminist-saldabadago-300x169.jpg 300w\" sizes=\"auto, (max-width: 580px) 100vw, 580px\" \/><\/a><\/p>\n<p>Galde 27, negua\/2020\/invierno. Clara Murguialday.-<\/p>\n<p>Realizadas en Durango los d\u00edas 1, 2 y 3 de noviembre, las V Jornadas Feministas de Euskal Herria reunieron a cerca de tres mil mujeres, mayoritariamente j\u00f3venes, alrededor de 5 mesas centrales de debate, 58 talleres y 14 actuaciones art\u00edsticas y culturales. Reflexionar juntas, conocerse y \u201cponerse cara\u201d, articularse y tejer redes entre los grupos, lanzar debates\u2026, fueron los principales objetivos planteados para estas jornadas, parecidos, por otra parte, a los de todas las realizadas desde aquel hist\u00f3rico diciembre de 1977, cuando otras tantas miles de mujeres celebraron las primeras Jornadas Feministas de Euskadi en el Campus de Leioa.<\/p>\n<p>Estas quintas fueron dise\u00f1adas por los grupos que integran actualmente el movimiento feminista vasco, buscando que las mesas centrales reflejaran las preocupaciones que actualmente son hegem\u00f3nicas en el movimiento y huyendo de las exposiciones magistrales de feministas expertas en uno u otro tema. En las mesas centrales participaron 26 grupos feministas, dos de ellos en m\u00e1s de una mesa; los temas abordados dan buena idea de las preocupaciones actuales del movimiento:<\/p>\n<ul>\n<li>La diversidad del sujeto feminista, as\u00ed como las dificultades para construir una agenda que incorpore las m\u00faltiples opresiones sufridas por las mujeres, es un debate en permanente construcci\u00f3n en el feminismo vasco, y en la mesa \u201cAgenda compartida para poner las vidas en el centro y soberan\u00edas\u201d fue abordado con la contribuci\u00f3n de las mujeres pensionistas de Oneka, las baserritarras de Etxaldeko Emakumeak, las trabajadoras de hogar y cuidadoras organizadas en Trabajadoras no domesticadas, Itaia (Red de Mujeres socialistas) y Bilgune Feminista.<\/li>\n<li>La urgencia de descolonizar los discursos y pr\u00e1cticas del Movimiento Feminista vasco, de cuestionar los privilegios que otorga la blanquitud y de \u201casumir la lucha antirracista sin instrumentalizar ni victimizar ni liderar\u201d a las mujeres racializadas, fue planteada en la mesa titulada \u201cDecolonialidad\u201d por Mujeres del Mundo, Garaipen, AMAR, Ra\u00edzes, la Red de Mujeres Racializadas y las mujeres marroqu\u00edes de Ahizpatasuna.<\/li>\n<li>Los debates iniciados hace una d\u00e9cada, en las IV Jornadas Feministas, sobre el binarismo sexual y la heteronorma, sobre c\u00f3mo nombrarnos de modo que ninguna se sienta excluida o invisibilizada o sobre la urgencia de combatir la transfobia y la transmisoginia en los espacios feministas, se hicieron presentes con los cuerpos disidentes y las voces de Medeak, Las Balas, OZEN, Sare Lesbianista y Elkartean, participantes en la mesa \u201cCuerpos y sexualidades\u201d.<\/li>\n<li>Tambi\u00e9n ocup\u00f3 un espacio central la discusi\u00f3n sobre las estrategias utilizadas para enfrentar las violencias machistas, la revisi\u00f3n de tres d\u00e9cadas de comit\u00e9s de autodefensa y el papel que asignamos a la justicia y la autodefensa feministas, gracias a las intervenciones de Medeak, Farrukas, Emakume Internacionalistak, Seminario de Justicia Feminista y Bilgune Feminista en la mesa \u201cConstruyendo vidas libres de violencia\u201d.<\/li>\n<li>Y finalmente, la mesa titulada \u201cObservando las entra\u00f1as del movimiento feminista\u201d permiti\u00f3 conocer los planteamientos actuales de algunas de las corrientes de pensamiento que alimentan el feminismo vasco, desde las hist\u00f3ricas Lanbroa y Asamblea de Mujeres de Bizkaia hasta otras m\u00e1s recientes como Feministalde, la Marcha Mundial de Mujeres y Bilgune Feminista; tambi\u00e9n las conclusiones de las jornadas Egin Dezagun Topa! realizadas por las j\u00f3venes en Lizarra, y los reclamos de las feministas gitanas hacia la insolidaridad del feminismo payo.<\/li>\n<\/ul>\n<p>En los casi sesenta talleres y debates, colocados en tandas de alrededor de 15 talleres simult\u00e1neos, se abord\u00f3 una amplia gama de temas que, sin ser comunes al quehacer de los grupos, s\u00ed forman parte del activismo y las preocupaciones cotidianas de quienes los presentaron. Destaca la fuerte presencia de los temas relacionados con los cuerpos y las sexualidades (un tercio del total), la construcci\u00f3n de agendas interseccionales y la lucha contra las violencias machistas.<\/p>\n<p>Llama la atenci\u00f3n el contraste entre la marcada presencia en la inauguraci\u00f3n y la clausura de mujeres originarias de otras culturas (ind\u00edgenas como Lolita Ch\u00e1vez y Lorena Cabnal, kurdas como Nasrin Abdulah, mujeres migradas provenientes de diversos pa\u00edses de Am\u00e9rica Latina y Africa) y la escasez de talleres en los que conocer la situaci\u00f3n de los pa\u00edses de donde provienen estas mujeres y las circunstancias que las obligaron a tener que emigrar o exiliarse. La presencia de mujeres racializadas \u00fanicamente en la mesa de Decolonialidad y el que apenas 4 de los 58 talleres y debates abordaran problem\u00e1ticas externas a las fronteras de Euskal Herria, dan idea de lo poco que abundan las preocupaciones internacionalistas en el movimiento feminista vasco.<\/p>\n","protected":false},"excerpt":{"rendered":"<p>Galde 27, negua\/2020\/invierno. Clara Murguialday.- Realizadas en Durango los d\u00edas 1, 2 y 3 de noviembre, las V Jornadas Feministas de Euskal Herria reunieron a cerca de tres mil mujeres, mayoritariamente j\u00f3venes, alrededor de 5 mesas centrales de debate, 58 talleres y 14 actuaciones art\u00edsticas y culturales. Reflexionar juntas, conocerse y \u201cponerse cara\u201d, articularse y [&hellip;]<\/p>\n","protected":false},"author":2,"featured_media":11830,"comment_status":"closed","ping_status":"open","sticky":false,"template":"","format":"standard","meta":{"footnotes":""},"categories":[5],"tags":[96],"class_list":["post-11827","post","type-post","status-publish","format-standard","has-post-thumbnail","hentry","category-politica","tag-sumario-indice","revista-galde-n27"],"_links":{"self":[{"href":"https:\/\/www.galde.eu\/eu\/wp-json\/wp\/v2\/posts\/11827","targetHints":{"allow":["GET"]}}],"collection":[{"href":"https:\/\/www.galde.eu\/eu\/wp-json\/wp\/v2\/posts"}],"about":[{"href":"https:\/\/www.galde.eu\/eu\/wp-json\/wp\/v2\/types\/post"}],"author":[{"embeddable":true,"href":"https:\/\/www.galde.eu\/eu\/wp-json\/wp\/v2\/users\/2"}],"replies":[{"embeddable":true,"href":"https:\/\/www.galde.eu\/eu\/wp-json\/wp\/v2\/comments?post=11827"}],"version-history":[{"count":0,"href":"https:\/\/www.galde.eu\/eu\/wp-json\/wp\/v2\/posts\/11827\/revisions"}],"wp:featuredmedia":[{"embeddable":true,"href":"https:\/\/www.galde.eu\/eu\/wp-json\/wp\/v2\/media\/11830"}],"wp:attachment":[{"href":"https:\/\/www.galde.eu\/eu\/wp-json\/wp\/v2\/media?parent=11827"}],"wp:term":[{"taxonomy":"category","embeddable":true,"href":"https:\/\/www.galde.eu\/eu\/wp-json\/wp\/v2\/categories?post=11827"},{"taxonomy":"post_tag","embeddable":true,"href":"https:\/\/www.galde.eu\/eu\/wp-json\/wp\/v2\/tags?post=11827"}],"curies":[{"name":"wp","href":"https:\/\/api.w.org\/{rel}","templated":true}]}}