{"id":11345,"date":"2019-06-20T11:44:21","date_gmt":"2019-06-20T09:44:21","guid":{"rendered":"https:\/\/www.galde.eu\/?p=11345"},"modified":"2019-06-22T20:34:56","modified_gmt":"2019-06-22T18:34:56","slug":"dossier-galde-25-hombres-masculinidades-igualdad","status":"publish","type":"post","link":"https:\/\/www.galde.eu\/eu\/dossier-galde-25-hombres-masculinidades-igualdad\/","title":{"rendered":"DOSSIER Galde 25: \u00abHombres, masculinidades e igualdad\u00bb"},"content":{"rendered":"<p><a href=\"https:\/\/www.galde.eu\/wp-content\/uploads\/2019\/06\/Galde25Dosier280.jpg\"><img loading=\"lazy\" decoding=\"async\" class=\"aligncenter size-full wp-image-11349 colorbox-11345\" src=\"https:\/\/www.galde.eu\/wp-content\/uploads\/2019\/06\/Galde25Dosier280.jpg\" alt=\"\" width=\"280\" height=\"396\" data-id=\"11349\" srcset=\"https:\/\/www.galde.eu\/wp-content\/uploads\/2019\/06\/Galde25Dosier280.jpg 280w, https:\/\/www.galde.eu\/wp-content\/uploads\/2019\/06\/Galde25Dosier280-212x300.jpg 212w\" sizes=\"auto, (max-width: 280px) 100vw, 280px\" \/><\/a><\/p>\n<h5 class=\"p1\"><span class=\"s2\"><b>**<\/b><a href=\"https:\/\/drive.google.com\/open?id=1aWNjxk2F1f8axlk8BpJ_Rd3QXXXBVezw\">Ver y descargar el Dossier Galde 25 en pdf: &#8220;Hombres, masculinidades e igualdad&#8221;<\/a><\/span><\/h5>\n<p>&nbsp;<\/p>\n<p class=\"p1\"><span class=\"s1\"><b>Galde 25, uda\/2019\/verano<\/b><\/span><\/p>\n<div class=\"layoutArea\">\n<div class=\"column\">\n<p><strong>DOSSIER: &#8220;Hombres, masculinidades e igualdad&#8221;<br \/>\n22. <a href=\"https:\/\/www.galde.eu\/es\/dossier-galde-25-hombres-masculinidades-igualdad\/#intro\">Introduccio\u0301n al dossier Galde 25<\/a>. <a href=\"https:\/\/www.galde.eu\/autores\/josetxu-riviere\/\"><em>Josetxu Riviere<\/em><\/a><br \/>\n<\/strong><strong>23<\/strong>. <a href=\"https:\/\/www.galde.eu\/entrevista-a-ander-bergara-sautua\/\">Entrevista a Ander Bergara Sautua<\/a>. <a href=\"https:\/\/www.galde.eu\/autores\/josetxu-riviere\/\"><strong><em>Josetxu Riviere<\/em><\/strong><\/a><br \/>\n<strong>28<\/strong>. <a href=\"https:\/\/www.galde.eu\/desde-que-imaginarios-de-hombres-nos-relacionamos-las-mujeres-con-los-hombres\/\">\u00bfDesde qu\u00e9 imaginarios de hombres nos relacionamos las mujeres con los hombres?<\/a>\u00a0<a href=\"%20https:\/\/www.galde.eu\/autores\/susana-covas\/\"><strong><em>Susana Covas<\/em><\/strong><\/a><br \/>\n<strong>32<\/strong>. <a href=\"https:\/\/www.galde.eu\/politicas-publicas-de-igualdad-especificas\/\">Pol\u00edticas p\u00fablicas de Igualdad espec\u00edficas para hombres<\/a>. <em><a href=\"https:\/\/www.galde.eu\/autores\/hilario-saez-mendez\/\"><strong>Hilario Sa\u0301ez Me\u0301ndez <\/strong><\/a>y<strong>\u00a0<a href=\"https:\/\/www.galde.eu\/autores\/jose-angel-lozoya-gomez\/\">Jose\u0301 A\u0301ngel Lozoya Go\u0301mez<\/a><\/strong><\/em><br \/>\n<strong>34<\/strong>. <a href=\"https:\/\/www.galde.eu\/por-los-buenos-tratos\/\">Por los buenos tratos. Un programa feminista inclusivo<\/a>. <em><strong><a href=\"https:\/\/www.galde.eu\/autores\/belen-gonzalez\/\">Bele\u0301n Gonza\u0301lez<\/a> &#8211; <a href=\"https:\/\/www.galde.eu\/autores\/ignacio-gamiz\/\">Ignacio Ga\u0301miz<\/a><\/strong><\/em><br \/>\n<strong>37<\/strong>. <a href=\"https:\/\/www.galde.eu\/y-los-hombres-del-sujeto-al-agente-feminista\/\">\u00bfY los hombres? Del sujeto al agente feminista<\/a>. <em><strong><a href=\"https:\/\/www.galde.eu\/autores\/noemi-parra\/\">Noemi\u0301 Parra<\/a><\/strong><\/em><br \/>\n<strong>40.<\/strong> <a href=\"https:\/\/www.galde.eu\/hombres-agresores-violencia-genero\/\">Ante los hombres agresores de violencia de ge\u0301nero<\/a>. <a href=\"https:\/\/www.galde.eu\/autores\/oriol-gines-canales\/\"><em><strong>Oriol Gin\u00e9s Canales<\/strong><\/em><\/a><br \/>\n<strong>43<\/strong>. <a href=\"https:\/\/www.galde.eu\/es\/grupos-de-hombres-por-la-igualdad-tareas-por-hacer\/\">Grupos de hombres por la igualdad: tareas por hacer<\/a>. <a href=\"https:\/\/www.galde.eu\/autores\/mikel-otxotorena\/\"><strong><em>Mikel Otxotorena<\/em><\/strong><\/a><br \/>\n<strong>45<\/strong>. <a href=\"https:\/\/www.galde.eu\/nace-menengage-iberia\/\">Nace MenEngage Iberia para seguir sumando hombres a la igualdad<\/a>. <em><a href=\"https:\/\/www.galde.eu\/autores\/joaquim-montaner\/\"><strong>Joaquim Montaner <\/strong><\/a>y<a href=\"https:\/\/www.galde.eu\/autores\/miguel-lazaro\/\"><strong> Miguel L\u00e1zaro<\/strong><\/a><\/em><br \/>\n<strong>48<\/strong>. <a href=\"https:\/\/www.galde.eu\/es\/libros-y-referencias-para-el-dossier-galde-25\/\">Libros y referencias para el dossier Galde 25<\/a><\/p>\n<\/div>\n<\/div>\n<p>\u2014<br \/>\n<a name=\"intro\"><\/a><\/p>\n<p>&nbsp;<\/p>\n<p><strong>Introducci\u00f3n al Dossier Galde 25<br \/>\n<\/strong><strong>Hombres, masculinidades e igualdad.<\/strong><\/p>\n<p>El pasado 8 de marzo a ra\u00edz de la convocatoria de la huelga feminista de producci\u00f3n, consumo y cuidados surg\u00eda de nuevo el debate sobre el papel de los hombres en la lucha por una sociedad igualitaria. Ese debate en relaci\u00f3n a las acciones de la huelga y a cu\u00e1l era la mejor manera de apoyarlas y tomar parte en ellas se extiende mas all\u00e1 de ese d\u00eda en concreto y obliga a reflexionar sobre la forma en la que los hombres, quienes se identifican con ese termino al menos, se involucran y relacionan con los cambios sociales e individuales a favor de la igualdad.<\/p>\n<p>Han pasado m\u00e1s de dos d\u00e9cadas desde que la <strong>IV Conferencia Mundial sobre la Mujer de Beijing <\/strong>en 1995, en su Declaraci\u00f3n y en su Plataforma, se\u00f1alase que \u201c<em>alienta a los hombres a que participen plenamente en todas las acciones encaminadas a garantizar la igualdad de mujeres y hombres\u201d. <\/em>Constatamos desde entonces que esa incorporaci\u00f3n ha sido cuanto menos desigual y en algunos campos ciertamente escasa. Avanzar en esa participaci\u00f3n requiere una profunda reflexi\u00f3n sobre el concepto de masculinidad como identidad individual y colectiva. En la actualidad el imaginario del \u201cmacho\u201c aparece m\u00e1s debilitado, aunque se empe\u00f1e en volver a la realidad pol\u00edtica en spots a caballo, y surgen diversos modelos de masculinidad m\u00e1s flexibles y menos normativos. A pesar de ello es necesario reflexionar sobre si estos cambios suponen tambi\u00e9n una transformaci\u00f3n de la organizaci\u00f3n social o quedan circunscritos a lo individual y no a lo colectivo, centr\u00e1ndose m\u00e1s en el terreno privado que en el p\u00fablico.<\/p>\n<p>Entrar sin prejuicios en algunos debates que hoy tiene el feminismo, o los feminismos, supone preguntarse tambi\u00e9n por la definici\u00f3n del sujeto del movimiento feminista y por cu\u00e1l puede ser la participaci\u00f3n de los hombres en el mismo. Supone igualmente abordar las diversas forman en las que estos pueden, deben\u2026 impulsar y tomar parte en las campa\u00f1as, organizaciones o acciones feministas. Una transformaci\u00f3n profunda y estructural de nuestra sociedad dif\u00edcilmente se va a dar sin el cambio y la participaci\u00f3n de quienes la componen, sean hombres, mujeres, trans\u2026. Pasar de ser parte del problema a parte de la soluci\u00f3n implica imaginar y poner en marcha nuevas, o no tan nuevas, experiencias organizativas que recojan los esfuerzos de todas aquellas personas que quieren y desean transformar la sociedad.<\/p>\n<p>Estas reflexiones sobre <em>los hombres,<\/em> aunque de alguna manera siguen reproduciendo la terminolog\u00eda binarista en detrimento de nuevas definiciones, constatan que la categor\u00eda \u201chombre\u201d sigue siendo determinante en la construcci\u00f3n social y condiciona las identidades de g\u00e9nero y sus posiciones respecto al poder, la producci\u00f3n o las relaciones afectivo-sexuales.<\/p>\n<p>Este dossier sobre los hombres, las masculinidades y la igualdad, pretende aportar algunas opiniones, no siempre coincidentes, a estos y otros debates. Intenta contribuir a reflexionar, entre otros temas, sobre el tipo de pol\u00edticas publicas que son necesarias para impulsar la participaci\u00f3n de los hombres a favor de la igualdad, analizar cu\u00e1l es la realidad organizativa de los grupos de hombres por la igualdad o cu\u00e1l es el papel de los hombres en relaci\u00f3n a los feminismos.<\/p>\n<p>Si, como se\u00f1ala Michael Kaufman \u201cEl problema no son los hombres, sino las estructuras e ideolog\u00edas del patriarcado\u201d, aunque los beneficios y privilegios sean claramente disfrutados por estos, debatir sobre la actualidad, fortaleza y cambios de esas estructuras y de las estrategias a seguir para su transformaci\u00f3n se antoja, tambi\u00e9n para los hombres, una labor necesaria.<\/p>\n<p>Josetxu Riviere<\/p>\n","protected":false},"excerpt":{"rendered":"<p>(Galde 25, uda\/2019\/verano).- Este dossier sobre los hombres, las masculinidades y la igualdad, intenta contribuir a reflexionar, sobre el tipo de pol\u00edticas publicas que son necesarias para impulsar la participaci\u00f3n de los hombres a favor de la igualdad, analizar cu\u00e1l es la realidad organizativa de los grupos de hombres por la igualdad o cu\u00e1l es [&hellip;]<\/p>\n","protected":false},"author":2,"featured_media":11350,"comment_status":"closed","ping_status":"open","sticky":false,"template":"","format":"standard","meta":{"footnotes":""},"categories":[2,61,5,49],"tags":[96],"class_list":["post-11345","post","type-post","status-publish","format-standard","has-post-thumbnail","hentry","category-dossier","category-indicedossier","category-politica","category-revista","tag-sumario-indice","revista-galde-n25"],"_links":{"self":[{"href":"https:\/\/www.galde.eu\/eu\/wp-json\/wp\/v2\/posts\/11345","targetHints":{"allow":["GET"]}}],"collection":[{"href":"https:\/\/www.galde.eu\/eu\/wp-json\/wp\/v2\/posts"}],"about":[{"href":"https:\/\/www.galde.eu\/eu\/wp-json\/wp\/v2\/types\/post"}],"author":[{"embeddable":true,"href":"https:\/\/www.galde.eu\/eu\/wp-json\/wp\/v2\/users\/2"}],"replies":[{"embeddable":true,"href":"https:\/\/www.galde.eu\/eu\/wp-json\/wp\/v2\/comments?post=11345"}],"version-history":[{"count":0,"href":"https:\/\/www.galde.eu\/eu\/wp-json\/wp\/v2\/posts\/11345\/revisions"}],"wp:featuredmedia":[{"embeddable":true,"href":"https:\/\/www.galde.eu\/eu\/wp-json\/wp\/v2\/media\/11350"}],"wp:attachment":[{"href":"https:\/\/www.galde.eu\/eu\/wp-json\/wp\/v2\/media?parent=11345"}],"wp:term":[{"taxonomy":"category","embeddable":true,"href":"https:\/\/www.galde.eu\/eu\/wp-json\/wp\/v2\/categories?post=11345"},{"taxonomy":"post_tag","embeddable":true,"href":"https:\/\/www.galde.eu\/eu\/wp-json\/wp\/v2\/tags?post=11345"}],"curies":[{"name":"wp","href":"https:\/\/api.w.org\/{rel}","templated":true}]}}