{"id":11070,"date":"2019-03-20T11:40:28","date_gmt":"2019-03-20T10:40:28","guid":{"rendered":"https:\/\/www.galde.eu\/?p=11070"},"modified":"2019-06-21T10:10:51","modified_gmt":"2019-06-21T08:10:51","slug":"dossier-galde-24-euskaraldia-eta-gero-zer","status":"publish","type":"post","link":"https:\/\/www.galde.eu\/eu\/dossier-galde-24-euskaraldia-eta-gero-zer\/","title":{"rendered":"Dossier Galde 24: Euskaraldia eta gero, zer?"},"content":{"rendered":"<p>&nbsp;<\/p>\n<p><a href=\"https:\/\/www.galde.eu\/wp-content\/uploads\/2019\/04\/dossier24-.png\"><img loading=\"lazy\" decoding=\"async\" class=\"aligncenter wp-image-11071 size-full colorbox-11070\" src=\"https:\/\/www.galde.eu\/wp-content\/uploads\/2019\/04\/dossier24-.png\" alt=\"\" width=\"580\" height=\"383\" data-id=\"11071\" srcset=\"https:\/\/www.galde.eu\/wp-content\/uploads\/2019\/04\/dossier24-.png 580w, https:\/\/www.galde.eu\/wp-content\/uploads\/2019\/04\/dossier24--300x198.png 300w\" sizes=\"auto, (max-width: 580px) 100vw, 580px\" \/><\/a><\/p>\n<p>&nbsp;<\/p>\n<p class=\"p1\"><span class=\"s1\">Galde 24, udaberria\/2019\/primavera<\/span><\/p>\n<p><strong>DOSSIER Galde 24<\/strong>: Euskaraldia eta gero, zer? Introducci\u00f3n.<br \/>\n<strong>22<\/strong>. <a href=\"https:\/\/www.galde.eu\/entrevista-a-inaki-martinez-de-luna\/\">Entrevista a I\u00f1aki Martinez de Luna<\/a>. <a href=\"https:\/\/www.galde.eu\/autores\/inaki-irazabalbeitia-fernandez\/\"><em><strong>Inaki Irazabalbeitia<\/strong><\/em><\/a><br \/>\n<strong>26<\/strong>. <a href=\"https:\/\/www.galde.eu\/bigarren-hanka-sendotzeko-unea\/\">Bigarren hanka sendotzeko unea<\/a>. <a href=\"https:\/\/www.galde.eu\/autores\/paul-bilbao-sarria\/\"><strong><em>Paul Bilbao Sarria<\/em><\/strong><\/a><br \/>\n<strong>29<\/strong>. <a href=\"https:\/\/www.galde.eu\/como-salir-de-esta-encrucijada\/\">\u00bfC\u00f3mo salir de esta encrucijada?<\/a> <a href=\"https:\/\/www.galde.eu\/autores\/kike-amonarriz-gorria\/\"><em><strong>Kike Amonarriz Gorria<\/strong><\/em><\/a><br \/>\n<strong>32<\/strong>. <a href=\"https:\/\/www.galde.eu\/ilusioa-eta-handinahia\/\">Ilusioa eta handinahia<\/a>. <a href=\"https:\/\/www.galde.eu\/autores\/jenofa-berhokoirigoin\/\"><em><strong>Jenofa Berhokoirigoin<\/strong><\/em><\/a><br \/>\n<strong>35<\/strong>. <a href=\"https:\/\/www.galde.eu\/euskaraldiaren-ernaldiaz-eta-gauzapenaz\/\">Euskaraldiaren ernaldiaz eta gauzapenaz<\/a>. <a href=\"https:\/\/www.galde.eu\/autores\/mikel-irizar\/\"><em><strong>Mikel Irizar<\/strong><\/em><\/a><br \/>\n<strong>38<\/strong>. <a href=\"https:\/\/www.galde.eu\/euskaraldia-eta-gero-zer\/\">Euskaraldia eta gero, zer?<\/a> <a href=\"https:\/\/www.galde.eu\/autores\/elena-laka\/\"><em><strong>Elena Laka<\/strong><\/em><\/a><br \/>\n<strong>41<\/strong>. <a href=\"https:\/\/www.galde.eu\/proposamen-harrigarririk-ezean\/\">Proposamen harrigarririk ezean, proposamen egingarriak eta eragingarriak gutxienez<\/a>. <a href=\"https:\/\/www.galde.eu\/autores\/dabid-anaud\/\"><em><strong>Dabid Anaud<\/strong><\/em><\/a><br \/>\n<strong>44<\/strong>. <a href=\"https:\/\/www.galde.eu\/mensajes-liderazgos-y-ecosistemas\/\">Mensajes, liderazgos y ecosistemas<\/a>.\u00a0<a href=\"irazabal\"><em><strong>Inaki Irazabalbeitia<\/strong><\/em><\/a><br \/>\n<strong>48<\/strong>. <a href=\"https:\/\/www.galde.eu\/libros-referencias-dossier-galde-24\/\">Libros y referencias para el Dossier Galde 24<\/a><\/p>\n<p>&#8212;<\/p>\n<p><strong>Introducci\u00f3n al Dossier Galde 24<\/strong><\/p>\n<p>Hace pocos meses se desarrollo ese experimento social llamado Euskaraldia. Fue un esfuerzo social potente e interesante y, seguramente, constituir\u00e1 un jal\u00f3n importante en la normalizaci\u00f3n del euskara. Habr\u00eda numerosos puntos a remarcar sobre Euskaraldia. En primer lugar, la sinton\u00eda y el trabajo en com\u00fan entre los poderes p\u00fablicos y las organizaciones sociales del euskara; lo que tendr\u00eda que haber sido habitual pero que hasta ahora no lo ha sido. Seguidamente, la colaboraci\u00f3n en la iniciativa entre las tres administraciones p\u00fablicas en las que est\u00e1 dividida Euskal Herria. En tercer lugar, la participaci\u00f3n muy amplia, mayor de lo esperado, de la ciudadan\u00eda tanto en lo referido al n\u00famero de personas como las localidades participantes. Y finalmente la imagen que se ha proyectados: todos somos protagonistas de la normalizaci\u00f3n del euskara y estamos orgullosos de ello.<\/p>\n<p>En este dosier de Galde queremos responder a est\u00e1 pregunta. \u00bfHacia d\u00f3nde y c\u00f3mo debe desarrollarse la normalizaci\u00f3n del euskara? Primeramente, \u00bfc\u00f3mo tiene que ser la continuidad de Euskaraldia, si es que tiene que tener continuidad? Adem\u00e1s, Euskaraldia deber\u00eda de comportar en un cierto cambio de paradigma en la forma de impulsar las pol\u00edticas ling\u00fc\u00edsticas. Cara al futuro no podemos continuar haciendo las cosas como hasta ahora. Ser\u00e1 necesario cambiar, modificar, reforzar o eliminar alguno de los modos de hacer pol\u00edtica ling\u00fc\u00edstica desarrollados hasta ahora. \u00bfCu\u00e1les y c\u00f3mo? Euskaraldia ha supuesto una activaci\u00f3n social impresionante, \u00bfqu\u00e9 otros elementos se ven imprescindibles a corto y medio plazo para garantizar la normalizaci\u00f3n social del euskara? \u00bfCu\u00e1les son las fortalezas y las debilidades? Todo ello en un contexto de globalizaci\u00f3n, con una gran movilidad de las personas, con j\u00f3venes multiling\u00fces, con una revoluci\u00f3n en el modo de consumir la cultura y cuando nuestro ordenamiento legal y nuestras infraestructuras para desarrollar pol\u00edticas ling\u00fc\u00edsticas tienen m\u00e1s de 35 a\u00f1os.<\/p>\n<p>Hemos propuesto a personas cualificadas de la euskalgintza que intenten dar una respuesta a esas preguntas. Sus puntos de vista est\u00e1n en las siguientes p\u00e1ginas.<\/p>\n<p><a href=\"https:\/\/www.galde.eu\/wp-content\/uploads\/2019\/03\/EuskaraReglas.jpg\"><img loading=\"lazy\" decoding=\"async\" class=\"size-medium wp-image-11085 aligncenter colorbox-11070\" src=\"https:\/\/www.galde.eu\/wp-content\/uploads\/2019\/03\/EuskaraReglas-300x168.jpg\" alt=\"\" width=\"300\" height=\"168\" data-id=\"11085\" srcset=\"https:\/\/www.galde.eu\/wp-content\/uploads\/2019\/03\/EuskaraReglas-300x168.jpg 300w, https:\/\/www.galde.eu\/wp-content\/uploads\/2019\/03\/EuskaraReglas-768x431.jpg 768w, https:\/\/www.galde.eu\/wp-content\/uploads\/2019\/03\/EuskaraReglas-1024x575.jpg 1024w, https:\/\/www.galde.eu\/wp-content\/uploads\/2019\/03\/EuskaraReglas.jpg 1088w\" sizes=\"auto, (max-width: 300px) 100vw, 300px\" \/><\/a><\/p>","protected":false},"excerpt":{"rendered":"<p>Galde 24, udaberria\/2019\/primavera.- En este dosier de Galde queremos responder a est\u00e1 pregunta. \u00bfHacia d\u00f3nde y c\u00f3mo debe desarrollarse la normalizaci\u00f3n del euskara? Primeramente, \u00bfc\u00f3mo tiene que ser la continuidad de Euskaraldia, si es que tiene que tener continuidad? Adem\u00e1s, Euskaraldia deber\u00eda de comportar en un cierto cambio de paradigma en la forma de impulsar [&hellip;]<\/p>\n","protected":false},"author":2,"featured_media":11083,"comment_status":"closed","ping_status":"open","sticky":false,"template":"","format":"standard","meta":{"footnotes":""},"categories":[2,61],"tags":[],"class_list":["post-11070","post","type-post","status-publish","format-standard","has-post-thumbnail","hentry","category-dossier","category-indicedossier","revista-galde-n24"],"_links":{"self":[{"href":"https:\/\/www.galde.eu\/eu\/wp-json\/wp\/v2\/posts\/11070","targetHints":{"allow":["GET"]}}],"collection":[{"href":"https:\/\/www.galde.eu\/eu\/wp-json\/wp\/v2\/posts"}],"about":[{"href":"https:\/\/www.galde.eu\/eu\/wp-json\/wp\/v2\/types\/post"}],"author":[{"embeddable":true,"href":"https:\/\/www.galde.eu\/eu\/wp-json\/wp\/v2\/users\/2"}],"replies":[{"embeddable":true,"href":"https:\/\/www.galde.eu\/eu\/wp-json\/wp\/v2\/comments?post=11070"}],"version-history":[{"count":0,"href":"https:\/\/www.galde.eu\/eu\/wp-json\/wp\/v2\/posts\/11070\/revisions"}],"wp:featuredmedia":[{"embeddable":true,"href":"https:\/\/www.galde.eu\/eu\/wp-json\/wp\/v2\/media\/11083"}],"wp:attachment":[{"href":"https:\/\/www.galde.eu\/eu\/wp-json\/wp\/v2\/media?parent=11070"}],"wp:term":[{"taxonomy":"category","embeddable":true,"href":"https:\/\/www.galde.eu\/eu\/wp-json\/wp\/v2\/categories?post=11070"},{"taxonomy":"post_tag","embeddable":true,"href":"https:\/\/www.galde.eu\/eu\/wp-json\/wp\/v2\/tags?post=11070"}],"curies":[{"name":"wp","href":"https:\/\/api.w.org\/{rel}","templated":true}]}}