{"id":11023,"date":"2019-03-20T11:48:21","date_gmt":"2019-03-20T10:48:21","guid":{"rendered":"https:\/\/www.galde.eu\/?p=11023"},"modified":"2019-04-01T20:38:07","modified_gmt":"2019-04-01T18:38:07","slug":"mujer-y-desafio-climatico","status":"publish","type":"post","link":"https:\/\/www.galde.eu\/eu\/mujer-y-desafio-climatico\/","title":{"rendered":"Copia de Unidas frente a la reacci\u00f3n"},"content":{"rendered":"<p><a href=\"https:\/\/www.galde.eu\/wp-content\/uploads\/2019\/03\/desafioclimatico.jpg\"><img loading=\"lazy\" decoding=\"async\" class=\"aligncenter size-full wp-image-11024 colorbox-11023\" src=\"https:\/\/www.galde.eu\/wp-content\/uploads\/2019\/03\/desafioclimatico.jpg\" alt=\"\" width=\"600\" height=\"320\" data-id=\"11024\" srcset=\"https:\/\/www.galde.eu\/wp-content\/uploads\/2019\/03\/desafioclimatico.jpg 600w, https:\/\/www.galde.eu\/wp-content\/uploads\/2019\/03\/desafioclimatico-300x160.jpg 300w\" sizes=\"auto, (max-width: 600px) 100vw, 600px\" \/><\/a><\/p>\n<p style=\"text-align: center;\"><span style=\"color: #ff0000;\">Incorporar la perspectiva de g\u00e9nero a la transici\u00f3n justa<\/span><\/p>\n<p class=\"p1\"><span class=\"s1\">Galde 24,\u00a0(udaberria\/2019\/primavera). <\/span>Cristina Monge.-<\/p>\n<p>Los dos principales desaf\u00edos que tiene la humanidad, &#8211; el cambio clim\u00e1tico y la lucha feminista por la igualdad de la mujer -, tienen muchas cosas en com\u00fan. La primera, y quiz\u00e1 la m\u00e1s importante, que ambos hacen \u00e9nfasis en el ser humano como criatura dependiente: Del planeta, nos dice el ecologismo. Y del conjunto de las personas entre s\u00ed, subraya el feminismo.<\/p>\n<p>Cada d\u00eda tenemos m\u00e1s evidencias de c\u00f3mo el cambio clim\u00e1tico se ceba especialmente con las mujeres, y de manera m\u00e1s cruel con las mujeres m\u00e1s pobres. Algunos de los datos m\u00e1s significativos: seg\u00fan Naciones Unidas \u201clas mujeres (y los ni\u00f1os) son hasta 14 veces m\u00e1s vulnerables a los efectos del cambio clim\u00e1tico que los varones adultos\u201d debido a m\u00faltiples causas de car\u00e1cter social, econ\u00f3mico, etc. Un primer aspecto hace referencia a la salud. En el informe\u00a0<a href=\"http:\/\/apps.who.int\/iris\/bitstream\/10665\/204178\/1\/9789243508184_spa.pdf?ua=1\" target=\"_blank\" rel=\"noopener noreferrer\"><em>G\u00e9nero, cambio clim\u00e1tico y salud<\/em><\/a>, publicado por la Organizaci\u00f3n Mundial de la Salud en 2016, se cita textualmente: \u201cMuchos de los riesgos para la salud a los que podr\u00eda afectar el actual cambio clim\u00e1tico var\u00edan en funci\u00f3n del sexo. A nivel mundial, desastres naturales como las sequ\u00edas, las inundaciones y las tormentas se cobran la vida de un n\u00famero mayor de mujeres que de hombres, sobre todo de chicas j\u00f3venes. Esos efectos tambi\u00e9n dependen del tipo de fen\u00f3meno y la condici\u00f3n social. Las diferencias entre hombres y mujeres con relaci\u00f3n a los efectos en la esperanza de vida suelen ser mayores en las cat\u00e1strofes graves y en lugares donde la situaci\u00f3n socioecon\u00f3mica de las mujeres es especialmente mala. Otras consecuencias para la salud en las que influye el clima, como la desnutrici\u00f3n y el paludismo, tambi\u00e9n difieren considerablemente en funci\u00f3n del sexo\u201d.<\/p>\n<p>Algo parecido ocurre si prestamos atenci\u00f3n uno de los fen\u00f3menos que m\u00e1s van a condicionar la geopol\u00edtica en los pr\u00f3ximos a\u00f1os: las migraciones. Seg\u00fan el informe\u00a0<a href=\"http:\/\/eige.europa.eu\/rdc\/eige-publications\/gender-equality-and-climate-change-review-implementation-beijing-platform-action-eu\">G<\/a><a href=\"http:\/\/eige.europa.eu\/rdc\/eige-publications\/gender-equality-and-climate-change-review-implementation-beijing-platform-action-eu\" target=\"_blank\" rel=\"noopener noreferrer\">ender equality and climate change: the review of the implementation of the Beijing Platform for Action in the EU<\/a>, del European Institute for GenderEquality, \u201cLas mujeres ser\u00e1n mayor\u00eda entre los 50-200 millones de refugiados clim\u00e1ticos (80 % de mujeres y ni\u00f1os) que, hasta 2050, se prev\u00e9 que intentar\u00e1n escapar de los impactos del cambio clim\u00e1tico en su entorno\u201d, a lo que hay que sumar que durante los fen\u00f3menos clim\u00e1ticos extremos se incrementa la carga de trabajo de las mujeres, ya que ejercen de cuidadoras de m\u00e1s personas dependientes.<\/p>\n<p>De entre todos los factores que inciden en la decisi\u00f3n de migrar, uno de los m\u00e1s determinantes tiene que ver con el acceso a agua segura. Los estudios de ONU Mujeres <a href=\"http:\/\/interactive.unwomen.org\/multimedia\/photo\/climatechange\/es\/index.html\" target=\"_blank\" rel=\"noopener noreferrer\">alertan de que en 25 pa\u00edses africanos subsaharianos las mujeres invierten 16 millones de horas en buscar agua cada d\u00eda, frente a los\u00a0 6 millones de horas invertidas por hombres.<\/a>\u00a0Adem\u00e1s, la falta de acceso a agua de calidad provoca que las mujeres prioricen el agua para el uso dom\u00e9stico \u2013fundamentalmente cocinar\u2013 en lugar de para su higiene personal, lo que puede ocasionar infecciones urinarias y del aparato reproductivo.<\/p>\n<p>En el mismo sentido, el aumento de las temperaturas y la sequ\u00eda afecta al acceso de las mujeres a los alimentos, por lo que nos encontramos con que la desnutrici\u00f3n ya es un problema importante para las que viven en los pa\u00edses en v\u00edas de desarrollo, dado que ellas no pueden comer hasta que los hombres y los ni\u00f1os de la familia lo hayan hecho.<\/p>\n<p>Si centramos el an\u00e1lisis en Espa\u00f1a, comprobaremos que las mujeres son especialmente castigadas por fen\u00f3menos como la pobreza energ\u00e9tica. Seg\u00fan datos del INE, el 9% de los hogares espa\u00f1oles est\u00e1n formados por una mujer sola con menores a su cargo, y la\u00a0incidencia de la pobreza energ\u00e9tica en esta tipolog\u00eda de familias es especialmente sensible, ya que el porcentaje de hogares monomarentales que sufren este problema es\u00a0mayor que el de la poblaci\u00f3n media en Espa\u00f1a. En\u00a0<a href=\"http:\/\/www.ecodes.org\/\" target=\"_blank\" rel=\"noopener noreferrer\">Ecodes<\/a>,\u00a0a trav\u00e9s del trabajo que realizamos con familias en el proyecto\u00a0<a href=\"https:\/\/niunhogarsinenergia.org\/\" target=\"_blank\" rel=\"noopener noreferrer\">Ni un hogar sin energ\u00eda<\/a>, hemos comprobado c\u00f3mo un 30% corresponde a mujeres solas con menores a su cargo.<\/p>\n<p>Este conjunto de afecciones, especialmente graves en las mujeres, se vuelven, si cabe, m\u00e1s acuciantes si tenemos en cuenta que estamos fuera de los principales centros de toma de decisiones al respecto. En el \u00faltimo informe del IPCC, tan s\u00f3lo un 20% de los trabajos eran firmados por mujeres. La cifra es alarmante, aunque habr\u00e1 quien se consuele pensando que en el informe de 1990 s\u00f3lo participaron un 2%. En Espa\u00f1a en la comisi\u00f3n de expertos creada para asesorar la elaboraci\u00f3n de la Ley de Cambio Clim\u00e1tico y Transici\u00f3n Energ\u00e9tica con el Gobierno de Rajoy, no particip\u00f3 una sola mujer. Y algo similar ocurre si miramos el porcentaje de mujeres en los consejos de administraci\u00f3n de las grandes empresas m\u00e1s involucradas en temas ambientales, fundamentalmente energ\u00e9ticas.<\/p>\n<p>La desigualdad de g\u00e9nero no ha estado hasta el momento presente con el protagonismo necesario en las pol\u00edticas ambientales. Esto explica que en la transici\u00f3n energ\u00e9tica ya iniciada, sigamos encontrando desigualdades clamorosas. Las mujeres solo representan el 32% del total de los empleos del sector de las energ\u00edas limpias, lo que, si bien supera su participaci\u00f3n en la industria del gas y el petr\u00f3leo donde apenas alcanzan el 22% de los empleos, est\u00e1 muy por debajo del 48% de la participaci\u00f3n en el mercado laboral global. Pero no s\u00f3lo eso. Como se\u00f1ala Ana Bel\u00e9n S\u00e1nchez, experta en empleos verdes para Latinoam\u00e9rica y El Caribe de la OIT, en el art\u00edculo, <em>El empleo verde para las mujeres<\/em> publicado en la secci\u00f3n de transici\u00f3n energ\u00e9tica de Agenda P\u00fablica \u2013 El Pa\u00eds, &#8220;la desigualdad entre hombres y mujeres en el sector de la producci\u00f3n de energ\u00edas limpias no solo se da en t\u00e9rminos cuantitativos, tambi\u00e9n cualitativos. Casi la mitad de las mujeres trabajadoras del sector tiene puestos administrativos, mientras que \u00fanicamente un 28% del total se desarrolla en puestos de trabajo que requieren de formaci\u00f3n en ciencias, tecnolog\u00edas, ingenier\u00eda o matem\u00e1ticas. Estos \u00faltimos son los que, generalmente, disfrutan de mejores salarios y condiciones de trabajo. Las mujeres son minor\u00eda tambi\u00e9n en los puestos de gerencia y de toma de decisiones, lo que implica que sus voces y perspectivas no son consideradas&#8221;.<\/p>\n<p>Como puede comprobarse, la estrecha relaci\u00f3n entre mujer y cambio clim\u00e1tico es evidente. Tanto, que en la Cumbre del Clima celebrada el pasado noviembre en Bonn, se aprob\u00f3 un Plan de G\u00e9nero que tiene como objetivo, entre otros, incrementar la presencia de mujeres en los \u00f3rganos de estas cumbres y trabajar en materia de construcci\u00f3n de capacidades, intercambio de conocimiento y comunicaci\u00f3n. Es un primer paso, importante sin dudas, para incorporar la perspectiva de g\u00e9nero en la idea de transici\u00f3n justa con la que se ha de abordar el desaf\u00edo clim\u00e1tico.<\/p>\n","protected":false},"excerpt":{"rendered":"<p>Ez dago.<\/p>\n","protected":false},"author":2,"featured_media":0,"comment_status":"closed","ping_status":"open","sticky":false,"template":"","format":"standard","meta":{"footnotes":""},"categories":[5],"tags":[],"class_list":["post-11023","post","type-post","status-publish","format-standard","hentry","category-politica","revista-galde-n24"],"_links":{"self":[{"href":"https:\/\/www.galde.eu\/eu\/wp-json\/wp\/v2\/posts\/11023","targetHints":{"allow":["GET"]}}],"collection":[{"href":"https:\/\/www.galde.eu\/eu\/wp-json\/wp\/v2\/posts"}],"about":[{"href":"https:\/\/www.galde.eu\/eu\/wp-json\/wp\/v2\/types\/post"}],"author":[{"embeddable":true,"href":"https:\/\/www.galde.eu\/eu\/wp-json\/wp\/v2\/users\/2"}],"replies":[{"embeddable":true,"href":"https:\/\/www.galde.eu\/eu\/wp-json\/wp\/v2\/comments?post=11023"}],"version-history":[{"count":0,"href":"https:\/\/www.galde.eu\/eu\/wp-json\/wp\/v2\/posts\/11023\/revisions"}],"wp:attachment":[{"href":"https:\/\/www.galde.eu\/eu\/wp-json\/wp\/v2\/media?parent=11023"}],"wp:term":[{"taxonomy":"category","embeddable":true,"href":"https:\/\/www.galde.eu\/eu\/wp-json\/wp\/v2\/categories?post=11023"},{"taxonomy":"post_tag","embeddable":true,"href":"https:\/\/www.galde.eu\/eu\/wp-json\/wp\/v2\/tags?post=11023"}],"curies":[{"name":"wp","href":"https:\/\/api.w.org\/{rel}","templated":true}]}}