{"id":10618,"date":"2018-09-22T11:04:14","date_gmt":"2018-09-22T09:04:14","guid":{"rendered":"https:\/\/www.galde.eu\/?p=10618"},"modified":"2018-10-15T23:29:37","modified_gmt":"2018-10-15T21:29:37","slug":"carta-a-el-drogas","status":"publish","type":"post","link":"https:\/\/www.galde.eu\/eu\/carta-a-el-drogas\/","title":{"rendered":"Carta a Enrique Villarreal \u00abel Drogas\u00bb"},"content":{"rendered":"<p>&nbsp;<\/p>\n<p><a href=\"https:\/\/www.galde.eu\/wp-content\/uploads\/2018\/09\/eldrogas.jpg\"><img loading=\"lazy\" decoding=\"async\" class=\"aligncenter size-full wp-image-10621 colorbox-10618\" src=\"https:\/\/www.galde.eu\/wp-content\/uploads\/2018\/09\/eldrogas.jpg\" alt=\"\" width=\"400\" height=\"263\" data-id=\"10621\" srcset=\"https:\/\/www.galde.eu\/wp-content\/uploads\/2018\/09\/eldrogas.jpg 400w, https:\/\/www.galde.eu\/wp-content\/uploads\/2018\/09\/eldrogas-300x197.jpg 300w\" sizes=\"auto, (max-width: 400px) 100vw, 400px\" \/><\/a><\/p>\n<p>(Galde 22, oto\u00f1o\/2018\/udazkena). Atxito Sudupe.-<\/p>\n<p>A prop\u00f3sito del concierto de rock de 1983 en Tudela.<\/p>\n<p>Estimado Enrique<\/p>\n<p>En la entrevista que public\u00f3 la revista GALDE en su n\u00famero 21 (Entrevista con Enrique Villarreal \u201cEl Drogas\u201d) comentas en una de tus respuestas que, en la fecha de 3 de junio de 1983, se celebr\u00f3 en Tudela un concierto de rock con motivo del aniversario del asesinato de Gladys del Estal. Tengo dudas tanto de la fecha como del motivo del concierto. Asist\u00ed al concierto que se celebr\u00f3 en Tudela, pero el 22 de octubre de 1983, contra la entrada en la OTAN y el cierre del pol\u00edgono de tiro de las Bardenas. Me pregunto si hubo dos conciertos, uno el 3 de junio y otro el de 22 de octubre, \u00bfo se confunden el uno con el otro? Sabes de sobra la connotaci\u00f3n \u201cfundacional\u201d que se le ha dado a este concierto para la historia del Rock Radical Vasco como para hilar fino.<\/p>\n<p>Marino Go\u00f1i, Fundador y director -ahora jubilado- del sello discogr\u00e1fico Gor, en la revista TK 25: <em>El 18 de Octubre de 2013 se cumplen treinta a\u00f1os de la publicaci\u00f3n en el diario Egin del Manifiesto del Rock Radical Vasco.(\u2026) El manifiesto se public\u00f3 en \u201cPlaka Klik\u201d, las reci\u00e9n estrenadas p\u00e1ginas dedicadas al rock local del diario Egin. <\/em><strong><em>El manifiesto llama a participar al p\u00fablico en un concierto en contra del Pol\u00edgono de Tiro de las Bardenas en Tudela que se titula \u201cEl rock de Euskadi contra la OTAN\u201d. <\/em><\/strong><em>En este concierto tocaron los grupos Basura, RIP, Eskorbuto, Zarama, Barricada, La Polla Records y Hertzainak [\u2026] p\u00e1rrafos de lo publicado ese d\u00eda: [\u2026] Las razones sobre las que nos apoyamos para afirmar la existencia del \u201cRock Radical Vasco\u201d son: El convencimiento de que esta m\u00fasica no es producto de una moda sino de la situaci\u00f3n socioecon\u00f3mica de Euskadi. De ah\u00ed que los grupos aparezcan y se desarrollen en unas zonas determinadas como La Margen Izquierda, Mondrag\u00f3n-Eibar, Gasteiz-Agurain, Iru\u00f1a, Renter\u00eda, etc. De todas formas esta difusi\u00f3n geogr\u00e1fica no impide un mismo mensaje de feroz cr\u00edtica con un % de mala hostia tan puro como nuestra triste realidad. Otro elemento de uni\u00f3n, para nosotros primordial es el radicalismo en todos sus aspectos; musical, ya sea por los caminos del punk o del heavy m\u00e1s fiero, de imagen, posturas y letras [\u2026] Radicalismo que conlleva una gran marginalidad, muy a nuestro pesar, por todos lados, excepto en la audiencia<\/em>.<\/p>\n<p>Juan Carlos Azkoitia, autor del libro \u201cEternas Cicatrices\u201d y antiguo Hala Bedi Irratia, en una entrevista (Texto completo en: <a href=\"https:\/\/eh.lahaine.org\/eternas-cicatricesh-una-emotiva-historia\" target=\"_blank\" rel=\"noopener\">https:\/\/eh.lahaine.org\/eternas-cicatricesh-una-emotiva-historia<\/a>): <em>El famoso RRV, rock radikal vasco fue una etiqueta musical creada por la discogr\u00e1fica navarra So\u00f1ua, por parte de Marino Go\u00f1i y Jos\u00e9 Mari Blasco en 1983. <\/em><strong><em>El primer concierto denominado como de rock radikal vasco se hizo el 22 de octubre de 1983 en Tudela, sur de Navarra<\/em><\/strong><em>, como concierto antinuclear y contra el campo de tiro de las B\u00e1rdenas. <\/em><\/p>\n<p>No he encontrado referencias de ning\u00fan concierto con fecha 3 de junio, aunque coincide con la fecha del aniversario de Gladys y seguro que en Tudela se organizaron actividades durante ese d\u00eda, pero sigo sin tener evidencias de la existencia del concierto en los t\u00e9rminos que planteas en la entrevista.<\/p>\n<p>Aprovecho tambi\u00e9n para comentarte un par de an\u00e9cdotas que recuerdo del concierto de Tudela y sobre las que, seguro, tienes alguna noticia. No alimentan la narrativa de las viejas glorias y el cantar \u00e9pico, pero me parece que ilustran tambi\u00e9n el esp\u00edritu de la \u00e9poca. La primera tuvo lugar mientras actuaba Hertzainak. Al poco de comenzar su actuaci\u00f3n se lanz\u00f3 contra el escenario una botella de vidrio con mucho peligro para los m\u00fasicos, que pararon de tocar, moment\u00e1neamente, pero al rato siguieron. Al poco, otro vidrio roz\u00f3 las chapas de Txanpi el bater\u00eda, pararon el concierto y se retiraron del escenario. Entre tanto, los organizadores dieron con el bien nutrido grupo \u201carrikalari\u201d a quienes Hertzainak, probablemente, les parecer\u00eda poco fiero o radical. La cosa se puso seria y Hertzainak segu\u00eda sin querer salir al escenario en aquellas condiciones. Los organizadores del acto, acompa\u00f1ados por alguna gente que presenciaba el concierto, garantizaron aunque no sin dificultades, que no se volviera a lanzar ninguna botella m\u00e1s. Hertzainak volvi\u00f3 al escenario a terminar su actuaci\u00f3n y el resto del concierto seguimos alegres y combativos.<\/p>\n<p>Te acordar\u00e1s tambi\u00e9n de como Eskorbuto termin\u00f3 su actuaci\u00f3n aporreando la guitarra contra el tablao al m\u00e1s puro estilo Jimi Hendrix. La Polla afirmaba entonces que ese d\u00eda los colegas de Eskorbuto les robaron una guitarra al final del concierto y que por este motivo no actuar\u00edan jam\u00e1s juntos en ning\u00fan concierto a partir de entonces. No he podido verificar si posteriormente tocaron juntos alguna vez ni por supuesto tengo sentencia sobre el robo de la guitarra. Pero ya tiene que la uni\u00f3n en el radicalismo que rezaba el manifiesto se enredara de mala manera por una interpretaci\u00f3n un tanto ventajista de la guitarra para qui\u00e9n se la trabaja.<\/p>\n<p>Por \u00faltimo, no quisiera terminar sin expresar mi reconocimiento hacia este movimiento musical heterog\u00e9neo, lleno de bajas en sus filas, que fue capaz -en estrecha colaboraci\u00f3n con las radios libres, gastetxes, fiestas y txoznas, fanzines, militantes de diversos grupos pol\u00edticos y activistas de casi todos los anti (mili, OTAN, nucleares, pol\u00edgonos de tiro y bases militares, represi\u00f3n\u2026.) \u2013de abrir una nueva ventana en el panorama musical vasco de los a\u00f1os 80 y conectar con la juventud rebelde de aquellos a\u00f1os. Entonces participaba en la Movida Anti-OTAN y, como ocurr\u00eda en aquellos casos, acudimos al concierto por la causa y la parranda en otra versi\u00f3n del bietan jarrai. No nos defraudaron las expectativas. Fue una ocasi\u00f3n \u00fanica para ver por primera vez a alguno de los grupos\u00a0 y a todos juntos en la misma cartelera. Gracias a aquella pe\u00f1a otros podemos dar testimonio de lo vivido o recordado. Salud.<\/p>\n<p>Atxito Sudupe<\/p>\n","protected":false},"excerpt":{"rendered":"<p>(Galde 22, oto\u00f1o\/2018\/udazkena). Atxito Sudupe le escribe a \u201cEl Drogas\u201d a prop\u00f3sito del concierto de rock de 1983 en Tudela. Estimado Enrique: En la entrevista que public\u00f3 la revista GALDE en su n\u00famero 21 (Entrevista con Enrique Villarreal \u201cEl Drogas\u201d) comentas en una de tus respuestas que, en la fecha de 3 de junio de [&hellip;]<\/p>\n","protected":false},"author":2,"featured_media":10622,"comment_status":"closed","ping_status":"open","sticky":false,"template":"","format":"standard","meta":{"footnotes":""},"categories":[12],"tags":[],"class_list":["post-10618","post","type-post","status-publish","format-standard","has-post-thumbnail","hentry","category-miradas","revista-galde-n22"],"_links":{"self":[{"href":"https:\/\/www.galde.eu\/eu\/wp-json\/wp\/v2\/posts\/10618","targetHints":{"allow":["GET"]}}],"collection":[{"href":"https:\/\/www.galde.eu\/eu\/wp-json\/wp\/v2\/posts"}],"about":[{"href":"https:\/\/www.galde.eu\/eu\/wp-json\/wp\/v2\/types\/post"}],"author":[{"embeddable":true,"href":"https:\/\/www.galde.eu\/eu\/wp-json\/wp\/v2\/users\/2"}],"replies":[{"embeddable":true,"href":"https:\/\/www.galde.eu\/eu\/wp-json\/wp\/v2\/comments?post=10618"}],"version-history":[{"count":0,"href":"https:\/\/www.galde.eu\/eu\/wp-json\/wp\/v2\/posts\/10618\/revisions"}],"wp:featuredmedia":[{"embeddable":true,"href":"https:\/\/www.galde.eu\/eu\/wp-json\/wp\/v2\/media\/10622"}],"wp:attachment":[{"href":"https:\/\/www.galde.eu\/eu\/wp-json\/wp\/v2\/media?parent=10618"}],"wp:term":[{"taxonomy":"category","embeddable":true,"href":"https:\/\/www.galde.eu\/eu\/wp-json\/wp\/v2\/categories?post=10618"},{"taxonomy":"post_tag","embeddable":true,"href":"https:\/\/www.galde.eu\/eu\/wp-json\/wp\/v2\/tags?post=10618"}],"curies":[{"name":"wp","href":"https:\/\/api.w.org\/{rel}","templated":true}]}}