{"id":8229,"date":"2017-11-02T12:18:44","date_gmt":"2017-11-02T11:18:44","guid":{"rendered":"https:\/\/www.galde.eu\/?p=8229"},"modified":"2025-10-23T19:35:42","modified_gmt":"2025-10-23T17:35:42","slug":"libros-y-referencias-para-el-dossier-galde-19","status":"publish","type":"post","link":"https:\/\/www.galde.eu\/es\/libros-y-referencias-para-el-dossier-galde-19\/","title":{"rendered":"Libros y referencias para el Dossier Galde 19 \u00abMedios de Comunicaci\u00f3n\u00bb"},"content":{"rendered":"<p><\/p>\n<table>\n<tbody>\n<tr>\n<td><\/td>\n<\/tr>\n<\/tbody>\n<\/table>\n<table>\n<tbody>\n<tr>\n<td>\n<div class=\"page\" title=\"Page 48\">\n<div class=\"section\">\n<div class=\"layoutArea\">\n<div class=\"column\">\n<p><strong><a href=\"https:\/\/www.galde.eu\/wp-content\/uploads\/2017\/11\/elpequenolibro.jpg\"><img loading=\"lazy\" decoding=\"async\" class=\"size-full wp-image-8232 alignleft colorbox-8229\" src=\"https:\/\/www.galde.eu\/wp-content\/uploads\/2017\/11\/elpequenolibro.jpg\" alt=\"\" width=\"228\" height=\"369\" data-id=\"8232\" srcset=\"https:\/\/www.galde.eu\/wp-content\/uploads\/2017\/11\/elpequenolibro.jpg 228w, https:\/\/www.galde.eu\/wp-content\/uploads\/2017\/11\/elpequenolibro-185x300.jpg 185w\" sizes=\"auto, (max-width: 228px) 100vw, 228px\" \/><\/a>Marta Peirano\u00a0<\/strong><br \/>\n<strong>El peque\u00f1o libro rojo del activista en la Red<\/strong><br \/>\n<strong> Roca Editorial de Libros. 2015<\/strong><br \/>\nEl libro presenta casos de ciudadanos ordinarios que, enfrentados a circunstancias extraordinarias, decidieron cumplir con su deber civil. Las consecuencias para ellos no podr\u00edan ser m\u00e1s graves ni m\u00e1s reveladoras: son v\u00edctimas de una campa\u00f1a internacional de descr\u00e9dito personal cuya intenci\u00f3n es convencer a los espectadores de que lo importante son las apariencias y no los hechos. El libro es un manual para proteger comunicaciones, cifrar sus correos, borrar b\u00fasquedas y dispersar las c\u00e9lulas de datos que generan las tarjetas de red, en el caso de que usted decida\u00a0arriesgarlo todo por el bien de su comunidad.<\/p>\n<\/div>\n<\/div>\n<\/div>\n<\/div>\n<\/td>\n<\/tr>\n<tr>\n<td><\/td>\n<\/tr>\n<tr>\n<td>\n<div class=\"page\" title=\"Page 48\">\n<div class=\"section\">\n<div class=\"layoutArea\">\n<div class=\"column\">\n<p><a href=\"https:\/\/www.galde.eu\/wp-content\/uploads\/2017\/11\/elcuartopoder.jpg\"><img loading=\"lazy\" decoding=\"async\" class=\"size-full wp-image-8233 alignleft colorbox-8229\" src=\"https:\/\/www.galde.eu\/wp-content\/uploads\/2017\/11\/elcuartopoder.jpg\" alt=\"\" width=\"228\" height=\"340\" data-id=\"8233\" srcset=\"https:\/\/www.galde.eu\/wp-content\/uploads\/2017\/11\/elcuartopoder.jpg 228w, https:\/\/www.galde.eu\/wp-content\/uploads\/2017\/11\/elcuartopoder-201x300.jpg 201w\" sizes=\"auto, (max-width: 228px) 100vw, 228px\" \/><\/a><\/p>\n<p><strong>V\u00edctor Sampedro<\/strong><br \/>\n<strong> El Cuarto Poder en Red<\/strong><br \/>\n<strong> Icaria. 2014<\/strong><br \/>\nEste texto es una encendida defensa del periodismo. No el de ahora, que se extingue, sino el futuro. Es la informaci\u00f3n como bien com\u00fan: autogestionado por la sociedad civil que, como en todo momento de cambio hist\u00f3rico, busca periodistas con coraje, crea nuevos medios&#8230; y actualiza el c\u00f3digo de la democracia. Los nativos digitales protagonizan una revoluci\u00f3n, que se nos oculta. Hackean el periodismo para convertirlo en un flujo de contrapoder mancomunado. Libre de ser reutilizado, modificado y difundido, abierto a ser contrastado y contestado, fruto de la colaboraci\u00f3n\u00a0entre los periodistas y las comunidades a las que sirven.<\/p>\n<\/div>\n<\/div>\n<\/div>\n<\/div>\n<\/td>\n<\/tr>\n<tr>\n<td><\/td>\n<\/tr>\n<tr>\n<td>\n<div class=\"page\" title=\"Page 48\">\n<div class=\"section\">\n<div class=\"layoutArea\">\n<div class=\"column\">\n<p><a href=\"https:\/\/www.galde.eu\/wp-content\/uploads\/2017\/11\/periodismoca.jpg\"><img loading=\"lazy\" decoding=\"async\" class=\"size-full wp-image-8234 alignleft colorbox-8229\" src=\"https:\/\/www.galde.eu\/wp-content\/uploads\/2017\/11\/periodismoca.jpg\" alt=\"\" width=\"228\" height=\"330\" data-id=\"8234\" srcset=\"https:\/\/www.galde.eu\/wp-content\/uploads\/2017\/11\/periodismoca.jpg 228w, https:\/\/www.galde.eu\/wp-content\/uploads\/2017\/11\/periodismoca-207x300.jpg 207w\" sizes=\"auto, (max-width: 228px) 100vw, 228px\" \/><\/a><\/p>\n<p><strong>Pascual Serrano<\/strong><br \/>\n<strong> Periodismo canalla<\/strong><br \/>\n<strong> Icaria, 2012<\/strong><br \/>\nEl libro analiza algunas t\u00e9cnicas con las que operan\u00a0 los medios de comunicaci\u00f3n para desinformarnos, descubre lo absurdo de muchos de sus criterios de trabajo y modos de presentar las noticias y desentra\u00f1a algunas caracter\u00edsticas del funcionamiento de las empresas de comunicaci\u00f3n. Por \u00faltimo, tambi\u00e9n aporta algunas ideas que permiten albergar esperanzas de que este modelo de\u00a0desinformaci\u00f3n pueda cambiar.<\/p>\n<\/div>\n<\/div>\n<\/div>\n<\/div>\n<\/td>\n<\/tr>\n<tr>\n<td><\/td>\n<\/tr>\n<tr>\n<td>\n<div class=\"page\" title=\"Page 48\">\n<div class=\"section\">\n<div class=\"layoutArea\">\n<div class=\"column\">\n<p><a href=\"https:\/\/www.galde.eu\/wp-content\/uploads\/2017\/11\/ramoneda.jpg\"><img loading=\"lazy\" decoding=\"async\" class=\"alignleft size-full wp-image-8235 colorbox-8229\" src=\"https:\/\/www.galde.eu\/wp-content\/uploads\/2017\/11\/ramoneda.jpg\" alt=\"\" width=\"228\" height=\"314\" data-id=\"8235\" srcset=\"https:\/\/www.galde.eu\/wp-content\/uploads\/2017\/11\/ramoneda.jpg 228w, https:\/\/www.galde.eu\/wp-content\/uploads\/2017\/11\/ramoneda-218x300.jpg 218w\" sizes=\"auto, (max-width: 228px) 100vw, 228px\" \/><\/a><\/p>\n<p><strong>Josep Ramoneda<\/strong><br \/>\n<strong> Contra la indiferencia<\/strong><br \/>\n<strong> Galaxia Gutemberg. 2010<\/strong><br \/>\nEl individuo capaz de pensar y decidir por s\u00ed mismo es el sujeto adulto que no acepta las ideas recibidas como verdades inexorables y que sabe perfectamente que compartir un prejuicio s\u00f3lo puede ser una opci\u00f3n con conciencia de ello. Frente a la sociedad de los creyentes, de los que aceptan acr\u00edticamente los relatos que se les ofrecen, la sociedad de los esp\u00edritus libres que discuten y construyen proyectos y que saben que la forma m\u00e1s persistente del mal es el\u00a0abuso de poder.<\/p>\n<\/div>\n<\/div>\n<\/div>\n<\/div>\n<\/td>\n<\/tr>\n<tr>\n<td><\/td>\n<\/tr>\n<tr>\n<td>\n<div class=\"page\" title=\"Page 48\">\n<div class=\"section\">\n<div class=\"layoutArea\">\n<div class=\"column\">\n<p><a href=\"https:\/\/www.galde.eu\/wp-content\/uploads\/2017\/11\/comunicacion.jpg\"><img loading=\"lazy\" decoding=\"async\" class=\"alignleft size-full wp-image-8236 colorbox-8229\" src=\"https:\/\/www.galde.eu\/wp-content\/uploads\/2017\/11\/comunicacion.jpg\" alt=\"\" width=\"228\" height=\"365\" data-id=\"8236\" srcset=\"https:\/\/www.galde.eu\/wp-content\/uploads\/2017\/11\/comunicacion.jpg 228w, https:\/\/www.galde.eu\/wp-content\/uploads\/2017\/11\/comunicacion-187x300.jpg 187w\" sizes=\"auto, (max-width: 228px) 100vw, 228px\" \/><\/a><\/p>\n<p><strong>Manuel Castells<\/strong><br \/>\n<strong> Comunicaci\u00f3n y Poder<\/strong><br \/>\n<strong> Alianza Editorial. 2009<\/strong><br \/>\n<strong> La obra constituye una expl<\/strong>oraci\u00f3n rigurosa de las v\u00edas de cambio social abiertas por una nueva relaci\u00f3n entre la comunicaci\u00f3n y poder. Los medios de comunicaci\u00f3n se han convertido en el \u00e1mbito en el que se despliegan las estrategias de poder, pero, en el actual contexto tecnol\u00f3gico, la comunicaci\u00f3n de masas va m\u00e1s all\u00e1 de los medios tradicionales: gracias a Internet y a los disposi- tivos m\u00f3viles ha surgido un nuevo entorno comunicativo, la autocomunicaci\u00f3n de masas, que ha\u00a0modificado profundamente las relaciones de poder.<\/p>\n<\/div>\n<\/div>\n<\/div>\n<\/div>\n<\/td>\n<\/tr>\n<tr>\n<td><\/td>\n<\/tr>\n<\/tbody>\n<\/table>\n<p><\/p>","protected":false},"excerpt":{"rendered":"<p>Marta Peirano\u00a0 El peque\u00f1o libro rojo del activista en la Red Roca Editorial de Libros. 2015 El libro presenta casos de ciudadanos ordinarios que, enfrentados a circunstancias extraordinarias, decidieron cumplir con su deber civil. Las consecuencias para ellos no podr\u00edan ser m\u00e1s graves ni m\u00e1s reveladoras: son v\u00edctimas de una campa\u00f1a internacional de descr\u00e9dito personal [&hellip;]<\/p>\n","protected":false},"author":2,"featured_media":8240,"comment_status":"closed","ping_status":"closed","sticky":false,"template":"","format":"standard","meta":{"footnotes":""},"categories":[2,64,5],"tags":[],"class_list":["post-8229","post","type-post","status-publish","format-standard","has-post-thumbnail","hentry","category-dossier","category-libros","category-politica","revista-galde-n19"],"_links":{"self":[{"href":"https:\/\/www.galde.eu\/es\/wp-json\/wp\/v2\/posts\/8229","targetHints":{"allow":["GET"]}}],"collection":[{"href":"https:\/\/www.galde.eu\/es\/wp-json\/wp\/v2\/posts"}],"about":[{"href":"https:\/\/www.galde.eu\/es\/wp-json\/wp\/v2\/types\/post"}],"author":[{"embeddable":true,"href":"https:\/\/www.galde.eu\/es\/wp-json\/wp\/v2\/users\/2"}],"replies":[{"embeddable":true,"href":"https:\/\/www.galde.eu\/es\/wp-json\/wp\/v2\/comments?post=8229"}],"version-history":[{"count":1,"href":"https:\/\/www.galde.eu\/es\/wp-json\/wp\/v2\/posts\/8229\/revisions"}],"predecessor-version":[{"id":19259,"href":"https:\/\/www.galde.eu\/es\/wp-json\/wp\/v2\/posts\/8229\/revisions\/19259"}],"wp:featuredmedia":[{"embeddable":true,"href":"https:\/\/www.galde.eu\/es\/wp-json\/wp\/v2\/media\/8240"}],"wp:attachment":[{"href":"https:\/\/www.galde.eu\/es\/wp-json\/wp\/v2\/media?parent=8229"}],"wp:term":[{"taxonomy":"category","embeddable":true,"href":"https:\/\/www.galde.eu\/es\/wp-json\/wp\/v2\/categories?post=8229"},{"taxonomy":"post_tag","embeddable":true,"href":"https:\/\/www.galde.eu\/es\/wp-json\/wp\/v2\/tags?post=8229"}],"curies":[{"name":"wp","href":"https:\/\/api.w.org\/{rel}","templated":true}]}}