{"id":7837,"date":"2017-11-02T12:42:22","date_gmt":"2017-11-02T11:42:22","guid":{"rendered":"https:\/\/www.galde.eu\/?p=7837"},"modified":"2025-10-23T19:35:41","modified_gmt":"2025-10-23T17:35:41","slug":"dossier-galde-19-medios-comunicacion","status":"publish","type":"post","link":"https:\/\/www.galde.eu\/es\/dossier-galde-19-medios-comunicacion\/","title":{"rendered":"Dossier Galde 19. Introducci\u00f3n a \u201cMedios de Comunicaci\u00f3n\u00bb"},"content":{"rendered":"<p><a href=\"https:\/\/www.galde.eu\/wp-content\/uploads\/2017\/11\/dossier19.png\"><img loading=\"lazy\" decoding=\"async\" class=\"aligncenter size-medium wp-image-7843 colorbox-7837\" src=\"https:\/\/www.galde.eu\/wp-content\/uploads\/2017\/11\/dossier19-288x300.png\" alt=\"\" width=\"288\" height=\"300\" data-id=\"7843\" srcset=\"https:\/\/www.galde.eu\/wp-content\/uploads\/2017\/11\/dossier19-288x300.png 288w, https:\/\/www.galde.eu\/wp-content\/uploads\/2017\/11\/dossier19.png 600w\" sizes=\"auto, (max-width: 288px) 100vw, 288px\" \/><\/a><\/p>\n<p class=\"p1\">**<a href=\"https:\/\/drive.google.com\/file\/d\/0B-6NvzniCy2GbmlfZ3BEWXo1UWM\/view?usp=sharing\" target=\"_blank\" rel=\"noopener\">Ver y descargar el Dossier Galde 19 en pdf, \u00abMedios de Comunicaci\u00f3n\u201d<\/a><\/p>\n<p class=\"p1\"><strong>Galde 19 \u2013 verano\/2017\/uda<\/strong><\/p>\n<p><strong>DOSSIER: <a href=\"https:\/\/www.galde.eu\/dossier-galde-19-medios-comunicacion\/\">\u00ab<b>Medios de Comunicaci\u00f3n\u00bb\u00a0.<span class=\"s1\">\u00a0-Introducci\u00f3n-<\/span><\/b><\/a><\/strong><\/p>\n<p><strong>22<\/strong>. <a href=\"https:\/\/www.galde.eu\/el-periodismo-tiene-un-gran-futuro-si-combina-solvencia-decencia-y-tiempo\/\">Entrevista. I\u00f1aki Gabilondo<\/a>. <a href=\"https:\/\/www.galde.eu\/autores\/alberto-surio\/\">Alberto Surio<\/a><\/p>\n<p><strong>26<\/strong>. <a href=\"https:\/\/www.galde.eu\/periodismo-precariedad-y-control-ideologico\/\">Periodismo hoy: precariedad y control ideol\u00f3gico<\/a>. <a href=\"https:\/\/www.galde.eu\/autores\/manu-gonzalez\/\">Manu Gonzalez<\/a><\/p>\n<p><strong>27<\/strong> <a href=\"https:\/\/www.galde.eu\/ya-no-miden-vales-sino-cuestas\/\">\u00abYa no te miden por lo que vales, sino por lo que cuestas\u201d<\/a>. <a href=\"https:\/\/www.galde.eu\/autores\/ramon-lobo\/\">Ram\u00f3n Lobo<\/a><\/p>\n<p>29. <a href=\"https:\/\/www.galde.eu\/amos-digitales-informacion\/\">Los GAFAM. Los amos digitales de la informaci\u00f3n<\/a>. <a href=\"https:\/\/www.galde.eu\/autores\/juan-carlos-miguel-de-bustos\/\">Juan Carlos Miguel de Bustos<\/a><\/p>\n<p><strong>32<\/strong>. <a href=\"https:\/\/www.galde.eu\/periodismo-critico-una-molestia-social\/\">Periodismo cr\u00edtico, una molestia social<\/a>. <a href=\"https:\/\/www.galde.eu\/autores\/amparo-lasheras\/\">Amparo Lasheras<\/a><\/p>\n<p><strong>34<\/strong>. <a href=\"https:\/\/www.galde.eu\/las-6w-de-los-medios-alternativos-digitales\/\">Las 6W de los medios alternativos digitales<\/a>. <a href=\"https:\/\/www.galde.eu\/autores\/pedro-fernandez-de-castro\/\">Pedro Fern\u00e1ndez de Castro<\/a><\/p>\n<p><strong>38<\/strong>. <a href=\"https:\/\/www.galde.eu\/euskera-estaturik-gabeko-nazioak-eta-komunikabideak\/\">Estaturik gabeko nazioak eta komunikabideak.<\/a> <a href=\"https:\/\/www.galde.eu\/autores\/inaki-irazabalbeitia-fernandez\/\">Inaki Irazabalbeitia<\/a><\/p>\n<p><strong>40<\/strong>. <a href=\"https:\/\/www.galde.eu\/utilizacion-politica-y-mediatica-de-la-cuestion-territorial-y-el-terrorismo\/\">Utilizaci\u00f3n pol\u00edtica y medi\u00e1tica de la cuesti\u00f3n territorial y el terrorismo<\/a>. <a href=\"https:\/\/www.galde.eu\/autores\/luis-rodriguez-aizpeolea\/\">Luis Rodriguez Aizpeolea<\/a><\/p>\n<p><strong>45<\/strong>. <a href=\"https:\/\/www.galde.eu\/posverdad-y-propaganda\/\">Posverdad y propaganda<\/a>. <a href=\"https:\/\/www.galde.eu\/autores\/josep-ramoneda\/\">Josep Ramoneda<\/a><\/p>\n<p><strong>44<\/strong>. <a href=\"https:\/\/www.galde.eu\/el-periodismo-que-podria-ayudar\/\">El periodismo que podr\u00eda ayudar<\/a>. <a href=\"https:\/\/www.galde.eu\/autores\/isabel-muntane\/\">Isabel Muntan\u00e9<\/a><\/p>\n<p><strong>46<\/strong>. <a href=\"https:\/\/www.galde.eu\/sobre-equidistancia-y-periodismo\/\">Sobre equidistancia y periodismo<\/a>. <a href=\"https:\/\/www.galde.eu\/autores\/pascual-serrano\/\">Pascual Serrano<\/a><\/p>\n<p><strong>48<\/strong>. <a href=\"https:\/\/www.galde.eu\/libros-y-referencias-para-el-dossier-galde-19\/\">Libros y referencias para el Dossier Galde 19<\/a><\/p>\n<hr \/>\n<p style=\"text-align: center;\"><span style=\"color: #ff0000;\"><strong>\u201cLo malo de esta edad de oro de la comunicaci\u00f3n y de la informaci\u00f3n<\/strong>\u00a0<strong>es que \u00a0no hay manera de saber lo que pasa\u201d.<\/strong><\/span><br \/>\n<span style=\"color: #ff0000;\"><strong> El Roto<\/strong><\/span><\/p>\n<p>Y\u2026 con los medios de comunicaci\u00f3n, \u00bfqu\u00e9 est\u00e1 pasando?. Las herramientas e instrumentos utilizados hist\u00f3ricamente para realizar el proceso comunicacional a la poblaci\u00f3n vienen experimentando una profunda transformaci\u00f3n. A las formas tradicionales de comunicaci\u00f3n como son la palabra escrita, el sonido y la imagen, ha venido a sumarse internet. En el mundo de los medios de comunicaci\u00f3n ha germinado un nuevo modo de comunicarse, informarse, convivir y relacionarse que viene configurando un nuevo ecosistema comunicacional en el que las leyes de la comunicaci\u00f3n y la informaci\u00f3n est\u00e1n en crisis y en profunda transformaci\u00f3n, incluida la profesi\u00f3n period\u00edstica. Unas normas en transici\u00f3n y a\u00fan por definirse, m\u00e1xime si tenemos en cuenta el papel que pueden jugar nuevos actores \u201cfuera de control\u201d, la \u201cblogosfera\u201d exponencial o la naciente sociedad de \u201cprosumidores\u201d de informaci\u00f3n, cuando en la nueva sociedad de redes, cada persona es un \u201cperiodista\u201d en potencia y \u00a0estamos pasando de los medios de masas a la masa de medios, \u00a0en palabras de Ignacio Ramonet.<\/p>\n<p>Quiz\u00e1s hemos asumido un reto que desborda nuestras capacidades, pero con la inestimable colaboraci\u00f3n de estudiosos y profesionales del periodismo hemos querido recoger algunas cuestiones que nos han parecido de inter\u00e9s abordar, aunque otras han quedado en el tintero.<\/p>\n<p>En este cambio de \u00e9poca y revoluci\u00f3n en los medios de comunicaci\u00f3n, nos ha parecido ilustrativo, entre otras cuestiones, el poder analizar la desintegraci\u00f3n que est\u00e1 experimentando el periodismo tradicional ligado a las transformaciones tecnol\u00f3gicas y la proliferaci\u00f3n de otro tipo de iniciativas period\u00edsticas, incluidas las potencialidades para los llamados \u201cmedios alternativos\u201d. Se incluyen reflexiones y testimonios sobre la precarizaci\u00f3n de la profesi\u00f3n, su futuro y la \u00e8tica o arte de contar las cosas; tambi\u00e9n se profundiza sobre las relaciones entre poder y medios, por ejemplo con la utilizaci\u00f3n pol\u00edtica y medi\u00e1tica de la cuesti\u00f3n territorial y el terrorismo. Adem\u00e1s, se ahonda en \u00a0el papel de Google, Amazon, Facebook, etc. aut\u00e9nticos \u201camos digitales de la comunicaci\u00f3n\u201d y la situaci\u00f3n de las estructuras empresariales que sosten\u00edan los medios \u201ctradicionales\u201d . Una mirada sobre la representaci\u00f3n de las mujeres en los medios \u00a0y una rese\u00f1a del encuentro celebrado en la sede del Parlamento Europeo en Bruxelas \u201c<i>Stateless Nations an Media. Is a National Comunication Agenda Possible? <\/i>son otros de los \u00e1mbitos objeto de atenci\u00f3n sobre el llamado \u201ccuarto poder\u201d.<\/p>\n","protected":false},"excerpt":{"rendered":"<p>(Galde 19 \u2013 verano\/2017). Una nueva entrega de Galde, algo m\u00e1s tarde de lo previsto. Hemos dedicado el dossier de nuestra revista a los medios de comunicaci\u00f3n. Pensamos que hemos logrado reunir un conjunto de firmas interesantes en torno a algunos de los problemas m\u00e1s acuciantes que est\u00e1n afectando a los \u00abmedia\u00bb, desde el cuestionamiento [&hellip;]<\/p>\n","protected":false},"author":2,"featured_media":7844,"comment_status":"closed","ping_status":"closed","sticky":false,"template":"","format":"standard","meta":{"footnotes":""},"categories":[2,61,5],"tags":[96],"class_list":["post-7837","post","type-post","status-publish","format-standard","has-post-thumbnail","hentry","category-dossier","category-indicedossier","category-politica","tag-sumario-indice","revista-galde-n19"],"_links":{"self":[{"href":"https:\/\/www.galde.eu\/es\/wp-json\/wp\/v2\/posts\/7837","targetHints":{"allow":["GET"]}}],"collection":[{"href":"https:\/\/www.galde.eu\/es\/wp-json\/wp\/v2\/posts"}],"about":[{"href":"https:\/\/www.galde.eu\/es\/wp-json\/wp\/v2\/types\/post"}],"author":[{"embeddable":true,"href":"https:\/\/www.galde.eu\/es\/wp-json\/wp\/v2\/users\/2"}],"replies":[{"embeddable":true,"href":"https:\/\/www.galde.eu\/es\/wp-json\/wp\/v2\/comments?post=7837"}],"version-history":[{"count":1,"href":"https:\/\/www.galde.eu\/es\/wp-json\/wp\/v2\/posts\/7837\/revisions"}],"predecessor-version":[{"id":19247,"href":"https:\/\/www.galde.eu\/es\/wp-json\/wp\/v2\/posts\/7837\/revisions\/19247"}],"wp:featuredmedia":[{"embeddable":true,"href":"https:\/\/www.galde.eu\/es\/wp-json\/wp\/v2\/media\/7844"}],"wp:attachment":[{"href":"https:\/\/www.galde.eu\/es\/wp-json\/wp\/v2\/media?parent=7837"}],"wp:term":[{"taxonomy":"category","embeddable":true,"href":"https:\/\/www.galde.eu\/es\/wp-json\/wp\/v2\/categories?post=7837"},{"taxonomy":"post_tag","embeddable":true,"href":"https:\/\/www.galde.eu\/es\/wp-json\/wp\/v2\/tags?post=7837"}],"curies":[{"name":"wp","href":"https:\/\/api.w.org\/{rel}","templated":true}]}}