{"id":7624,"date":"2017-06-22T18:22:01","date_gmt":"2017-06-22T16:22:01","guid":{"rendered":"https:\/\/www.galde.eu\/?p=7624"},"modified":"2025-10-23T19:35:44","modified_gmt":"2025-10-23T17:35:44","slug":"libros-y-referencias-del-dossier-galde-18","status":"publish","type":"post","link":"https:\/\/www.galde.eu\/es\/libros-y-referencias-del-dossier-galde-18\/","title":{"rendered":"Libros y referencias para el Dossier Galde 18"},"content":{"rendered":"<p><\/p>\n<table>\n<tbody>\n<tr style=\"height: 548px;\">\n<td style=\"height: 548px;\"><a href=\"https:\/\/www.galde.eu\/wp-content\/uploads\/2017\/06\/ivani.jpg\"><img loading=\"lazy\" decoding=\"async\" class=\"aligncenter size-full wp-image-7626 colorbox-7624\" src=\"https:\/\/www.galde.eu\/wp-content\/uploads\/2017\/06\/ivani.jpg\" alt=\"\" width=\"218\" height=\"323\" data-id=\"7626\" srcset=\"https:\/\/www.galde.eu\/wp-content\/uploads\/2017\/06\/ivani.jpg 218w, https:\/\/www.galde.eu\/wp-content\/uploads\/2017\/06\/ivani-202x300.jpg 202w\" sizes=\"auto, (max-width: 218px) 100vw, 218px\" \/><\/a><\/p>\n<p class=\"p1\"><span class=\"s1\">Ivan Illich, <i>El derecho al desempleo \u00fatil y sus enemigos profesionales<\/i>, Madrid, DIAZ &amp; PONS, 2015.<\/span><\/p>\n<p class=\"p1\"><span class=\"s1\">El derecho al desempleo \u00fatil sintetiza la denuncia de aspectos y mecanismos que siguen amenazando a nuestra sociedad sin que nos demos cuenta de ello, arrastr\u00e1ndola, en nombre de la libertad y de la democracia, hacia situaciones cada vez m\u00e1s opresivas y destructivas. Las ideas que formula Ivan Illich (1926-2002) en este libro son de una enorme pertinencia para desvelar tendencias y problemas actuales, sobre todo cuando los tiempos de crisis de los a\u00f1os setenta a los que se refiere el autor muestran marcados paralelismos con los tiempos actuales. Esta edici\u00f3n cuenta con una valiosa introducci\u00f3n de Jos\u00e9 Manuel Naredo que nos introduce en la pertinencia del pensamiento de Illich en la contemporaneidad.<\/span><\/p>\n<\/td>\n<\/tr>\n<tr style=\"height: 61.2049px;\">\n<td style=\"height: 61.2049px;\"><\/td>\n<\/tr>\n<\/tbody>\n<\/table>\n<table>\n<tbody>\n<tr style=\"height: 432px;\">\n<td style=\"height: 432px;\"><a href=\"https:\/\/www.galde.eu\/wp-content\/uploads\/2017\/06\/guys.jpg\"><img loading=\"lazy\" decoding=\"async\" class=\"aligncenter size-full wp-image-7628 colorbox-7624\" src=\"https:\/\/www.galde.eu\/wp-content\/uploads\/2017\/06\/guys.jpg\" alt=\"\" width=\"219\" height=\"277\" data-id=\"7628\" \/><\/a><\/p>\n<p class=\"p3\"><span class=\"s1\">Guy Standing, <i>El Precariado. Una nueva clase social<\/i>, Barcelona, Pasado<i> y <\/i>Presente, 2013.<\/span><\/p>\n<p class=\"p3\"><span class=\"s1\">Este libro trata de un nuevo grupo social aparecido en el mundo, una nueva clase que se est\u00e1 formando. Se propone responder a cinco preguntas: \u00bfQu\u00e9 es el precariado? \u00bfPor qu\u00e9 debemos atender su crecimiento? \u00bfPor qu\u00e9 esta creciendo? \u00bfQui\u00e9n est\u00e1 entrando a formar parte de \u00e9l? \u00bfA d\u00f3nde nos est\u00e1 llevando el precariado?<\/span><\/p>\n<\/td>\n<\/tr>\n<tr style=\"height: 72.5452px;\">\n<td style=\"height: 72.5452px;\"><\/td>\n<\/tr>\n<\/tbody>\n<\/table>\n<table>\n<tbody>\n<tr style=\"height: 421px;\">\n<td style=\"height: 421px;\"><a href=\"https:\/\/www.galde.eu\/wp-content\/uploads\/2017\/06\/nared.jpg\"><img loading=\"lazy\" decoding=\"async\" class=\"aligncenter size-full wp-image-7630 colorbox-7624\" src=\"https:\/\/www.galde.eu\/wp-content\/uploads\/2017\/06\/nared.jpg\" alt=\"\" width=\"218\" height=\"290\" data-id=\"7630\" \/><\/a><\/p>\n<p class=\"p3\"><span class=\"s1\">Jos\u00e9 Manuel Naredo<b>, <\/b><i>Ra\u00edces econ\u00f3micas del deterioro ecol\u00f3gico y social.<span class=\"Apple-converted-space\">\u00a0 <\/span>M\u00e1s all\u00e1 de los dogma<\/i>s, Madrid, Siglo XXI, 2006.<\/span><\/p>\n<p class=\"p3\"><span class=\"s1\">Este libro reinterpreta los problemas ambientales y sociales de nuestro tiempo desde perspectivas m\u00e1s amplias de las habituales. Adem\u00e1s de desvelar las irracionalidades propias de la ideolog\u00eda econ\u00f3mica fuente de tales problemas, el libro propone y aplica enfoques alternativos.<\/span><\/p>\n<\/td>\n<\/tr>\n<tr style=\"height: 82.8508px;\">\n<td style=\"height: 82.8508px;\"><\/td>\n<\/tr>\n<\/tbody>\n<\/table>\n<table>\n<tbody>\n<tr style=\"height: 430px;\">\n<td style=\"height: 430px;\"><a href=\"https:\/\/www.galde.eu\/wp-content\/uploads\/2017\/06\/oikos.jpg\"><img loading=\"lazy\" decoding=\"async\" class=\"aligncenter size-full wp-image-7631 colorbox-7624\" src=\"https:\/\/www.galde.eu\/wp-content\/uploads\/2017\/06\/oikos.jpg\" alt=\"\" width=\"217\" height=\"275\" data-id=\"7631\" \/><\/a><\/p>\n<p class=\"p3\"><span class=\"s1\">Jos\u00e9 Manuel Naredo, <i>Di\u00e1logos sobre el <\/i>oikos<i>. Entre las ruinas de la econom\u00eda y la pol\u00edtica<\/i>, Madrid, Clave Intelectual, 2017.<\/span><\/p>\n<p class=\"p3\"><span class=\"s1\">Ante una globalizaci\u00f3n que extiende hoy por el mundo la depredaci\u00f3n y la polarizaci\u00f3n social y territorial, forzando por vez primera una crisis de civilizaci\u00f3n que alcanza dimensiones planetarias, el autor diagnostica los absurdos derivados del contraste entre el panorama actual y los discursos del poder que lo justifican. As\u00ed, solo a trav\u00e9s de las ruinas de la econom\u00eda y la pol\u00edtica actuales cabe atisbar alternativas.<\/span><\/p>\n<\/td>\n<\/tr>\n<tr style=\"height: 77.2709px;\">\n<td style=\"height: 77.2709px;\"><\/td>\n<\/tr>\n<\/tbody>\n<\/table>\n<table>\n<tbody>\n<tr style=\"height: 468px;\">\n<td style=\"height: 468px;\"><a href=\"https:\/\/www.galde.eu\/wp-content\/uploads\/2017\/06\/ravent.jpg\"><img loading=\"lazy\" decoding=\"async\" class=\"aligncenter size-full wp-image-7633 colorbox-7624\" src=\"https:\/\/www.galde.eu\/wp-content\/uploads\/2017\/06\/ravent.jpg\" alt=\"\" width=\"218\" height=\"267\" data-id=\"7633\" \/><\/a><\/p>\n<p class=\"p3\"><span class=\"s1\">Daniel Ravent\u00f3s<i>, Las condiciones materiales de la libertad<\/i>, Barcelona, El<i> <\/i>Viejo Topo, 2007.<\/span><\/p>\n<p class=\"p3\"><span class=\"s1\">Este es un libro sobre la Renta B\u00e1sica que, a pesar de tener ya una d\u00e9cada a sus espaldas, resulta especialmente \u00fatil para enfrentarse a la eclosi\u00f3n que la Renta B\u00e1sica est\u00e1 conociendo en los \u00faltimos tiempos, eclosi\u00f3n que, como no pod\u00eda ser menos, est\u00e1 generando una importante confusi\u00f3n ideol\u00f3gica. El autor analiza desde la historia de la Renta B\u00e1sica que se reivindica, su justificaci\u00f3n filos\u00f3fica, la diferencia entre los conceptos de trabajo remunerado, dom\u00e9stico y voluntario, la relaci\u00f3n entre Renta B\u00e1sica y Estado de Bienestar y la finaciaci\u00f3n de la RB, hasta las cr\u00edticas \u00e9ticas y t\u00e9cnicas que le han llovido a esta idea.<\/span><\/p>\n<\/td>\n<\/tr>\n<tr style=\"height: 70.6078px;\">\n<td style=\"height: 70.6078px;\"><\/td>\n<\/tr>\n<\/tbody>\n<\/table>\n<table>\n<tbody>\n<tr style=\"height: 480px;\">\n<td style=\"height: 480px;\"><a href=\"https:\/\/www.galde.eu\/wp-content\/uploads\/2017\/06\/laura.jpg\"><img loading=\"lazy\" decoding=\"async\" class=\"aligncenter size-full wp-image-7634 colorbox-7624\" src=\"https:\/\/www.galde.eu\/wp-content\/uploads\/2017\/06\/laura.jpg\" alt=\"\" width=\"217\" height=\"302\" data-id=\"7634\" srcset=\"https:\/\/www.galde.eu\/wp-content\/uploads\/2017\/06\/laura.jpg 217w, https:\/\/www.galde.eu\/wp-content\/uploads\/2017\/06\/laura-216x300.jpg 216w\" sizes=\"auto, (max-width: 217px) 100vw, 217px\" \/><\/a><\/p>\n<p class=\"p5\"><span class=\"s1\">Laura Mora Cabello de Alba y Juan Escribano (eds.), <i>La ecolog\u00eda del trabajo. El trabajo que sostiene la vida<\/i>, Madrid, Bomarzo, 2015.<\/span><\/p>\n<p class=\"p5\"><span class=\"s1\">Este libro colectivo tiene su origen en unas Jornadas de Trabajo y Medio Ambiente, organizadas por <i>Ecologistas en Acci\u00f3n<\/i> en oto\u00f1o de 2013, en Madrid. Su estructura incorpora tres cap\u00edtulos. El primero est\u00e1 dedicado a contemplar el trabajo como parte de la vida y, como tal, parte del planeta que habitamos, construyendo el propio concepto de ecolog\u00eda del trabajo; en el segundo un an\u00e1lisis jur\u00eddico espa\u00f1ol y franc\u00e9s junto con un detallado an\u00e1lisis hist\u00f3rico-filosofico; en el tercero se ofrecen narraciones de distintas nociones de trabajo.<\/span><\/p>\n<\/td>\n<\/tr>\n<tr style=\"height: 27.8475px;\">\n<td style=\"height: 27.8475px;\"><\/td>\n<\/tr>\n<\/tbody>\n<\/table>\n<p><\/p>","protected":false},"excerpt":{"rendered":"<p>Ivan Illich, El derecho al desempleo \u00fatil y sus enemigos profesionales, Madrid, DIAZ &amp; PONS, 2015. El derecho al desempleo \u00fatil sintetiza la denuncia de aspectos y mecanismos que siguen amenazando a nuestra sociedad sin que nos demos cuenta de ello, arrastr\u00e1ndola, en nombre de la libertad y de la democracia, hacia situaciones cada vez [&hellip;]<\/p>\n","protected":false},"author":2,"featured_media":7635,"comment_status":"closed","ping_status":"closed","sticky":false,"template":"","format":"standard","meta":{"footnotes":""},"categories":[2,64,5],"tags":[],"class_list":["post-7624","post","type-post","status-publish","format-standard","has-post-thumbnail","hentry","category-dossier","category-libros","category-politica","revista-galde-n18"],"_links":{"self":[{"href":"https:\/\/www.galde.eu\/es\/wp-json\/wp\/v2\/posts\/7624","targetHints":{"allow":["GET"]}}],"collection":[{"href":"https:\/\/www.galde.eu\/es\/wp-json\/wp\/v2\/posts"}],"about":[{"href":"https:\/\/www.galde.eu\/es\/wp-json\/wp\/v2\/types\/post"}],"author":[{"embeddable":true,"href":"https:\/\/www.galde.eu\/es\/wp-json\/wp\/v2\/users\/2"}],"replies":[{"embeddable":true,"href":"https:\/\/www.galde.eu\/es\/wp-json\/wp\/v2\/comments?post=7624"}],"version-history":[{"count":1,"href":"https:\/\/www.galde.eu\/es\/wp-json\/wp\/v2\/posts\/7624\/revisions"}],"predecessor-version":[{"id":19287,"href":"https:\/\/www.galde.eu\/es\/wp-json\/wp\/v2\/posts\/7624\/revisions\/19287"}],"wp:featuredmedia":[{"embeddable":true,"href":"https:\/\/www.galde.eu\/es\/wp-json\/wp\/v2\/media\/7635"}],"wp:attachment":[{"href":"https:\/\/www.galde.eu\/es\/wp-json\/wp\/v2\/media?parent=7624"}],"wp:term":[{"taxonomy":"category","embeddable":true,"href":"https:\/\/www.galde.eu\/es\/wp-json\/wp\/v2\/categories?post=7624"},{"taxonomy":"post_tag","embeddable":true,"href":"https:\/\/www.galde.eu\/es\/wp-json\/wp\/v2\/tags?post=7624"}],"curies":[{"name":"wp","href":"https:\/\/api.w.org\/{rel}","templated":true}]}}