{"id":7290,"date":"2017-03-29T18:32:35","date_gmt":"2017-03-29T16:32:35","guid":{"rendered":"https:\/\/www.galde.eu\/?p=7290"},"modified":"2025-10-23T19:35:47","modified_gmt":"2025-10-23T17:35:47","slug":"guerras-culturales","status":"publish","type":"post","link":"https:\/\/www.galde.eu\/es\/guerras-culturales\/","title":{"rendered":"Guerras culturales"},"content":{"rendered":"<p align=\"JUSTIFY\"><a href=\"https:\/\/www.galde.eu\/wp-content\/uploads\/2017\/10\/Direcci\u00f3n.jpg\"><img loading=\"lazy\" decoding=\"async\" class=\"size-medium wp-image-7291 aligncenter colorbox-7290\" src=\"https:\/\/www.galde.eu\/wp-content\/uploads\/2017\/10\/Direcci\u00f3n-300x247.jpg\" alt=\"\" width=\"300\" height=\"247\" data-id=\"7291\" srcset=\"https:\/\/www.galde.eu\/wp-content\/uploads\/2017\/10\/Direcci\u00f3n-300x247.jpg 300w, https:\/\/www.galde.eu\/wp-content\/uploads\/2017\/10\/Direcci\u00f3n.jpg 600w\" sizes=\"auto, (max-width: 300px) 100vw, 300px\" \/><\/a><\/p>\n<p align=\"JUSTIFY\">(Galde 17, invierno 2017). Jas\u00f3n &amp; Argonautas.<br \/>\nTras varios a\u00f1os de incendios, las llamas de las hogueras se van apagado dej\u00e1ndonos tan solo sus huellas de ceniza. \u00bfTanto l\u00edo para esto?, se preguntar\u00e1n muchos. En efecto, ha finalizado <i>Donostia 2016<\/i> y muchas ilusiones han pasado de largo como el Cadillac de <i>Bienvenido MrMarshal<\/i>. Acabados, por fin, los embates y reyertas donostiarras cre\u00edamos llegada la paz cultural. Nada m\u00e1s lejos de la realidad.<\/p>\n<p align=\"JUSTIFY\">Dec\u00eda Montesquieu que \u201cnada agravia tanto a los hombres como ir contra sus creencias y costumbres\u201d. Ser\u00e1 por esto que con frecuencia un comentario burl\u00f3n o una representaci\u00f3n provocativa acaban en bronca tribal. So pretexto de atentado contra la moral, el esp\u00edritu nacional o la religi\u00f3n, lo que podr\u00eda haber sido un buen debate cultural acaba como el <i>rosario de la aurora<\/i>. No son solo los valores tradicionales la yesca que facilita la llama. En la sociedad multicultural no hay acuerdo sobre c\u00f3mo bromear sobre el sexo, la raza o la identidad sin herir o excluir a alguien y, sobre todo, sin ser mortalmente sensato y aburrido. Los espacios que gana la correcci\u00f3n pol\u00edtica, los pierden la s\u00e1tira y la cr\u00edtica. Hasta que, de pronto, \u00e9stas reaccionan y rompen todos los diques con efectos imprevisibles. O viceversa, siendo la compostura la que arremete contra la zafiedad. Son las guerras culturales; guerras habitualmente incruentas pero que pueden llegar a ser devastadoras cuando crean un estado de opini\u00f3n favorable a la barbarie.<\/p>\n<p align=\"JUSTIFY\"><b>I. Uno contra muchos.\u00a0<\/b>Es una obviedad: Trump cabrea a todo el mundo salvo a su parroquia, que no es poca. Ese tipo que dice que las vacunas provocan el autismo a muchos ni\u00f1os o que el calentamiento global es un invento chino contra la industria americana, ser\u00eda <i>txirene<\/i> si no fuera el presidente de la potencia con la mayor capacidad destructiva del mundo. Ya no tiene gracia. Lo dice Pablo Higuera, un autor de vi\u00f1etas que se mueve en el mundo del arte neoyorquino: \u201cTrump representa un verdadero desaf\u00edo para los comediantes, porque ha rebasado la parodia. Desde que Trump es realidad, ya no podemos estar ri\u00e9ndonos. El humor tiene sus l\u00edmites\u201d. As\u00ed lo han entendido desde MerylStreep a Lady Gaga, pasando por los prestigiosos MoMA, Metropolitan o Guggenheim, que muestran en sus exposiciones la aportaci\u00f3n de los artistas refugiados que huyendo de las guerras y persecuciones del siglo XX hicieron de Norteam\u00e9rica el centro cultural del mundo.<\/p>\n<p align=\"JUSTIFY\">La desaz\u00f3n ha de ser muy profunda para que el panel de cient\u00edficos que calcula cada a\u00f1o la hora del Apocalipsis o del Juicio Final, haya decidido adelantarla. Para que todo no sea malo, <i>1984<\/i>, la distop\u00eda de Orwel, se ha convertido en superventas. Ser\u00eda reconfortante si no fuera porque, al tiempo, tambi\u00e9n lo ha sido <i>Mein\u00a0 Kampf<\/i>, la reedici\u00f3n de la obra de Hitler, prohibida hasta ahora en Alemania.Algunos libros abren la mente mientras que otros la obstruyen.<\/p>\n<p align=\"JUSTIFY\"><b>II. Antiguos contra modernos.<\/b> Tras un controvertido concurso, el Ayuntamiento de Madrid ha adjudicado a un nuevo equipo la gesti\u00f3n de los espacios teatrales conocidos como Naves del Matadero. Hasta ah\u00ed, todo normal. La chispa ha saltado cuando Mateo Feij\u00f3o, el responsable de la programaci\u00f3n, explic\u00f3 que \u00e9sta consistir\u00e1 exclusivamente en artes contempor\u00e1neas, es decir, vanguardistas y experimentales, y aclar\u00f3 que contempor\u00e1neo no es lo mismo que actual. En otras palabras, mucho formato performativo, danza y artes visuales, y para m\u00e1s inri, mayoritariamente de allende las fronteras. Los teatreros de toda la vida, obviamente, se han cabreado al ver que en el Matadero mor\u00eda el teatro. Para hacer m\u00e1s amigos, el tal Feij\u00f3o ha decidido que las dos salas que llevaban los nombres de Max Aub y Arrabal, recuperar\u00e1n su antigua denominaci\u00f3n: Nave 10 y Nave 11. Se supone que es m\u00e1s as\u00e9ptico y conceptual. \u00a1Por qu\u00e9 lo har\u00eda! Le han llovido toneladas de improperios al Ayuntamiento de Carmena: desde ignorantes hasta cainitas con los no afines. La concejala Mayer, ducha en broncas, de quien la habitualmente comedida Nuria Espert ha dicho que es \u201canalfabeta funcional\u201d, ha optado por representar el papel de Don Tancredo: \u201cla concejala no est\u00e1 para ocuparse de lo que pone en los carteles\u201d, ha dicho refiri\u00e9ndose a los que se\u00f1alan el nombre de las salas.<\/p>\n<p align=\"JUSTIFY\">A Arrabal le habr\u00e1 dolido dejar de ser vanguardia. Don Max ya no est\u00e1 para dolerse de nada. Menos mal que esta afrenta a las letras hispanas se compensa con la decisi\u00f3n de la aerol\u00ednea Norwegian de bautizar uno de sus aviones con el nombre de Rosal\u00eda de Castro.<\/p>\n<p align=\"JUSTIFY\"><b>III. Chistosos contra paletos. <\/b>Mucho se ha dicho sobre el denostado <i>Euskalduna naiz eta zu?<\/i> El choque de argumentos ha echado m\u00e1s chispas que un duelo a florete. Que si el derecho al humor, que si manipulaci\u00f3n interesada, que disculpas por aqu\u00ed, que dimitan por all\u00e1, que si ser grosero no es ser delincuente, que si ser\u00eda sensato prohibir el odio\u2026 La munici\u00f3n m\u00e1s fina en este combate -\u00bfcultural?- la han usado quienes argumentan si una televisi\u00f3n p\u00fablica ha de emplear tiempo y dinero en que algunas de sus <i>estrellas<\/i> llamen fachas, chonis y paletos a una parte de su menguada audiencia y a quienes habitan los territorios vecinos. Mal asunto andar encendiendo mechas cuando el olor a p\u00f3lvora de pasadas explosiones flota todav\u00eda en el ambiente.<\/p>\n","protected":false},"excerpt":{"rendered":"<p>(Galde 17, invierno 2017). Jas\u00f3n &amp; Argonautas. Tras varios a\u00f1os de incendios, las llamas de las hogueras se van apagado dej\u00e1ndonos tan solo sus huellas de ceniza. \u00bfTanto l\u00edo para esto?, se preguntar\u00e1n muchos. En efecto, ha finalizado Donostia 2016 y muchas ilusiones han pasado de largo como el Cadillac de Bienvenido MrMarshal. Acabados, por [&hellip;]<\/p>\n","protected":false},"author":2,"featured_media":7292,"comment_status":"closed","ping_status":"closed","sticky":false,"template":"","format":"standard","meta":{"footnotes":""},"categories":[3],"tags":[],"class_list":["post-7290","post","type-post","status-publish","format-standard","has-post-thumbnail","hentry","category-cultura","revista-galde-n17"],"_links":{"self":[{"href":"https:\/\/www.galde.eu\/es\/wp-json\/wp\/v2\/posts\/7290","targetHints":{"allow":["GET"]}}],"collection":[{"href":"https:\/\/www.galde.eu\/es\/wp-json\/wp\/v2\/posts"}],"about":[{"href":"https:\/\/www.galde.eu\/es\/wp-json\/wp\/v2\/types\/post"}],"author":[{"embeddable":true,"href":"https:\/\/www.galde.eu\/es\/wp-json\/wp\/v2\/users\/2"}],"replies":[{"embeddable":true,"href":"https:\/\/www.galde.eu\/es\/wp-json\/wp\/v2\/comments?post=7290"}],"version-history":[{"count":1,"href":"https:\/\/www.galde.eu\/es\/wp-json\/wp\/v2\/posts\/7290\/revisions"}],"predecessor-version":[{"id":19323,"href":"https:\/\/www.galde.eu\/es\/wp-json\/wp\/v2\/posts\/7290\/revisions\/19323"}],"wp:featuredmedia":[{"embeddable":true,"href":"https:\/\/www.galde.eu\/es\/wp-json\/wp\/v2\/media\/7292"}],"wp:attachment":[{"href":"https:\/\/www.galde.eu\/es\/wp-json\/wp\/v2\/media?parent=7290"}],"wp:term":[{"taxonomy":"category","embeddable":true,"href":"https:\/\/www.galde.eu\/es\/wp-json\/wp\/v2\/categories?post=7290"},{"taxonomy":"post_tag","embeddable":true,"href":"https:\/\/www.galde.eu\/es\/wp-json\/wp\/v2\/tags?post=7290"}],"curies":[{"name":"wp","href":"https:\/\/api.w.org\/{rel}","templated":true}]}}