{"id":7130,"date":"2017-06-22T19:00:40","date_gmt":"2017-06-22T17:00:40","guid":{"rendered":"https:\/\/www.galde.eu\/?p=7130"},"modified":"2025-10-23T19:35:43","modified_gmt":"2025-10-23T17:35:43","slug":"numero-18-de-galde-%c2%b7sumario","status":"publish","type":"post","link":"https:\/\/www.galde.eu\/es\/numero-18-de-galde-%c2%b7sumario\/","title":{"rendered":"N\u00famero 18 de GALDE \u00b7sumario"},"content":{"rendered":"<p><a href=\"https:\/\/www.galde.eu\/wp-content\/uploads\/2017\/06\/Galde18completa280.jpeg\"><img loading=\"lazy\" decoding=\"async\" class=\"aligncenter wp-image-7137 size-medium colorbox-7130\" src=\"https:\/\/www.galde.eu\/wp-content\/uploads\/2017\/06\/Galde18completa280-211x300.jpeg\" alt=\"\" width=\"211\" height=\"300\" data-id=\"7137\" \/><\/a><\/p>\n<p>&nbsp;<\/p>\n<p class=\"p1\">**<a href=\"https:\/\/drive.google.com\/file\/d\/0B-6NvzniCy2GUnBzWEpFU1FjMVU\/view?usp=sharing\">Ver y descargar la revista Galde 18 completa en pdf<\/a>.<br \/>\n**<a href=\"https:\/\/drive.google.com\/file\/d\/0B-6NvzniCy2GWjVWbXUtTUFUTG8\/view?usp=sharing\">Ver y descargar el Dossier Galde 18 en pdf, \u201cTrabajo y empleo\u00bb<\/a><br \/>\n**<a href=\"https:\/\/drive.google.com\/drive\/folders\/0B-6NvzniCy2GfmtoS3dPQWFSY2lfczROZEJaN0xsX3NzbEZFeW00cmtUNlhXMUxaUXUtdlk?usp=sharing\">Acceder al archivo de todas las revista de Galde en pdf<\/a><\/p>\n<p class=\"p1\"><strong>Galde 18 \u2013 Primavera\/2017<\/strong><\/p>\n<p class=\"p1\"><strong><span class=\"s1\">aurkibidea sumario<\/span><\/strong><\/p>\n<p class=\"p2\"><span class=\"s1\"><b>ELKARRIZKETA<\/b><\/span><\/p>\n<div class=\"page\" title=\"Page 2\">\n<div class=\"layoutArea\">\n<div class=\"column\">\n<p class=\"p1\"><strong>04.<\/strong>\u00a0<a href=\"https:\/\/www.galde.eu\/entrevista-a-victoria-camps\/\">Entrevista a Victoria Camps<\/a>.\u00a0<em><a href=\"https:\/\/www.galde.eu\/autores\/miren-ortubay-fuentes\/\">Miren Ortubay<\/a>,\u00a0<a href=\"https:\/\/www.galde.eu\/autores\/antonio-dupla\/\">Antonio Dupl\u00e1<\/a>.<\/em><\/p>\n<p class=\"p1\"><strong>BEGIRADAK<\/strong><\/p>\n<p class=\"p1\"><strong>08.<\/strong>\u00a0<a href=\"https:\/\/www.galde.eu\/la-derrota-de-las-elites\/\">La derrota de las \u00e9lites<\/a>.\u00a0<em><a href=\"https:\/\/www.galde.eu\/autores\/alberto-surio\/\">Alberto Surio<\/a>.<\/em><\/p>\n<p class=\"p1\"><strong>10.<\/strong> Dicen: De desigualdades, cuidados, desaparecidos-as,&#8230;<\/p>\n<p class=\"p1\"><strong>12.<\/strong>\u00a0<a href=\"https:\/\/www.galde.eu\/muros-y-legalidad-en-el-acceso-a-documentacion-historica-sobre-violaciones-de-derechos-humanos\/\">Acceso a documentaci\u00f3n hist\u00f3rica sobre violaciones de derechos humanos<\/a>. <a href=\"https:\/\/www.galde.eu\/autores\/jesus-espinosa\/\">Jes\u00fas Espinosa<\/a>.<\/p>\n<p class=\"p1\"><strong>14.<\/strong> <a href=\"https:\/\/www.galde.eu\/psicosociologia-del-cambio-climatico\/\">Psicosociolog\u00eda del cambio clim\u00e1tico<\/a>. <a href=\"https:\/\/www.galde.eu\/autores\/christian-oltra\/\">Christian Oltra<\/a>.<\/p>\n<p class=\"p1\"><strong>18.<\/strong> <a href=\"https:\/\/www.galde.eu\/euskera-ordezkapen-bidezko-ernalketa-umetokien-alokairuaren-aurrean\/\">Ordezkapen bidezko ernalketa, umetokien alokairuaren aurrean<\/a>. <a href=\"https:\/\/www.galde.eu\/autores\/ainhoa-beola\/\">Ainhoa Beola Olazigegi<\/a>.<\/p>\n<p class=\"p1\"><strong>20.<\/strong> <a href=\"https:\/\/www.galde.eu\/ibiltari-baten-egunkaritik-desconfianza\/\">Ibiltari baten egunkaritik: Desconfianza<\/a>. <a href=\"http:\/\/o\u00f1ederra\">Lourdes O\u00f1ederra<\/a>.<\/p>\n<p class=\"p1\"><strong><span class=\"s1\">DOSSIER: \u00abTrabajo y Empleo\u00bb. <\/span><\/strong><span class=\"s1\"><a href=\"https:\/\/www.galde.eu\/dossier-galde-18-introduccion-a-trabajo-y-empleo\/\">Introducci\u00f3n<\/a><\/span><\/p>\n<p class=\"p1\"><strong>22.<\/strong> <a href=\"https:\/\/www.galde.eu\/entrevista-lluis-torrens-melich\/\">Entrevista: Llu\u00eds Torrens M\u00e8lich<\/a>. <a href=\"https:\/\/www.galde.eu\/autores\/inaki-uribarri\/\">I\u00f1aki Uribarri<\/a><em>.<\/em><\/p>\n<p class=\"p1\"><strong>26.<\/strong> <a href=\"https:\/\/www.galde.eu\/configuracion-y-crisis-del-mito-del-trabajo\/\">Configuraci\u00f3n y crisis del mito del trabajo<\/a>. <a href=\"https:\/\/www.galde.eu\/autores\/jose-manuel-naredo\/\">Jos\u00e9 Manuel Naredo<\/a>.<\/p>\n<p class=\"p1\"><strong>30.<\/strong> <a href=\"https:\/\/www.galde.eu\/la-doble-crisis-del-empleo\/\">La doble crisis del empleo<\/a>. <a href=\"https:\/\/www.galde.eu\/autores\/albert-recio\/\">Albert Recio<\/a>.<\/p>\n<p class=\"p1\"><strong>33.<\/strong> <a href=\"https:\/\/www.galde.eu\/las-politicas-de-reduccion-del-tiempo-de-trabajo-en-euskalerria\/\">Pol\u00edticas de reducci\u00f3n del tiempo de trabajo en Euskal Herria<\/a>. <a href=\"https:\/\/www.galde.eu\/autores\/veronica-castrillon-serna\/\">Ver\u00f3nica Castrill\u00f3n<\/a>, <a href=\"https:\/\/www.galde.eu\/autores\/jon-bernat-zubiri-rey\/\">Jon Bernat Zubiri<\/a>, <a href=\"https:\/\/www.galde.eu\/autores\/aitor-bengoetxea-alkorta\/\">Aitor Bengoetxea<\/a>.<\/p>\n<p class=\"p1\"><strong>36.<\/strong> <a href=\"https:\/\/www.galde.eu\/a-la-mierda-el-trabajo-perdon-de-que-trabajo-hablamos\/\">\u00bfA la mierda el trabajo?, perd\u00f3n \u00bfde que trabajo hablamos?<\/a> <a href=\"https:\/\/www.galde.eu\/autores\/cristina-carrasco\/\">Cristina Carrasco<\/a>.<\/p>\n<p class=\"p1\"><strong>39.<\/strong> <a href=\"https:\/\/www.galde.eu\/euskera-gero-eta-estuago\/\">Gero eta estuago<\/a>. <a href=\"https:\/\/www.galde.eu\/autores\/aiala-elorrieta\/\">Aiala Elorrieta<\/a>.<\/p>\n<p class=\"p1\"><strong>42.<\/strong> <a href=\"https:\/\/www.galde.eu\/empleo-y-renta-basica\/\">Empleo y renta b\u00e1sica<\/a>. <a href=\"https:\/\/www.galde.eu\/autores\/daniel-raventos\/\">Daniel Ravent\u00f3s<\/a>.<\/p>\n<p class=\"p1\"><strong>44.<\/strong> <a href=\"https:\/\/www.galde.eu\/la-precariedad-y-el-precariado\/\">La precariedad y el precariado<\/a>. <a href=\"https:\/\/www.galde.eu\/autores\/inaki-uribarri\/\">I\u00f1aki Uribarri<\/a>.<\/p>\n<p class=\"p1\"><strong>46.<\/strong> <a href=\"https:\/\/www.galde.eu\/euskera-errealistentzako-utopia\/\">Errealistentzako utopia<\/a>. <a href=\"https:\/\/www.galde.eu\/autores\/sabine-zurutuza\/\">Sabi\u00f1e Zurutuza<\/a>.<\/p>\n<p class=\"p1\"><strong>48.<\/strong> <a href=\"https:\/\/www.galde.eu\/libros-y-referencias-del-dossier-galde-18\/\">Libros y referencias para el dossier Galde 18<\/a>.<\/p>\n<p class=\"p1\"><strong>OCKHAMEN LABANA<\/strong><\/p>\n<p class=\"p1\"><strong>49.<\/strong> <a href=\"https:\/\/www.galde.eu\/euskera-gizakion-jatorria-nahastuz-doanean\/\">Gizakion jatorria nahastuz doanean<\/a>. <em><a href=\"https:\/\/www.galde.eu\/autores\/inaki-irazabalbeitia-fernandez\/\">Inaki Irazabalbeitia<\/a>.<\/em><\/p>\n<p class=\"p1\"><strong>MUNDUAN ZEHAR &#8211; INTERNACIONAL<\/strong><\/p>\n<p class=\"p1\"><strong>50.<\/strong> <a href=\"https:\/\/www.galde.eu\/elecciones-presidenciales-y-legislativas-en-francia\/\">Francia. Legislativas y Presidenciales<\/a>. <a href=\"https:\/\/www.galde.eu\/autores\/agustin-unzurrunzaga\/\">Agust\u00edn Unzurrunzaga<\/a>.<\/p>\n<p class=\"p1\"><strong>54.<\/strong> <a href=\"https:\/\/www.galde.eu\/union-europea-y-estado-economico-de-excepcion\/\">U.E: Estado econ\u00f3mico de excepci\u00f3n<\/a>. <a href=\"https:\/\/www.galde.eu\/autores\/inigo-bullain\/\">I\u00f1igo Bullain<\/a>.<\/p>\n<p class=\"p1\"><strong>56.<\/strong> <a href=\"https:\/\/www.galde.eu\/nicaragua-ortega-monarca-de-una-republica\/\">Nicaragua: Ortega, monarca de una rep\u00fablica<\/a>. <a href=\"https:\/\/www.galde.eu\/autores\/iosu-perales-arretxe\/\">Iosu Perales<\/a>.<\/p>\n<p class=\"p1\"><strong>58.<\/strong> <a href=\"https:\/\/www.galde.eu\/parejas-atipicas\/\">Parejas at\u00edpicas<\/a>. <a href=\"https:\/\/www.galde.eu\/autores\/begona-muruaga\/\">Bego\u00f1a Muruaga<\/a>.<\/p>\n<p class=\"p2\"><strong>KULTURA<\/strong><\/p>\n<p class=\"p1\"><strong>61.<\/strong> <a href=\"https:\/\/www.galde.eu\/cultura-cientifica\/\">Periskopioa: Cultura cient\u00edfica<\/a>. <a href=\"https:\/\/www.galde.eu\/autores\/jason-argonautas\/\">Jas\u00f3n &amp; Argonautas<\/a>.<\/p>\n<p class=\"p1\"><strong>63.<\/strong> <a href=\"https:\/\/www.galde.eu\/euskera-cannes70-gizarteari-garrasi-egiten-dioten-sarituetako-bi-film\/\">Cannes<span class=\"s1\">&#8217;70<\/span>. Gizartean garrasi egiten dioten sarietatuko bi film<\/a>. <a href=\"https:\/\/www.galde.eu\/autores\/kristina-zorita-arratibel\/\">Kristina Zorita Arratibel<\/a>.<\/p>\n<p class=\"p2\"><strong>LIBURU AIPAMENAK &#8211; RESE\u00d1A<\/strong><\/p>\n<p class=\"p1\"><strong>64.<\/strong> <a href=\"https:\/\/www.galde.eu\/resena-misivas-del-terror-de-izaskun-saez-de-la-fuente\/\">\u00abMisivas del terror\u00bb de Izaskun S\u00e1ez de la Fuente<\/a>. <a href=\"https:\/\/www.galde.eu\/autores\/antonio-dupla\/\">Antonio Dupl\u00e1<\/a>.<\/p>\n<p class=\"p1\"><strong>65.<\/strong> <a href=\"https:\/\/www.galde.eu\/reflexiones-provocativas-sobre-la-cultura\/\">\u00abCultura\u00bb de Terrry Eagleton<\/a>. <a href=\"https:\/\/www.galde.eu\/autores\/santiago-burutxaga\/\">Santiago Burutxaga<\/a>.<\/p>\n<p class=\"p1\"><strong>HAU JENDE HAU<\/strong><\/p>\n<p class=\"p1\"><strong>66.<\/strong> <a href=\"https:\/\/www.galde.eu\/quiero-ser-vasco\/\">\u00abQuiero ser vasco\u00bb<\/a>. <a href=\"https:\/\/www.galde.eu\/autores\/enrique-bethencourt\/\">Enrique Bethencourt<\/a>.<\/p>\n<\/div>\n<\/div>\n<div class=\"layoutArea\">\n<p>&#8212;&#8212;&#8212;&#8212;&#8212;<\/p>\n<\/div>\n<\/div>\n<div class=\"layoutArea\">\n<div class=\"layoutArea\">\n<div class=\"column\">\n<p><strong>Editorial.\u00a0<\/strong>GALDE 18<\/p>\n<p class=\"p1\"><span class=\"s1\">Los lectores y lectoras fieles de Ibiltari baten egunkaritik, Ockhamen labana, Jason y sus Argonatuas, Con luces largas, Hau jende hau o las correspondientes rese\u00f1as ya tienen su dosis trimestral para satisfacer sus inquietudes pol\u00edtico-culturales regulares. <\/span><\/p>\n<p class=\"p1\"><span class=\"s1\">Pero, adem\u00e1s, como no pod\u00eda ser de otra manera, la \u00faltima entrega estival del verano <\/span><span class=\"s2\">2017<\/span><span class=\"s1\">, ofrece mucho m\u00e1s. En este n\u00famero la entrevista inicial est\u00e1 dedicada a Victoria Camps, fil\u00f3sofa, especialista en bio\u00e9tica, adem\u00e1s una persona con experiencia parlamentaria e imbuida de un profundo compromiso pol\u00edtico y c\u00edvico. <\/span><\/p>\n<p class=\"p1\"><span class=\"s1\">El dossier, siempre central en Galde, aborda esta vez un tema de enorme trascendencia desde el punto de vista de las relaciones sociales, econ\u00f3micas y laborales: \u00abTrabajo y empleo\u00bb. La crisis del empleo, que no del trabajo, en Europa y, en general, en el mundo occidental est\u00e1 teniendo un impacto en nuestras sociedades de enorme alcance. Por otra parte, las transformaciones del mundo del trabajo afectan a la esencia de las condiciones de producci\u00f3n y reproducci\u00f3n humanas, y dibujan un panorama diferente m\u00e1s all\u00e1 del tema del empleo, pues afecta a todas las instituciones sociales de mayor relevancia, como puedan ser la familia, la educaci\u00f3n u otras. Frente a esta situaci\u00f3n y en una izquierda que no atraviesa por sus mejores momentos se plantean alternativas, que van desde f\u00f3rmulas tradicionales, como la defensa del empleo, a otras ya con cierto recorrido, como el reparto del empleo, o incluso f\u00f3rmulas nuevas, muy debatidas, como la Renta B\u00e1sica. En conjunto, una serie de temas que van a marcar buena parte de los debates p\u00fablicos en las pr\u00f3ximas d\u00e9cadas. <\/span><\/p>\n<p class=\"p1\"><span class=\"s1\">Eta, gainera, orri gehiago ditugu \u00abMunduan zehar\u00bb dauden arazo garrantsitsuenez, Frantzian edo Nikaraguan besteak beste, edo, beste oso gai eztabaidatu baten inguruan, \u00abordezkapen bidezko ernalketa\u00bb edo \u00abumetokien alokairua\u00bb (izena bera ere arazo inportantea da); eta bar, eta bar. <\/span><\/p>\n<p class=\"p1\"><span class=\"s1\">Egia esan, urrengo asteetan, eguzkitan ala itzaletan, irakurtzeko oso material ona. Ondo ibili oporretan (iristen direnean)! <\/span><\/p>\n<\/div>\n<\/div>\n<\/div>\n","protected":false},"excerpt":{"rendered":"<p>(Galde 18, Primavera\/2017). La entrevista inicial est\u00e1 dedicada a Victoria Camps, fil\u00f3sofa, especialista en bio\u00e9tica, adem\u00e1s es una persona con experiencia parlamentaria e imbuida de un profundo compromiso pol\u00edtico y c\u00edvico. El dossier, siempre central en Galde, es sobre \u00abTrabajo y empleo\u00bb. La crisis del empleo, que no del trabajo, en Europa y, en general, [&hellip;]<\/p>\n","protected":false},"author":2,"featured_media":7211,"comment_status":"closed","ping_status":"closed","sticky":false,"template":"","format":"standard","meta":{"footnotes":""},"categories":[61,60],"tags":[],"class_list":["post-7130","post","type-post","status-publish","format-standard","has-post-thumbnail","hentry","category-indicedossier","category-indicerevistas","revista-galde-n18"],"_links":{"self":[{"href":"https:\/\/www.galde.eu\/es\/wp-json\/wp\/v2\/posts\/7130","targetHints":{"allow":["GET"]}}],"collection":[{"href":"https:\/\/www.galde.eu\/es\/wp-json\/wp\/v2\/posts"}],"about":[{"href":"https:\/\/www.galde.eu\/es\/wp-json\/wp\/v2\/types\/post"}],"author":[{"embeddable":true,"href":"https:\/\/www.galde.eu\/es\/wp-json\/wp\/v2\/users\/2"}],"replies":[{"embeddable":true,"href":"https:\/\/www.galde.eu\/es\/wp-json\/wp\/v2\/comments?post=7130"}],"version-history":[{"count":1,"href":"https:\/\/www.galde.eu\/es\/wp-json\/wp\/v2\/posts\/7130\/revisions"}],"predecessor-version":[{"id":18625,"href":"https:\/\/www.galde.eu\/es\/wp-json\/wp\/v2\/posts\/7130\/revisions\/18625"}],"wp:featuredmedia":[{"embeddable":true,"href":"https:\/\/www.galde.eu\/es\/wp-json\/wp\/v2\/media\/7211"}],"wp:attachment":[{"href":"https:\/\/www.galde.eu\/es\/wp-json\/wp\/v2\/media?parent=7130"}],"wp:term":[{"taxonomy":"category","embeddable":true,"href":"https:\/\/www.galde.eu\/es\/wp-json\/wp\/v2\/categories?post=7130"},{"taxonomy":"post_tag","embeddable":true,"href":"https:\/\/www.galde.eu\/es\/wp-json\/wp\/v2\/tags?post=7130"}],"curies":[{"name":"wp","href":"https:\/\/api.w.org\/{rel}","templated":true}]}}