{"id":6402,"date":"2016-07-26T16:24:17","date_gmt":"2016-07-26T14:24:17","guid":{"rendered":"https:\/\/www.galde.eu\/?p=6402"},"modified":"2025-10-23T18:22:41","modified_gmt":"2025-10-23T16:22:41","slug":"resena-asaltar-los-cielos-torreblanca","status":"publish","type":"post","link":"https:\/\/www.galde.eu\/es\/resena-asaltar-los-cielos-torreblanca\/","title":{"rendered":"Rese\u00f1a: \u00abAsaltar los cielos\u00bb. Torreblanca"},"content":{"rendered":"<p><\/p>\n<div class=\"page\" title=\"Page 64\">\n<div class=\"section\">\n<div class=\"layoutArea\">\n<div class=\"column\"><\/div>\n<p class=\"p1\"><a href=\"https:\/\/www.galde.eu\/wp-content\/uploads\/2016\/08\/asaltarloscielos.jpg\" rel=\"attachment wp-att-6403\"><img loading=\"lazy\" decoding=\"async\" class=\"aligncenter size-full wp-image-6403 colorbox-6402\" src=\"https:\/\/www.galde.eu\/wp-content\/uploads\/2016\/08\/asaltarloscielos.jpg\" alt=\"asaltarloscielos\" width=\"501\" height=\"768\" data-id=\"6403\" srcset=\"https:\/\/www.galde.eu\/wp-content\/uploads\/2016\/08\/asaltarloscielos.jpg 501w, https:\/\/www.galde.eu\/wp-content\/uploads\/2016\/08\/asaltarloscielos-196x300.jpg 196w\" sizes=\"auto, (max-width: 501px) 100vw, 501px\" \/><\/a><\/p>\n<p class=\"p1\"><span class=\"s1\">(Galde 14, primavera 2016). Oscar Rodriguez. Podemos o la pol\u00edtica despu\u00e9s de la crisis es el t\u00edtulo que el profesor Jos\u00e9 Ignacio Torreblanca da su reflexi\u00f3n sobre el \u00abterremoto\u00bb\u00a0que se produjo en nuestra realidad pol\u00edtica, con la irrupci\u00f3n de Podemos en las europeas de 2014, que podr\u00eda poner fin al bipartidismo que ha reinado el sistema pol\u00edtico espa\u00f1ol en las \u00faltimas cuatro d\u00e9cadas.<\/span><\/p>\n<p class=\"p1\"><span class=\"s1\">De hecho, seguimos notando la onda expansiva de aquel terremoto en este per\u00edodo preelectoral al hilo de la cuesti\u00f3n catalana. No se recuerda a un presidente del Gobierno llamando y reuni\u00e9ndose con fuerzas extraparlamentarias de manera formal y p\u00fablica para hablar de cuestiones de Estado, como ocurri\u00f3 cuando Rajoy llam\u00f3 antes de las elecciones del 20-D a Rivera e Iglesias para hablar de la cuesti\u00f3n catalana. Es extra\u00f1o que esto ocurra. Aunque al mismo tiempo, el cambio en ciernes tiene tal dimensi\u00f3n, que lo que resultar\u00eda verdaderamente extra\u00f1o es que esto no hubiese ocurrido. Lo mismo ocurri\u00f3 con los debates de candidatos a la Presidencia; con la excepci\u00f3n de TVE1, no sirvi\u00f3 tanto el criterio de la \u00abrepresentaci\u00f3n parlamentaria\u00bb, como el del inter\u00e9s que la ciudadan\u00eda manten\u00eda por la situaci\u00f3n.<\/span><\/p>\n<p class=\"p1\"><span class=\"s1\">El libro est\u00e1 escrito hace casi un a\u00f1o. Torreblanca se la jug\u00f3, con la rotunda afirmaci\u00f3n de que la nueva f\u00f3rmula \u00abno tendr\u00e1 \u00e9xito\u00bb. Y que a pesar de las debilidades de nuestro sistema pol\u00edtico, fracasar\u00e1 \u00abel intento de poner en pie un proyecto pol\u00edtico de corte nacional-popular que hunde sus ra\u00edces intelectuales en las experiencias vividas por unas sociedades tan fracturadas como las latinoamericanas\u00bb. Teniendo en cuenta lo acaecido en los \u00faltimos meses, est\u00e1 por ver si se cumple su profec\u00eda. Es evidente que no han conseguido asaltar los cielos, no a la primera.<\/span><\/p>\n<p class=\"p1\"><span class=\"s1\">El autor s\u00ed profundiza con datos y fechas en estas ra\u00edces latinoamericanas y, a partir de ellas, describe la estrategia de \u00abRenacionalizaci\u00f3n\u00bb que Pablo Iglesias y los suyos est\u00e1n tratando de instalar en nuestro pa\u00eds, a partir de la b\u00fasqueda de una f\u00f3rmula actualizada de los conceptos de Democracia, Soberan\u00eda y Derechos Sociales.<\/span><\/p>\n<p class=\"p1\"><span class=\"s1\">Al mismo tiempo, desde su conocimiento en primera persona de lo que narra, resulta interesante la radiograf\u00eda que se presenta sobre la \u00abFakul\u00bb, que es como se denomina al espacio del que salen Iglesias, Errej\u00f3n, Monedero y Bescansa, la Facultad de Ciencias Pol\u00edticas y Sociolog\u00eda de la Universidad Complutense.<\/span><\/p>\n<p class=\"p1\"><span class=\"s1\">Aunque el libro est\u00e1 escrito en un tono cr\u00edtico \u2013rigurosa e innegablemente cr\u00edtico\u2013, el autor alaba la capacidad que han tenido los dirigentes de Podemos de conectar con la realidad, especialmente en el momento de su lanzamiento como formaci\u00f3n pol\u00edtica. De hecho, se plantea que este es el elemento explicativo fundamental de su impacto p\u00fablico, puesto que \u00abla corrupci\u00f3n no permite explicar por s\u00ed sola\u00bb este auge, a pesar de que sigue inundando los telediarios de las televisiones generalistas cada d\u00eda.<\/span><\/p>\n<p class=\"p1\"><span class=\"s1\">En este sentido, resulta interesante el cap\u00edtulo tercero del libro \u00abEnsayando el contrapoder\u00bb, en el que se habla del \u00abPlat\u00f3\u00bb. Habr\u00e1 mucha gente que piense a\u00fan que el \u00e9xito, en cualquier \u00e1mbito de la vida, tiene su origen en las modas, en las casualidades o en la suerte de estar en el lugar adecuado y en el momento oportuno. Habr\u00e1 sin duda algo de eso.<\/span><\/p>\n<p class=\"p1\"><span class=\"s1\">Sin embargo, Torreblanca disecciona con precisi\u00f3n el dise\u00f1o de su implantaci\u00f3n org\u00e1nica en todo el territorio, el modo en el que discutieron sus fundamentos discursivos, y la forma en la que pon\u00edan a prueba sus \u00abestrategias y herramientas\u00bb en \u00absu\u00bb televisi\u00f3n, mucho antes de dar el salto a las cadenas de \u00e1mbito nacional.<\/span><\/p>\n<p class=\"p1\"><span class=\"s1\">Efectivamente, Iglesias y compa\u00f1\u00eda creen bastante en la suerte, como Thomas Jefferson. El tercer presidente de los Estados Unidos constat\u00f3, como ellos, que \u00abcuanto m\u00e1s duro trabajo, m\u00e1s suerte tengo\u00bb. Pues eso.<\/span><\/p>\n<p class=\"p1\"><span class=\"s1\">\u00d3scar Rodr\u00edguez Vaz. Polit\u00f3logo @rvoscar<\/span><\/p>\n<p class=\"p1\"><span class=\"s1\"><a href=\"http:\/\/www.casadellibro.com\/libro-asaltar-loscielos\/9788499925073\/2512487\">http:\/\/www.casadellibro.com\/libro-asaltar-loscielos\/9788499925073\/2512487<\/a><\/span><\/p>\n<div class=\"column\"><\/div>\n<\/div>\n<\/div>\n<\/div>\n<p><\/p>","protected":false},"excerpt":{"rendered":"<p>(Galde 14, primavera 2016). Oscar Rodriguez. Podemos o la pol\u00edtica despu\u00e9s de la crisis es el t\u00edtulo que el profesor Jos\u00e9 Ignacio Torreblanca da su reflexi\u00f3n sobre el \u00abterremoto\u00bb que se produjo en nuestra realidad pol\u00edtica, con la irrupci\u00f3n de Podemos en las europeas de 2014, que podr\u00eda poner fin al bipartidismo que ha reinado [&hellip;]<\/p>\n","protected":false},"author":2,"featured_media":6404,"comment_status":"closed","ping_status":"closed","sticky":false,"template":"","format":"standard","meta":{"footnotes":""},"categories":[64,5],"tags":[],"class_list":["post-6402","post","type-post","status-publish","format-standard","has-post-thumbnail","hentry","category-libros","category-politica","revista-galde-n14"],"_links":{"self":[{"href":"https:\/\/www.galde.eu\/es\/wp-json\/wp\/v2\/posts\/6402","targetHints":{"allow":["GET"]}}],"collection":[{"href":"https:\/\/www.galde.eu\/es\/wp-json\/wp\/v2\/posts"}],"about":[{"href":"https:\/\/www.galde.eu\/es\/wp-json\/wp\/v2\/types\/post"}],"author":[{"embeddable":true,"href":"https:\/\/www.galde.eu\/es\/wp-json\/wp\/v2\/users\/2"}],"replies":[{"embeddable":true,"href":"https:\/\/www.galde.eu\/es\/wp-json\/wp\/v2\/comments?post=6402"}],"version-history":[{"count":1,"href":"https:\/\/www.galde.eu\/es\/wp-json\/wp\/v2\/posts\/6402\/revisions"}],"predecessor-version":[{"id":19224,"href":"https:\/\/www.galde.eu\/es\/wp-json\/wp\/v2\/posts\/6402\/revisions\/19224"}],"wp:featuredmedia":[{"embeddable":true,"href":"https:\/\/www.galde.eu\/es\/wp-json\/wp\/v2\/media\/6404"}],"wp:attachment":[{"href":"https:\/\/www.galde.eu\/es\/wp-json\/wp\/v2\/media?parent=6402"}],"wp:term":[{"taxonomy":"category","embeddable":true,"href":"https:\/\/www.galde.eu\/es\/wp-json\/wp\/v2\/categories?post=6402"},{"taxonomy":"post_tag","embeddable":true,"href":"https:\/\/www.galde.eu\/es\/wp-json\/wp\/v2\/tags?post=6402"}],"curies":[{"name":"wp","href":"https:\/\/api.w.org\/{rel}","templated":true}]}}