{"id":6375,"date":"2016-07-26T16:40:55","date_gmt":"2016-07-26T14:40:55","guid":{"rendered":"https:\/\/www.galde.eu\/?p=6375"},"modified":"2025-10-23T18:22:41","modified_gmt":"2025-10-23T16:22:41","slug":"libros-y-referencias-para-el-dossier-galde-14","status":"publish","type":"post","link":"https:\/\/www.galde.eu\/es\/libros-y-referencias-para-el-dossier-galde-14\/","title":{"rendered":"Libros y referencias para el dossier Galde 14"},"content":{"rendered":"<p><\/p>\n<p class=\"western\" style=\"text-align: left;\" align=\"center\"><strong>Lecturas recomendadas<\/strong><\/p>\n<table width=\"100%\" cellspacing=\"0\" cellpadding=\"4\">\n<colgroup>\n<col width=\"256*\" \/><\/colgroup>\n<tbody>\n<tr>\n<td valign=\"top\" width=\"100%\">\n<p class=\"western\" align=\"justify\"><span style=\"font-family: Verdana, serif;\"><b><a href=\"https:\/\/www.galde.eu\/wp-content\/uploads\/2016\/07\/entiedemelect.jpg\" rel=\"attachment wp-att-6377\"><img loading=\"lazy\" decoding=\"async\" class=\"alignleft wp-image-6377 size-thumbnail colorbox-6375\" src=\"https:\/\/www.galde.eu\/wp-content\/uploads\/2016\/07\/entiedemelect-150x150.jpg\" alt=\"entiedemelect\" width=\"150\" height=\"150\" data-id=\"6377\" \/><\/a><br \/>\nEntiende el mercado el\u00e9ctrico<\/b><\/span><\/p>\n<p class=\"western\" align=\"justify\"><span style=\"font-family: Verdana, serif;\">Marta Victoria y J. Gallego. Observatorio Cr\u00edtico de la energ\u00eda, 2012<\/span><\/p>\n<p class=\"western\" align=\"justify\"><span style=\"font-family: Verdana, serif;\">Como su nombre adelanta, <\/span><span style=\"font-family: Verdana, serif;\"><i>Entiende el mercado el\u00e9ctrico <\/i><\/span><span style=\"font-family: Verdana, serif;\">es un estudio que explica los detalles internos del funcionamiento de este sistema, c\u00f3mo se determina qu\u00e9 pagamos en la factura de electricidad, c\u00f3mo se ha generado el d\u00e9ficit de tarifa, cu\u00e1nto nos cuestan las primas a las energ\u00edas renovables o las ayudas a la industria nuclear. Puede descargarse en la web del Observatorio Cr\u00edtico de la Energ\u00eda.<\/span><\/p>\n<p class=\"western\" align=\"justify\"><span style=\"color: #0563c1;\"><u><a href=\"http:\/\/www.observatoriocriticodelaenergia.org\/\"><span style=\"font-family: Verdana, serif;\">www.observatoriocriticodelaenergia.org<\/span><\/a><\/u><\/span><\/p>\n<\/td>\n<\/tr>\n<tr>\n<td valign=\"top\" width=\"100%\"><\/td>\n<\/tr>\n<tr>\n<td valign=\"top\" width=\"100%\">\n<p class=\"western\" align=\"justify\"><span style=\"font-family: Verdana, serif;\"><b><a href=\"https:\/\/www.galde.eu\/wp-content\/uploads\/2016\/07\/cronielect.jpg\" rel=\"attachment wp-att-6378\"><img loading=\"lazy\" decoding=\"async\" class=\"size-thumbnail wp-image-6378 alignleft colorbox-6375\" src=\"https:\/\/www.galde.eu\/wp-content\/uploads\/2016\/07\/cronielect-150x150.jpg\" alt=\"cronielect\" width=\"150\" height=\"150\" data-id=\"6378\" \/><\/a><br \/>\nCr\u00f3nicas El\u00e9ctricas. Breve y tr\u00e1gica historia del sector el\u00e9ctrico espa\u00f1ol<\/b><\/span><\/p>\n<p class=\"western\" align=\"justify\"><span style=\"font-family: Verdana, serif;\">Jos\u00e9 Luis Velasco. Editorial FOCA, 2015<\/span><\/p>\n<p class=\"western\" align=\"justify\"><span style=\"font-family: Verdana, serif;\">El sector el\u00e9ctrico espa\u00f1ol es un ejemplo de manual de lo que sucede, y c\u00f3mo sucede, cuando se deja en manos privadas un sector estrat\u00e9gico. El resultado final es tristemente conocido; los m\u00e9todos (marco discursivo, argumentos concretos y maniobras) que usaron entonces las \u00e9lites econ\u00f3micas y pol\u00edticas, no tanto. Es de inter\u00e9s recordarlos ahora que esas mismas \u00e9lites pretenden hacer algo equivalente, y de id\u00e9ntica forma, con otros sectores clave como la sanidad o la educaci\u00f3n.<\/span><\/p>\n<p class=\"western\" align=\"justify\"><span style=\"font-family: Verdana, serif;\">Tirando de hemeroteca, Jos\u00e9 Luis Velasco, reconstruye la historia del sector el\u00e9ctrico en Espa\u00f1a recuperando historias que no deber\u00edamos olvidar como la privatizaci\u00f3n de ENDESA, el rescate a las el\u00e9ctricas tras la burbuja nuclear o la creaci\u00f3n de una \u201cel\u00e9ctrica mala\u201d.<\/span><\/p>\n<\/td>\n<\/tr>\n<tr>\n<td valign=\"top\" width=\"100%\"><\/td>\n<\/tr>\n<tr>\n<td valign=\"top\" width=\"100%\">\n<p class=\"western\" align=\"justify\"><span style=\"font-family: Verdana, serif;\"><b><a href=\"https:\/\/www.galde.eu\/wp-content\/uploads\/2016\/07\/cuenteco.jpg\" rel=\"attachment wp-att-6379\"><img loading=\"lazy\" decoding=\"async\" class=\"size-thumbnail wp-image-6379 alignleft colorbox-6375\" src=\"https:\/\/www.galde.eu\/wp-content\/uploads\/2016\/07\/cuenteco-150x125.jpg\" alt=\"cuenteco\" width=\"150\" height=\"125\" data-id=\"6379\" \/><\/a><br \/>\nCuentas ecol\u00f3gicas del transporte<\/b><\/span><\/p>\n<p class=\"western\" align=\"justify\"><span style=\"font-family: Verdana, serif;\">Alfonso Sanz, Pilar Vega y Miguel Mateos. Ecologistas en Acci\u00f3n, 2014<\/span><\/p>\n<p class=\"western\" align=\"justify\"><span style=\"font-family: Verdana, serif;\"><i>Cuentas ecol\u00f3gicas del transporte<\/i><\/span><span style=\"font-family: Verdana, serif;\"> analiza de manera estructurada, detallada y cuidada las implicaciones energ\u00e9ticas, ambientales y sociales que tiene la forma en la que se realiza el transporte hoy en d\u00eda. La transici\u00f3n hacia un nuevo modelo energ\u00e9tico requiere necesariamente de un cambio de modelo de transportes, pues este sector supone nuestro principal gasto energ\u00e9tico y consumo de combustibles f\u00f3siles. Este informe supone un necesario punto de partida para empezar, de una vez por todas, a tomarnos en serio este problema.<br \/>\nDescargable en la web <\/span><span style=\"color: #0563c1;\"><u><a href=\"http:\/\/www.ecologistasenaccion.org\/\"><span style=\"font-family: Verdana, serif;\">www.ecologistasenaccion.org<\/span><\/a><\/u><\/span><\/p>\n<\/td>\n<\/tr>\n<tr>\n<td valign=\"top\" width=\"100%\"><\/td>\n<\/tr>\n<tr>\n<td valign=\"top\" width=\"100%\">\n<p class=\"western\" align=\"justify\"><span style=\"font-family: Verdana, serif;\"><b><a href=\"https:\/\/www.galde.eu\/wp-content\/uploads\/2016\/07\/estolocambia.jpg\" rel=\"attachment wp-att-6382\"><img loading=\"lazy\" decoding=\"async\" class=\"size-thumbnail wp-image-6382 alignleft colorbox-6375\" src=\"https:\/\/www.galde.eu\/wp-content\/uploads\/2016\/07\/estolocambia-150x150.jpg\" alt=\"estolocambia\" width=\"150\" height=\"150\" data-id=\"6382\" \/><\/a><br \/>\nEsto lo cambia todo. El Capitalismo contra el Clima.<\/b><\/span><\/p>\n<p class=\"western\" align=\"justify\"><span style=\"font-family: Verdana, serif;\">Naomi Klein. Paid\u00f3s. Barcelona, 2015<\/span><\/p>\n<p class=\"western\" align=\"justify\"><span style=\"font-family: Verdana, serif;\">El \u00faltimo libro de Naomi Klein recoge experiencias en diferentes pa\u00edses que demuestran una de las tesis fundamentales de la autora: el sistema econ\u00f3mico actual impide el desarrollo de las medidas que son tan necesarias como urgentes para hacer frente al cambio clim\u00e1tico.<\/span><\/p>\n<\/td>\n<\/tr>\n<tr>\n<td valign=\"top\" width=\"100%\"><\/td>\n<\/tr>\n<tr>\n<td valign=\"top\" width=\"100%\">\n<p class=\"western\" align=\"justify\"><span style=\"font-family: Verdana, serif;\"><b><a href=\"https:\/\/www.galde.eu\/wp-content\/uploads\/2016\/07\/energiayequi.jpg\" rel=\"attachment wp-att-6383\"><img loading=\"lazy\" decoding=\"async\" class=\"size-thumbnail wp-image-6383 alignleft colorbox-6375\" src=\"https:\/\/www.galde.eu\/wp-content\/uploads\/2016\/07\/energiayequi-150x150.jpg\" alt=\"energiayequi\" width=\"150\" height=\"150\" data-id=\"6383\" \/><\/a><br \/>\nEnerg\u00eda y equidad. Los l\u00edmites sociales de la velocidad<\/b><\/span><\/p>\n<p class=\"western\" align=\"justify\"><span style=\"font-family: Verdana, serif;\">Ivan Illich. D\u00edaz &amp; Pons. Madrid, 2015<\/span><\/p>\n<p class=\"western\" align=\"justify\"><span style=\"font-family: Verdana, serif;\">Este libro, editado por primera vez en 1973 al calor de la primera crisis del petr\u00f3leo, cobra plena actualidad en un momento donde los l\u00edmites del crecimiento, en todas las esferas de la vida se est\u00e1n evidenciando. Como nos indica Alfonso Sanz en su introducci\u00f3n, \u201c<\/span><span style=\"font-family: Verdana, serif;\"><i>Energ\u00eda y equidad <\/i><\/span><span style=\"font-family: Verdana, serif;\">habla de la crisis energ\u00e9tica, del transporte y del reparto injusto de la riqueza, pero sobre todo de la manera en que la sociedad industrial moldea las relaciones sociales y la percepci\u00f3n que tenemos de nuestro espacio y nuestro cuerpo&#8230;\u201d<\/span><\/p>\n<\/td>\n<\/tr>\n<tr>\n<td valign=\"top\" width=\"100%\"><\/td>\n<\/tr>\n<tr>\n<td valign=\"top\" width=\"100%\">\n<p class=\"western\" align=\"justify\"><span style=\"font-family: Verdana, serif;\"><b><a href=\"https:\/\/www.galde.eu\/wp-content\/uploads\/2016\/07\/enlaespiral.jpg\" rel=\"attachment wp-att-6384\"><img loading=\"lazy\" decoding=\"async\" class=\"size-thumbnail wp-image-6384 alignleft colorbox-6375\" src=\"https:\/\/www.galde.eu\/wp-content\/uploads\/2016\/07\/enlaespiral-150x150.jpg\" alt=\"enlaespiral\" width=\"150\" height=\"150\" data-id=\"6384\" srcset=\"https:\/\/www.galde.eu\/wp-content\/uploads\/2016\/07\/enlaespiral-150x150.jpg 150w, https:\/\/www.galde.eu\/wp-content\/uploads\/2016\/07\/enlaespiral.jpg 250w\" sizes=\"auto, (max-width: 150px) 100vw, 150px\" \/><\/a><br \/>\nEn la espiral de la energ\u00eda. Vol\u00famen I: Historia de la humanidad desde el papel de la energ\u00eda (pero no solo).<\/b><\/span><\/p>\n<p class=\"western\" align=\"justify\"><span style=\"font-family: Verdana, serif;\">Ram\u00f3n Fern\u00e1ndez Dur\u00e1n y Luis Gonz\u00e1lez Reyes. Libros en acci\u00f3n. Madrid.2014<\/span><\/p>\n<p class=\"western\" align=\"justify\"><span style=\"font-family: Verdana, serif;\">\u00c9ste es el t\u00edtulo del primer volumen de una obra redactada por Ram\u00f3n Fern\u00e1ndez Dur\u00e1n que la concibi\u00f3 y en el que trabaj\u00f3 los \u00faltimos tres a\u00f1os de su vida y que Luis Gonz\u00e1lez Reyes termin\u00f3 con la colaboraci\u00f3n de un amplio elenco de personas, una gran familia, comprometidas intelectual y vitalmente a la esperanza de ese otro mundo posible. Fruto de siete a\u00f1os de trabajo, la obra aborda el fin de una era de energ\u00eda abundante y barata, desde un an\u00e1lisis hist\u00f3rico y una perspectiva que intenta \u201cel ejercicio de mirar \u2018desde fuera\u2019 el discurrir de la humanidad en un contexto ecosocial amplio y que, adem\u00e1s, lo enmarca en la evoluci\u00f3n de la vida y de los sistemas complejos\u201d<\/span><\/p>\n<\/td>\n<\/tr>\n<tr>\n<td valign=\"top\" width=\"100%\"><\/td>\n<\/tr>\n<tr>\n<td valign=\"top\" width=\"100%\">\n<p class=\"western\" align=\"justify\"><span style=\"font-family: Verdana, serif;\"><b><a href=\"https:\/\/www.galde.eu\/wp-content\/uploads\/2016\/07\/voceschernobil.jpg\" rel=\"attachment wp-att-6386\"><img loading=\"lazy\" decoding=\"async\" class=\"size-thumbnail wp-image-6386 alignleft colorbox-6375\" src=\"https:\/\/www.galde.eu\/wp-content\/uploads\/2016\/07\/voceschernobil-150x150.jpg\" alt=\"voceschernobil\" width=\"150\" height=\"150\" data-id=\"6386\" \/><\/a><br \/>\nVoces de Chen\u00f3bil. Cr\u00f3nica del futuro<\/b><\/span><\/p>\n<p class=\"western\" align=\"justify\"><span style=\"font-family: Verdana, serif;\">Svetlana Alexi\u00e9vich. Penguin Random House Grupo Editorial. Barcelona, 2015<\/span><\/p>\n<p class=\"western\" align=\"justify\"><span style=\"font-family: Verdana, serif;\">Este libro se public\u00f3 en 1997 y recoge los testimonios de muchas personas afectadas por la cat\u00e1strofe nuclear. Ahora se traduce al castellano puesto al d\u00eda con nuevas confesiones de otros testigos que sufrieron el accidente. La periodista, premio n\u00f3bel de literatura, relata el mayor accidente nuclear y recoge vivencias de los supervivientes. No es un libro sobre Chern\u00f3bil, sino sobre sus consecuencias -las pasadas y las futuras-, sobre personas a las que les toc\u00f3 vivir una nueva realidad que todav\u00eda existe pero que a\u00fan no se ha comprendido<\/span><\/p>\n<\/td>\n<\/tr>\n<\/tbody>\n<\/table>\n<p class=\"western\" align=\"justify\">\n<p><\/p>","protected":false},"excerpt":{"rendered":"<p>(Galde 14, primavera 2016).<\/p>\n","protected":false},"author":2,"featured_media":6380,"comment_status":"closed","ping_status":"closed","sticky":false,"template":"","format":"standard","meta":{"footnotes":""},"categories":[2,7,64,5],"tags":[],"class_list":["post-6375","post","type-post","status-publish","format-standard","has-post-thumbnail","hentry","category-dossier","category-economia","category-libros","category-politica","revista-galde-n14"],"_links":{"self":[{"href":"https:\/\/www.galde.eu\/es\/wp-json\/wp\/v2\/posts\/6375","targetHints":{"allow":["GET"]}}],"collection":[{"href":"https:\/\/www.galde.eu\/es\/wp-json\/wp\/v2\/posts"}],"about":[{"href":"https:\/\/www.galde.eu\/es\/wp-json\/wp\/v2\/types\/post"}],"author":[{"embeddable":true,"href":"https:\/\/www.galde.eu\/es\/wp-json\/wp\/v2\/users\/2"}],"replies":[{"embeddable":true,"href":"https:\/\/www.galde.eu\/es\/wp-json\/wp\/v2\/comments?post=6375"}],"version-history":[{"count":1,"href":"https:\/\/www.galde.eu\/es\/wp-json\/wp\/v2\/posts\/6375\/revisions"}],"predecessor-version":[{"id":19216,"href":"https:\/\/www.galde.eu\/es\/wp-json\/wp\/v2\/posts\/6375\/revisions\/19216"}],"wp:featuredmedia":[{"embeddable":true,"href":"https:\/\/www.galde.eu\/es\/wp-json\/wp\/v2\/media\/6380"}],"wp:attachment":[{"href":"https:\/\/www.galde.eu\/es\/wp-json\/wp\/v2\/media?parent=6375"}],"wp:term":[{"taxonomy":"category","embeddable":true,"href":"https:\/\/www.galde.eu\/es\/wp-json\/wp\/v2\/categories?post=6375"},{"taxonomy":"post_tag","embeddable":true,"href":"https:\/\/www.galde.eu\/es\/wp-json\/wp\/v2\/tags?post=6375"}],"curies":[{"name":"wp","href":"https:\/\/api.w.org\/{rel}","templated":true}]}}