{"id":6338,"date":"2016-07-26T16:46:39","date_gmt":"2016-07-26T14:46:39","guid":{"rendered":"https:\/\/www.galde.eu\/?p=6338"},"modified":"2025-10-23T18:22:40","modified_gmt":"2025-10-23T16:22:40","slug":"cooperativa-electrica-de-crevillent-una-compania-electrica-diferente","status":"publish","type":"post","link":"https:\/\/www.galde.eu\/es\/cooperativa-electrica-de-crevillent-una-compania-electrica-diferente\/","title":{"rendered":"Cooperativa el\u00e9ctrica de Crevillent una compa\u00f1\u00eda el\u00e9ctrica diferente"},"content":{"rendered":"<p><div id=\"attachment_6340\" style=\"width: 610px\" class=\"wp-caption aligncenter\"><a href=\"https:\/\/www.galde.eu\/wp-content\/uploads\/2016\/07\/cooperativa-crevillente.jpg\" rel=\"attachment wp-att-6340\"><img loading=\"lazy\" decoding=\"async\" aria-describedby=\"caption-attachment-6340\" class=\"wp-image-6340 size-full colorbox-6338\" src=\"https:\/\/www.galde.eu\/wp-content\/uploads\/2016\/07\/cooperativa-crevillente.jpg\" alt=\"\" width=\"600\" height=\"450\" data-id=\"6340\" srcset=\"https:\/\/www.galde.eu\/wp-content\/uploads\/2016\/07\/cooperativa-crevillente.jpg 600w, https:\/\/www.galde.eu\/wp-content\/uploads\/2016\/07\/cooperativa-crevillente-300x225.jpg 300w\" sizes=\"auto, (max-width: 600px) 100vw, 600px\" \/><\/a><p id=\"caption-attachment-6340\" class=\"wp-caption-text\">Cooperativa El\u00e9ctrica Ben\u00e9fica San Francisco de As\u00eds (Crevillente)<\/p><\/div><\/p>\n<p align=\"justify\"><span style=\"font-size: small;\">Hace 90 a\u00f1os, en 1925, cuando la industrializaci\u00f3n entraba en Espa\u00f1a, disponer de corriente el\u00e9ctrica era una necesidad que limitaba la capacidad de desarrollo de cada zona. En aquellos momentos, las capitales de provincia y ciertos territorios se llevaban las inversiones de las compa\u00f1\u00edas el\u00e9ctricas de bandera. Municipios como Crevillent, en Alicante, con pocos miles de habitantes, quedaban fuera de las zonas prioritarias y condenados a renunciar al avance industrial.<\/span><\/p>\n<p align=\"justify\"><span style=\"font-size: small;\">Frente a ello, un grupo de empresarios y dirigentes sociales decidi\u00f3 promover la Cooperativa El\u00e9ctrica San Francisco de As\u00eds, una cooperativa donde se gestionaran las inversiones para crear su propia red de distribuci\u00f3n y dar servicio a todo el municipio. Dicho proyecto se consigui\u00f3 con cierta rapidez, pero teniendo que depender del suministro que hiciera la compa\u00f1\u00eda el\u00e9ctrica mayoritaria en la zona, que casualmente ten\u00eda mucho inter\u00e9s en que la energ\u00eda que llegaba fuese la justa e incluso un poco menos de la necesaria.<\/span><\/p>\n<p align=\"justify\"><span style=\"font-size: small;\">En este sentido, ya en los a\u00f1os 60 las presiones eran intensas. La Cooperativa ha sabido superar, entonces y ahora, los desaf\u00edos propios del paso del tiempo y tambi\u00e9n los lanzados por los grandes grupos de presi\u00f3n del sector, grandes compa\u00f1\u00edas el\u00e9ctricas, as\u00ed como los avatares pol\u00edticos que han ido surgiendo.<\/span><\/p>\n<p align=\"justify\"><span style=\"font-size: small;\">Tras esas d\u00e9cadas dif\u00edciles, numerosos pleitos llegaron a permitir normalizar la situaci\u00f3n durante unos a\u00f1os, aunque siempre condicionados por dicha dependencia de la distribuidora de cabecera.<\/span><\/p>\n<p align=\"justify\"><span style=\"font-size: small;\">El gran salto se produjo con los breves intentos de liberalizaci\u00f3n del sector el\u00e9ctrico, que se produjeron con el cambio de siglo. La Cooperativa apost\u00f3 por su ampliaci\u00f3n, saltando los l\u00edmites geogr\u00e1ficos para crear nuevas zonas de distribuci\u00f3n en Valencia, Arag\u00f3n y Andaluc\u00eda. Un nuevo cambio regulatorio oblig\u00f3 a vender dichos proyectos y volver a la localizaci\u00f3n inicial.<\/span><\/p>\n<p align=\"justify\"><span style=\"font-size: small;\">Tambi\u00e9n por aquellos a\u00f1os se apost\u00f3 por las inversiones en generaci\u00f3n minihidr\u00e1ulica, adquiriendo varias minicentrales en Murcia y Oporto. Estos proyectos permiten a Cooperativa haber generado, durante 2015, 8,5 Gwh de forma directa y otros 14 Gwh en colaboraci\u00f3n con otras peque\u00f1as empresas el\u00e9ctricas.<\/span><\/p>\n<p align=\"justify\"><span style=\"font-size: small;\">En 2005 la oportunidad se centraba en la energ\u00eda fotovoltaica y la Cooperativa decidi\u00f3 construir el mayor huerto solar de Europa en aquel momento, con 13,5 Mw instalados, donde muchas familias de Crevillent invirtieron sus ahorros. Esta instalaci\u00f3n permite producir 22 Gwh cada a\u00f1o.<\/span><\/p>\n<p align=\"justify\"><span style=\"font-size: small;\">Y para cerrar el ciclo de la autonom\u00eda respecto al entorno de las grandes corporaciones el\u00e9ctricas, en 2012 se inaugur\u00f3 una subestaci\u00f3n que permite la alimentaci\u00f3n directa desde Red El\u00e9ctrica de Espa\u00f1a (REE), sin depender de otras distribuidoras para garantizar el servicio. Dicha subestaci\u00f3n asegura el suministro para unas necesidades al menos dos veces superiores a la demanda de todo Crevillent, garantizando por d\u00e9cadas que quedan cubiertas estas necesidades, tanto las dom\u00e9sticas como las industriales, de nuestra poblaci\u00f3n.\u00a0<\/span><\/p>\n<p align=\"justify\"><span style=\"font-size: small;\">Desde el punto de vista de la comercializaci\u00f3n, no ha hecho falta mucho esfuerzo para disponer de la fidelizaci\u00f3n de los m\u00e1s de 14.000 socios de la Cooperativa, todos los usuarios ubicados en la localidad, ya que son socios por el mero hecho de ser consumidores locales. Y siendo socios, eligen cada 4 a\u00f1os a los miembros del Consejo Rector de la Cooperativa, quienes hasta ahora han mantenido a la empresa como una entidad social independiente de las administraciones y de los partidos pol\u00edticos.<\/span><\/p>\n<p align=\"justify\"><span style=\"font-size: small;\">Y ser socio de la Cooperativa es ser part\u00edcipe de los beneficios que se obtienen. El municipio de Crevillent, gracias a la Cooperativa, adem\u00e1s de su sostenibilidad energ\u00e9tica, ha conseguido:<\/span><\/p>\n<ul>\n<li>\n<p align=\"justify\"><span style=\"font-size: small;\">Construcci\u00f3n de una residencia para enfermos ps\u00edquicos<\/span><\/p>\n<\/li>\n<li>\n<p align=\"justify\"><span style=\"font-size: small;\">Construcci\u00f3n y servicio gratuito de un tanatorio para quienes forman parte de la Cooperativa<\/span><\/p>\n<\/li>\n<li>\n<p align=\"justify\"><span style=\"font-size: small;\">Gesti\u00f3n de la residencia de la tercera edad<\/span><\/p>\n<\/li>\n<li>\n<p align=\"justify\"><span style=\"font-size: small;\">Distribuci\u00f3n de becas de estudio por importe de 60.000 euros al a\u00f1o<\/span><\/p>\n<\/li>\n<li>\n<p align=\"justify\"><span style=\"font-size: small;\">Fomento de actividades culturales y deportivas<\/span><\/p>\n<\/li>\n<li>\n<p align=\"justify\"><span style=\"font-size: small;\">Participaci\u00f3n en la construcci\u00f3n y gesti\u00f3n del Museo municipal<\/span><\/p>\n<\/li>\n<\/ul>\n<p align=\"justify\"><span style=\"font-size: small;\">Acciones que se pueden resumir en inversiones en edificios m\u00e1s un gasto anual dedicado a la obra social que desarrolla la entidad de alrededor de 400.000 euros\/a\u00f1o.<\/span><\/p>\n<p align=\"justify\"><span style=\"font-size: small;\">Pero toda esta extraordinaria iniciativa y compromiso social se ha visto amenazada en numerosas ocasiones y, algunas, muy cercanas. La legislaci\u00f3n reciente que penaliza la producci\u00f3n de energ\u00eda fotovoltaica ha tenido un potente repercusi\u00f3n en todos los inversores del huerto solar.<\/span><\/p>\n<p align=\"justify\"><span style=\"font-size: small;\">La Cooperativa ha asumido la defensa de todos ellos, tramitando las demandas al Ministerio, y participando en las plataformas de protesta que se han generado en dicho sentido a nivel nacional.<\/span><\/p>\n<p align=\"justify\"><span style=\"font-size: small;\">Otra amenaza reciente ha sido la falta de claridad de la regulaci\u00f3n del sector el\u00e9ctrico en lo referente a las cooperativas. La m\u00e1s grave amenaza, que pudimos superar hace apenas un a\u00f1o, pretend\u00eda expulsarnos a las cooperativas del Sector El\u00e9ctrico de Espa\u00f1a, y con ello ceder nuestras redes el\u00e9ctricas y a nuestros socios y clientes a las grandes compa\u00f1\u00edas. Este escollo ha sido salvado por la Cooperativa crevillentina. Pero, \u00bfcu\u00e1l ser\u00e1 el siguiente?<\/span><\/p>\n<p align=\"justify\"><span style=\"font-size: small;\">Y toda la situaci\u00f3n descrita, la Cooperativa la ha afrontado manteniendo el precio m\u00e1s ventajoso posible para sus socios y que, probablemente, es el m\u00e1s econ\u00f3mico de Espa\u00f1a.<\/span><\/p>\n<p align=\"justify\"><span style=\"font-size: small;\">La Cooperativa El\u00e9ctrica de Crevillent se agrupa en un colectivo de cooperativas y peque\u00f1as el\u00e9ctricas a nivel de todo el territorio nacional, con el fin de compartir experiencias y sumar fuerzas en la defensa de sus intereses comunes.<\/span><\/p>\n<p align=\"justify\"><span style=\"font-size: small;\">La Cooperativa El\u00e9ctrica, empresa matriz del Grupo Enercoop -dedicado a la generaci\u00f3n de energ\u00edas renovables-, camina ya con la vista puesta en su centenario. El futuro inmediato para esta compa\u00f1\u00eda el\u00e9ctrica est\u00e1 en seguir apostando por ofrecer a todos sus socios una energ\u00eda de calidad, respetuosa con el medio ambiente y al mejor precio posible. En estos pilares se ha basado siempre una entidad social y culturalmente comprometida, fuerte como una roca, a sus ya 91 a\u00f1os de vida.<\/span><\/p>\n<p><\/p>","protected":false},"excerpt":{"rendered":"<p>Hace 90 a\u00f1os, en 1925, cuando la industrializaci\u00f3n entraba en Espa\u00f1a, disponer de corriente el\u00e9ctrica era una necesidad que limitaba la capacidad de desarrollo de cada zona. En aquellos momentos, las capitales de provincia y ciertos territorios se llevaban las inversiones de las compa\u00f1\u00edas el\u00e9ctricas de bandera. Municipios como Crevillent, en Alicante, con pocos miles [&hellip;]<\/p>\n","protected":false},"author":2,"featured_media":6342,"comment_status":"closed","ping_status":"closed","sticky":false,"template":"","format":"standard","meta":{"footnotes":""},"categories":[2,7,5],"tags":[],"class_list":["post-6338","post","type-post","status-publish","format-standard","has-post-thumbnail","hentry","category-dossier","category-economia","category-politica","revista-galde-n14"],"_links":{"self":[{"href":"https:\/\/www.galde.eu\/es\/wp-json\/wp\/v2\/posts\/6338","targetHints":{"allow":["GET"]}}],"collection":[{"href":"https:\/\/www.galde.eu\/es\/wp-json\/wp\/v2\/posts"}],"about":[{"href":"https:\/\/www.galde.eu\/es\/wp-json\/wp\/v2\/types\/post"}],"author":[{"embeddable":true,"href":"https:\/\/www.galde.eu\/es\/wp-json\/wp\/v2\/users\/2"}],"replies":[{"embeddable":true,"href":"https:\/\/www.galde.eu\/es\/wp-json\/wp\/v2\/comments?post=6338"}],"version-history":[{"count":1,"href":"https:\/\/www.galde.eu\/es\/wp-json\/wp\/v2\/posts\/6338\/revisions"}],"predecessor-version":[{"id":19213,"href":"https:\/\/www.galde.eu\/es\/wp-json\/wp\/v2\/posts\/6338\/revisions\/19213"}],"wp:featuredmedia":[{"embeddable":true,"href":"https:\/\/www.galde.eu\/es\/wp-json\/wp\/v2\/media\/6342"}],"wp:attachment":[{"href":"https:\/\/www.galde.eu\/es\/wp-json\/wp\/v2\/media?parent=6338"}],"wp:term":[{"taxonomy":"category","embeddable":true,"href":"https:\/\/www.galde.eu\/es\/wp-json\/wp\/v2\/categories?post=6338"},{"taxonomy":"post_tag","embeddable":true,"href":"https:\/\/www.galde.eu\/es\/wp-json\/wp\/v2\/tags?post=6338"}],"curies":[{"name":"wp","href":"https:\/\/api.w.org\/{rel}","templated":true}]}}