{"id":6233,"date":"2016-07-26T16:58:39","date_gmt":"2016-07-26T14:58:39","guid":{"rendered":"https:\/\/www.galde.eu\/?p=6233"},"modified":"2025-10-23T18:22:40","modified_gmt":"2025-10-23T16:22:40","slug":"entrevista-a-cote-romero","status":"publish","type":"post","link":"https:\/\/www.galde.eu\/es\/entrevista-a-cote-romero\/","title":{"rendered":"Entrevista a Cote Romero"},"content":{"rendered":"<div id=\"attachment_6238\" style=\"width: 310px\" class=\"wp-caption aligncenter\"><a href=\"https:\/\/www.galde.eu\/wp-content\/uploads\/2016\/07\/Cote-Romero.jpg\" rel=\"attachment wp-att-6238\"><img loading=\"lazy\" decoding=\"async\" aria-describedby=\"caption-attachment-6238\" class=\"wp-image-6238 size-medium colorbox-6233\" src=\"https:\/\/www.galde.eu\/wp-content\/uploads\/2016\/07\/Cote-Romero-300x200.jpg\" alt=\"Cote Romero\" width=\"300\" height=\"200\" data-id=\"6238\" srcset=\"https:\/\/www.galde.eu\/wp-content\/uploads\/2016\/07\/Cote-Romero-300x200.jpg 300w, https:\/\/www.galde.eu\/wp-content\/uploads\/2016\/07\/Cote-Romero.jpg 600w\" sizes=\"auto, (max-width: 300px) 100vw, 300px\" \/><\/a><p id=\"caption-attachment-6238\" class=\"wp-caption-text\">Cote Romero es Coordinadora estatal de la Plataforma por un Nuevo Modelo Energ\u00e9tico<\/p><\/div>\n<p class=\"p1\"><span class=\"s1\"><sub>(Galde 14, primavera 2016). Entrevista realizada por Manu Gonzalez.<\/sub><b><sub><br \/>\nHablamos con Cote Romero, persona con una dilatada trayectoria<span class=\"Apple-converted-space\">\u00a0 <\/span>de compromiso social y actividad profesional interrelacionados.<\/sub><\/b><\/span><\/p>\n<p class=\"p1\"><span class=\"s1\"><sub>Es cierto, porque en este caso el activismo social del \u00e1mbito energ\u00e9tico y el desempe\u00f1o profesional son dos herramientas complementarias y necesarias para lograr un mismo fin: La transici\u00f3n energ\u00e9tica a un modelo sostenible ambientalmente, democr\u00e1tico e inclusivo.<\/sub><\/span><\/p>\n<p class=\"p1\"><span class=\"s1\"><b><sub>Fuiste una de las personas fundadoras de la Plataforma por un Nuevo Modelo Energ\u00e9tico, siendo actualmente su coordinadora estatal, h\u00e1blanos de este movimiento.<\/sub><\/b><\/span><\/p>\n<p class=\"p1\"><span class=\"s1\"><sub>La Plataforma por un Nuevo Modelo Energ\u00e9tico surge de la necesidad de aglutinar en un movimiento ciudadano plural a la sociedad civil,<span class=\"Apple-converted-space\">\u00a0 <\/span>constituyendo una plataforma en la que participan m\u00e1s de 400 organizaciones muy diferentes entre s\u00ed y miles de personas a t\u00edtulo individual. Su objetivo es poner de manifiesto la invisible urgencia de una transici\u00f3n energ\u00e9tica hacia fuentes renovables, pero tambi\u00e9n denunciar la resistencia al cambio por parte de los poderes econ\u00f3micos dominantes, e instar a las personas y a las instituciones a que, con el conveniente cambio de h\u00e1bitos, seamos capaces de minimizar la grave crisis ecosocial a la que nos enfrentamos.<\/sub><\/span><\/p>\n<p class=\"p1\"><span class=\"s1\"><sub>En ese sentido, apostamos por un modelo energ\u00e9tico limpio, basado en fuentes renovables, y democr\u00e1tico, donde las personas y las comunidades sean co-decisoras de un bien esencial cuya producci\u00f3n y gesti\u00f3n tienen impactos notables en la vida, y que adem\u00e1s, ha de ser inclusivo,<span class=\"Apple-converted-space\">\u00a0 <\/span>donde toda persona pueda disponer de acceso a un m\u00ednimo b\u00e1sico de energ\u00eda para poder desarrollar una vida digna. Para ello, ponemos el acento en la reducci\u00f3n del consumo energ\u00e9tico, ya que nuestra sociedad irreflexiva y devoradora de recursos, despilfarra gran parte de la energ\u00eda que utiliza. De ah\u00ed que sea fundamental cortar la sangr\u00eda energ\u00e9tica en nuestros hogares y edificios ineficientes, en nuestra insostenible forma de trasladarnos a cualquier sitio en veh\u00edculo privado, debemos evitar el transporte innecesario de mercanc\u00edas consumiendo localmente, repensar el modelo agroalimentario, etc. La tecnolog\u00eda es una gran aliada, pero \u00a1Ojo! est\u00e1 comprobada la paradoja de la eficiencia o efecto rebote que ya comentaba Jeavons cuando muy acertadamente se\u00f1alaba<span class=\"Apple-converted-space\">\u00a0 <\/span>que la reducci\u00f3n en el consumo energ\u00e9tico derivada del aumento de la eficiencia, libera recursos econ\u00f3micos que se utilizan para satisfacer nuevas demandas energ\u00e9ticas. Por ello, es fundamental, educarnos en el cambio de h\u00e1bitos y que los recursos liberados no incrementen la demanda de energ\u00eda.<\/sub><\/span><\/p>\n<p class=\"p1\"><span class=\"s1\"><b><sub>\u00bfCu\u00e1l es vuestra forma de trabajar en un \u00e1mbito tan complejo?<\/sub><\/b><\/span><\/p>\n<p class=\"p1\"><span class=\"s1\"><sub>En la Plataforma trabajamos de manera asamblearia y as\u00ed aprovechamos los procesos de inteligencia colectiva. Todas las personas somos necesarias y nuestros diferentes aportes enriquecen la visi\u00f3n. Si eres una persona experta, este es tu espacio; si no entiendes nada, tambi\u00e9n, porque de igual manera te afecta. Funcionamos de manera descentraliza territorialmente. Nodos locales interconectados, que bien podr\u00edan responder al lema: Piensa Global, Act\u00faa Local. En Euskadi pod\u00e9is participar a trav\u00e9s de GureEnergia.<\/sub><\/span><\/p>\n<p class=\"p1\"><span class=\"s1\"><sub>A lo largo de estos tres a\u00f1os y medio de vida, y sin recursos econ\u00f3micos, creo que hemos conseguido ser un espacio de influencia pol\u00edtica importante. Hemos ayudado a elaborar programas energ\u00e9ticos en todos los partidos pol\u00edticos que se han dejado asesorar. Tambi\u00e9n hemos aportado a los municipios una hoja de ruta para avanzar hacia la sostenibilidad social y ambiental. A nivel jur\u00eddico, gracias al trabajo voluntario de personas t\u00e9cnicas en energ\u00eda y expertas en leyes, hemos desarrollado un profuso trabajo (6 denuncias ante la Comisi\u00f3n Europea por el incumplimiento de Espa\u00f1a de diferentes Directivas, Denuncias en la Fiscal\u00eda Especial contra la Corrupci\u00f3n, etc.). En nuestra actividad, estamos comprobando que la labor jur\u00eddica es fundamental para socavar la connivencia del poder pol\u00edtico y los poderes econ\u00f3micos. Adem\u00e1s, hemos logrado un importante impacto medi\u00e1tico logrando colocar en el imaginario colectivo, cuestiones tan capitales como la \u201cPobreza energ\u00e9tica\u201d o las \u201cPuertas Giratorias\u201d. Y sin lugar a dudas, esta repercusi\u00f3n en los medios de comunicaci\u00f3n nos ayuda a avanzar en el objetivo que m\u00e1s apreciamos: la concienciaci\u00f3n y activaci\u00f3n ciudadana. Y para ello, damos m\u00faltiples charlas en todos los territorios, elaboramos material pedag\u00f3gico, entre ellos dos \u201cmaravillos\u201d documentales, realizamos talleres, etc.<\/sub><\/span><\/p>\n<p class=\"p1\"><span class=\"s1\"><b><sub>Optimista pues?<\/sub><\/b><\/span><\/p>\n<p class=\"p1\"><span class=\"s1\"><sub>Podr\u00eda parecer un resultado excelente, pero sin menospreciarnos, nada m\u00e1s lejos de la realidad. Si queremos cambiar las cosas necesitamos ser millones las personas cambiando h\u00e1bitos y reclamando a los diferentes gobiernos pol\u00edticas energ\u00e9ticas sensatas.<\/sub><\/span><\/p>\n<p class=\"p1\"><a href=\"https:\/\/www.galde.eu\/wp-content\/uploads\/2016\/07\/cote-foto-goteo1.jpg\" rel=\"attachment wp-att-6241\"><img loading=\"lazy\" decoding=\"async\" class=\"aligncenter size-medium wp-image-6241 colorbox-6233\" src=\"https:\/\/www.galde.eu\/wp-content\/uploads\/2016\/07\/cote-foto-goteo1-300x169.jpg\" alt=\"cote-foto-goteo1\" width=\"300\" height=\"169\" data-id=\"6241\" srcset=\"https:\/\/www.galde.eu\/wp-content\/uploads\/2016\/07\/cote-foto-goteo1-300x169.jpg 300w, https:\/\/www.galde.eu\/wp-content\/uploads\/2016\/07\/cote-foto-goteo1.jpg 580w\" sizes=\"auto, (max-width: 300px) 100vw, 300px\" \/><\/a><\/p>\n<p class=\"p1\"><span class=\"s1\"><b><sub>Tambi\u00e9n eres la directora de Ecooo,<span class=\"Apple-converted-space\">\u00a0 <\/span>la empresa donde desarrollas tu labor profesional.<\/sub><\/b><\/span><\/p>\n<p class=\"p1\"><span class=\"s1\"><sub>Si, trabajo en una maravillosa y rara avis, una empresa sin \u00e1nimo de lucro que, aunque parezca un ox\u00edmoron, es una realidad constatable, y que se ha convertido en un agente motor de econom\u00eda social, vinculada, por ejemplo en Madrid, al Mercado Social existente. Contamos con un equipo estupendo de personas comprometidas con el cambio de modelo energ\u00e9tico y de paradigma econ\u00f3mico. Porque estamos convencidas de que el consumo responsable es la m\u00e1s poderosa herramienta de transformaci\u00f3n. El problema es que quien tiene ese poder, las personas al comprar y consumir, lo desconocen.<\/sub><\/span><\/p>\n<p class=\"p1\"><span class=\"s1\"><sub>Tal y como dice Paulo Coelho, el mundo cambia con tu ejemplo, no con tu opini\u00f3n. Por ello, desde Ecooo llevamos 11 a\u00f1os poniendo a disposici\u00f3n de las personas herramientas concretas para actuar y recuperar el control de sus vidas en materia energ\u00e9tica y as\u00ed poder ser parte de la soluci\u00f3n frente al cambio clim\u00e1tico. Facilitamos el ahorro de energ\u00eda en el \u00e1mbito del hogar y laboral. Y ayudamos a las personas para que puedan ser productoras de energ\u00eda renovable. Bien a trav\u00e9s de instalaciones de autoproducci\u00f3n en tejado propio o bien participando en proyectos de energ\u00eda comunitaria. Ya contamos con m\u00e1s de 62 proyectos colectivos en los que participan 1.800 personas. Adem\u00e1s este pasado a\u00f1o hemos puesto en marcha un proyecto precioso, EcoooLocal, a trav\u00e9s del cual facilitamos a los Ayuntamientos a cortar el despilfarro energ\u00e9tico, generando ahorros econ\u00f3micos que se reinvierten en nuevas medidas de ahorro y eficiencia energ\u00e9tica, activando en el proceso a la vecindad del municipio. Se trata de entrar en un c\u00edrculo virtuoso en el que cuenta desde el principio con el talento y conocimientos del cuerpo t\u00e9cnico municipal, de cara a elaborar propuestas adecuadas a las caracter\u00edsticas espec\u00edficas de cada municipio.<\/sub><\/span><\/p>\n<p class=\"p1\"><span class=\"s1\"><b><sub>Como venimos comentando, hablar de energ\u00eda es hablar de la vida. La energ\u00eda es un bien esencial que consumimos todos los d\u00edas; sin embargo, las fuentes y forma de producirla, su distribuci\u00f3n y acceso nos vienen ya determinadas. \u00bfCu\u00e1les crees que don las principales caracter\u00edsticas del actual modelo energ\u00e9tico?<\/sub><\/b><\/span><\/p>\n<p class=\"p1\"><span class=\"s1\"><sub>Actualmente obtenemos energ\u00eda quemando combustibles f\u00f3siles. Es verdad, que hay un peque\u00f1o aporte de energ\u00eda nuclear (innecesaria) y que adem\u00e1s se van abriendo paso las energ\u00edas renovables, ya m\u00e1s competitivas que cualquier otra tecnolog\u00eda, pero estas dos \u00faltimas tecnolog\u00edas realizan su aporte b\u00e1sicamente en la electrecidad que consumimos. Apenas hay renovables en el sector de la movilidad y el transporte, en el sector agr\u00edcola, en la climatizaci\u00f3n de edificios, etc. Nos movemos, nos calentamos, obtenemos electricidad, \u00abcomemos\u00bb\u2026combustibles f\u00f3siles. Y esta adicci\u00f3n a los f\u00f3siles tiene fatales consecuencias ambientales, econ\u00f3micas, sociales y pol\u00edticas.<\/sub><\/span><\/p>\n<p class=\"p1\"><span class=\"s1\"><b><sub>\u00bfNos puedes describir un poco m\u00e1s estos impacto<span class=\"Apple-converted-space\">\u00a0 <\/span>que enuncias?<\/sub><\/b><\/span><\/p>\n<p class=\"p1\"><span class=\"s1\"><sub>De entrada, y por su enorme relevancia, hay que mencionar el Cambio Clim\u00e1tico. Ya no hay duda de que las emisiones de gases de efecto invernadero a la atm\u00f3sfera est\u00e1n cambiando el clima. De estos gases, cuantitativamente, las emisiones de CO<\/sub><\/span><span class=\"s2\"><sub>2 <\/sub><\/span><span class=\"s1\"><sub>procedentes de la quema de los combustibles f\u00f3siles de nuestro modelo energ\u00e9tico tienen una enorme responsabilidad. Por ello, es urgente transitar a modelos descarbonizados. Es tal la gravedad del problema al que nos enfrentamos, que solo esta consecuencia deber\u00eda hacer saltar todas las alarmas. Pero hemos tirado treinta preciosos a\u00f1os para actuar en materia de cambio clim\u00e1tico. Los enormes intereses econ\u00f3micos de las multinacionales energ\u00e9ticas han paralizado la acci\u00f3n pol\u00edtica y, a trav\u00e9s de la publicidad y de la desinformaci\u00f3n, han bloqueado la respuesta ciudadana. Pero, ya es tan incontestable, que ahora mismo, y con poco margen de maniobra, organizaciones como la Agencia Mundial de la Energ\u00eda, el Panel Intergubernamental de Expertos sobre Cambio Clim\u00e1tico de la Naciones Unidas (IPCC), la Agencia Europea de Medio Ambiente, el Club de Roma, el memorando de Nobeles de Estocolmo, los Fondos de Inversi\u00f3n, las grandes aseguradoras y hasta el Papa Francisco, alertan de la urgencia para transitar a un modelo limpio si no queremos sobrepasar el calentamiento global a final de siglo en 1,5\u00baC, el \u00fanico margen de seguridad.<span class=\"Apple-converted-space\">\u00a0 <\/span>Extrayendo y quemando combustibles f\u00f3siles se genera adem\u00e1s gran contaminaci\u00f3n ambiental, mermado la calidad del entorno y afectando a la salud de las personas. Pero este modelo, tiene adem\u00e1s consecuencias econ\u00f3micas, el carb\u00f3n, petr\u00f3leo y gas van llegando a su pico de extracci\u00f3n, es decir que no s\u00f3lo se agotan, sino que cada vez es m\u00e1s costosa su extracci\u00f3n. La \u00e9poca del petr\u00f3leo f\u00e1cil y barato se ha acabado. No nos enga\u00f1e en el an\u00e1lisis la bajada de precios coyunturales, que est\u00e1 m\u00e1s relacionada con la especulaci\u00f3n financiera que por la abundancia del recurso. De hecho, es tal la demanda mundial de combustibles f\u00f3siles que a la industria de los hidrocarburos<span class=\"Apple-converted-space\">\u00a0 <\/span>le est\u00e1 mereciendo la pena implementar t\u00e9cnicas costos\u00edsimas para extraer f\u00f3siles no convencionales. T\u00e9cnicas tan arriesgadas y destructivas que sorprende la irresponsabilidad de los gobiernos permitiendo semejante barbaridad en nuestros mares o en nuestros territorios. La realidad es que es totalmente insensato que nuestro sistema econ\u00f3mico se base en un modelo energ\u00e9tico cuya materia prima sufre gran volatilidad de precios y que ha demostrado estar sometida al albur de gobiernos nada democr\u00e1ticos o de grandes corporaciones.<\/sub><\/span><\/p>\n<p class=\"p1\"><span class=\"s1\"><sub>Esta situaci\u00f3n conlleva adem\u00e1s, graves consecuencias sociales. En la actualidad, la titularidad de las plantas de generaci\u00f3n y las redes de distribuci\u00f3n est\u00e1n en manos privadas, en pocas pero todopoderosas empresas. Grandes corporaciones con \u00e1nimo de lucro que producen y gestionan un bien com\u00fan esencial. De ah\u00ed, que los intereses generales choquen frontalmente con la cuenta de resultados de las grandes compa\u00f1\u00edas energ\u00e9ticas; por ello, no podemos perder la oportunidad de abordar la inexorable transici\u00f3n energ\u00e9tica introduciendo correctores de seguridad frente a los oligopolios, es decir, democratizando el sistema energ\u00e9tico. Muchos centros de producci\u00f3n energ\u00e9tica peque\u00f1os, locales, conectados, produciendo y gestionando este precioso bien.<span class=\"Apple-converted-space\">\u00a0 <\/span>Estas l\u00f3gicas empresariales actualmente dominantes, cuyo objetivo es maximizar el beneficio econ\u00f3mico, permiten que 1.300 millones de personas en el planeta no tengan acceso a la energ\u00eda moderna. Ese sur global empobrecido y enormemente rico en materias primas energ\u00e9ticas; pero es que tambi\u00e9nse producen<span class=\"Apple-converted-space\">\u00a0 <\/span>vulneraci\u00f3n de los derechos humanos en los pa\u00edses donde se extrae las materias primas energ\u00e9ticas, y desplazamientos de comunidades ind\u00edgenas, violaciones, asesinatos, etc. No obstante, esta es una pr\u00e1ctica que no es exclusiva del extractivismo f\u00f3sil, tambi\u00e9n nos encontramos situaciones similares en la construcci\u00f3n de represas, etc. La vulnerabilidad energ\u00e9tica tambi\u00e9n se ceba en nuestras opulentas sociedades. A\u00f1o a a\u00f1o engrosa la indecente lista de personas en situaci\u00f3n de pobreza energ\u00e9tica, es decir, con seria dificultad e incluso imposibilidad de mantener la vivienda a una temperatura adecuada o disponer de servicios energ\u00e9ticos necesarios para una vida decente, tales como el agua caliente sanitaria, iluminaci\u00f3n, uso de electrodom\u00e9sticos, e incluso nada balad\u00ed, el acceso al transporte o a Internet. El panorama que describo se produce en un marco mundial de conflictos geoestrat\u00e9gicos por el control de las materias primas energ\u00e9ticas, las guerras actuales son la consecuencia de esta pugna. Un modelo de materias primas energ\u00e9ticas aut\u00f3ctonas, como son las renovables, podr\u00edan abortar o cambiar radicalmente esta tensi\u00f3n internacional. Sin embargo, los escenarios posibles consecuencia del avance del Cambio clim\u00e1tico hacen prever con bastante fiabilidad nuevos focos de tensi\u00f3n internacional pugnando por recursos h\u00eddricos y por los alimentos. Otro aspecto a denunciar ser\u00eda el de la injerencia del poder econ\u00f3mico en el poder pol\u00edtico. Este punto no hace falta desarrollar ya que en nuestro Estado hemos sido testigos de que la pol\u00edtica energ\u00e9tica est\u00e1 dise\u00f1ada por las el\u00e9ctricas. Tan grande es el poder econ\u00f3mico que el poder pol\u00edtico es un mero lacayo al servicio de las energ\u00e9ticas.<\/sub><\/span><\/p>\n<p class=\"p1\"><span class=\"s1\"><sub>Podr\u00edamos extendernos en muchas m\u00e1s externalidades negativas de nuestro actual modelo energ\u00e9tico pero el espacio es limitado. No obstante, quer\u00eda matizar una cuesti\u00f3n que planteas en la pregunta. Cuando te refieres a que las fuentes, la manera de gestionar y la distribuci\u00f3n nos vienen determinadas. Pero afortunadamente se abren rendijas para romper en pedazos esa determinaci\u00f3n e imposici\u00f3n del sistema. Si bien es verdad que a\u00fan son t\u00edmidos los resultados, cada vez son m\u00e1s s\u00f3lidas las propuestas y mayor es el n\u00famero de personas resilientes ante un sistema que golpea los derechos ambientales y los derechos humanos. En este sentido creo que podemos reducir nuestros impactos ambientales. Podemos producir nuestra propia energ\u00eda t\u00e9rmica y el\u00e9ctrica en el hogar unifamiliar. Podemos ponernos de acuerdo, con<span class=\"Apple-converted-space\">\u00a0 <\/span>dificultades, con nuestro vecindario, y colectivamente generar nuestra propia energ\u00eda. Podemos presionar a la Administraci\u00f3n para que nos imponga a las comunidades de vecinos a generar nuestra propia energ\u00eda. Podemos cambiar de comercializadora a una que sea de energ\u00eda 100% renovable y si adem\u00e1s es parte de la econom\u00eda social, tal y como hay muchas cooperativas en el Estado, apoyamos otra manera de hacer econom\u00eda. Podemos desplazarnos sosteniblemente (caminando, usando la bicicleta, en transporte colectivo y limpio o compartiendo veh\u00edculo). Podemos consumir local y reducir la huella kilom\u00e9trica de nuestra cesta de la compra. Podemos hacer presi\u00f3n ciudadana para exigir pol\u00edticas que fomenten la transici\u00f3n energ\u00e9tica y el acceso a la energ\u00eda a todas las personas. Es decir, aunque seamos David frente a Goliat, tenemos mucho margen de maniobra y no debemos quedarnos paralizados.<\/sub><\/span><\/p>\n<p class=\"p1\"><span class=\"s1\"><b><sub>Despu\u00e9s de tres a\u00f1os y medio de experiencia acumulada en la Plataforma, \u00bfcu\u00e1les son las principales dificultades con las que os hab\u00e9is encontrado?.<\/sub><\/b><\/span><\/p>\n<p class=\"p1\"><span class=\"s1\"><sub>A todas luces, el principal obst\u00e1culo es el enorme poder del oligopolio energ\u00e9tico. Es una resistencia en todo el mundo. Una industria con m\u00e1s de un siglo de hegemon\u00eda ha sido capaz de desarrollar una estructura f\u00e9rrea de control del poder pol\u00edtico, a fin de que este elabore normas que le favorezcan econ\u00f3micamente y as\u00ed mismo, se ha salvaguardado de la opini\u00f3n p\u00fablica, tras la poderosa capa de invisibilidad que le concede financiar los medios de comunicaci\u00f3n, manipular la informaci\u00f3n y contrarrestar cualquier cr\u00edtica con publicidad de lavado de imagen.<\/sub><\/span><\/p>\n<p class=\"p1\"><span class=\"s1\"><sub>En el Estado espa\u00f1ol, por una serie de peculiaridades, este papel dominante en concreto de las compa\u00f1\u00edas el\u00e9ctricas es mayor y la virulencia con la que han tratado de anegar a las alternativas energ\u00e9ticas ha sido may\u00fascula.<\/sub><\/span><\/p>\n<p class=\"p1\"><span class=\"s1\"><sub>De hecho, podr\u00edamos relatar cientos de situaciones donde este dominio sobre el regulador se plasma de manera incuestionable, pero vamos a conformarnos con citar sucintamente las m\u00e1s relevantes de los \u00faltimos a\u00f1os donde se ha regulado con la influencia de las el\u00e9ctricas, es decir, garantizando que no mermen sus ingentes beneficios. De cara al desarrollo de las energ\u00edas renovables nos encontramos que las grandes empresas energ\u00e9ticas est\u00e1n detr\u00e1s de los recortes retroactivos a las renovables con derecho a prima.<span class=\"Apple-converted-space\">\u00a0 <\/span>Han<span class=\"Apple-converted-space\">\u00a0 <\/span>forzado el \u00abTasazo\u00bb a la generaci\u00f3n el\u00e9ctrica, que a priori afecta a todos los generadores pero que en puridad tan solo menoscaba los derechos econ\u00f3micos de los generadores regulados, el sector de las energ\u00edas renovables,<span class=\"Apple-converted-space\">\u00a0 <\/span>frente a las posibilidades de evitar el impacto en la cuentas de las el\u00e9ctricas cuando generan energ\u00eda con f\u00f3siles o nucleares. Mantienen un mercado de la electricidad inadecuado para el mix energ\u00e9tico actual y que genera ping\u00fces beneficios a los titulares de la gran hidr\u00e1ulica y de las centrales nuclear; tan ineficiente mecanismo de casaci\u00f3n de precios en el mercado el\u00e9ctrico genera p\u00e9rdidas en la generaci\u00f3n con gas y carb\u00f3n, pero obtienen a\u00f1o tras a\u00f1os a trav\u00e9s de la orden de peajes, compensaciones econ\u00f3micas delirantes, tales como los pagos por capacidad, ayudas al carb\u00f3n nacional, que est\u00e1 sirviendo para quemar carb\u00f3n de importaci\u00f3n, etc. Por otro lado, se est\u00e1 otorgando un sobre-retribuci\u00f3n al transporte en media y alta tensi\u00f3n de la electricidad, en manos del monopolio de Red El\u00e9ctrica de Espa\u00f1a, empresa privada que tan solo tiene un 20% de participaci\u00f3n p\u00fablica. Pauntar tambi\u00e9n la moratoria en enero de 2012 a todo nuevo proyecto de Energ\u00edas Renovables con derecho a vender la electricidad con complementos a la inversi\u00f3n, y la masclet\u00e1 final!, el delirio de regulaci\u00f3n en materia de autoproducci\u00f3n o autoconsumo. A\u00f1os retrasando la aprobaci\u00f3n del Autoconsumo con Balance Neto, es decir, el mecanismo que permite intercambiar con la red el\u00e9ctrica los excedentes de producci\u00f3n diurna de la planta fotovoltaica (vertiendo estos excedentes al sistema) con el consumo de la red en las horas que la planta no produce. Este mecanismo fomentado en muchos pa\u00edses de nuestro entorno favorece el desarrollo de la energ\u00eda distribuida, que es beneficiosa para el medioambiente, para el bolsillo de los consumidores y para la gesti\u00f3n de la red el\u00e9ctrica y evita la implantaci\u00f3n masiva de bater\u00edas que almacenen los excedentes de electricidad diurna, de tal manera, que se reduce el esfuerzo en la inversi\u00f3n y se aminora la utilizaci\u00f3n de materiales y recursos. Tras a\u00f1os de espera de tan favorable norma, nos encontramos con la aprobaci\u00f3n de una regulaci\u00f3n de Autoconsumo que pone trabas a su desarrollo. \u00a1Regulaci\u00f3n \u00fanica en el mundo!<\/sub><\/span><\/p>\n<p class=\"p1\"><a href=\"https:\/\/www.galde.eu\/wp-content\/uploads\/2016\/07\/ManoVerde.jpg\" rel=\"attachment wp-att-6242\"><img loading=\"lazy\" decoding=\"async\" class=\"aligncenter size-medium wp-image-6242 colorbox-6233\" src=\"https:\/\/www.galde.eu\/wp-content\/uploads\/2016\/07\/ManoVerde-242x300.jpg\" alt=\"ManoVerde\" width=\"242\" height=\"300\" data-id=\"6242\" srcset=\"https:\/\/www.galde.eu\/wp-content\/uploads\/2016\/07\/ManoVerde-242x300.jpg 242w, https:\/\/www.galde.eu\/wp-content\/uploads\/2016\/07\/ManoVerde.jpg 600w\" sizes=\"auto, (max-width: 242px) 100vw, 242px\" \/><\/a><\/p>\n<p class=\"p1\"><span class=\"s1\"><b><sub>\u00bfY de cara a implementar pol\u00edticas de ahorro y eficiencia energ\u00e9tica?<\/sub><\/b><\/span><\/p>\n<p class=\"p1\"><span class=\"s1\"><sub>Pues todo ha ido hasta ahora en la misma l\u00ednea; as\u00ed, nos encontramos con una factura de la luz en la que cada vez cobra m\u00e1s peso la parte fija, es decir, la potencia contratada, y no la energ\u00eda consumida. Ello hace que toda medida de ahorro de energ\u00eda tenga una menor repercusi\u00f3n en el ahorro econ\u00f3mico en la factura. Es decir, podemos ahorrar un 40% de consumo energ\u00e9tico y sin embargo ahorrar tan solo un 25% en la factura de la luz. Ello impide utilizar mecanismos de financiaci\u00f3n de las inversiones de mejora energ\u00e9tica a trav\u00e9s de los ahorros econ\u00f3micos de las facturas.<\/sub><\/span><\/p>\n<p class=\"p1\"><span class=\"s1\"><b><sub>\u00bfC\u00f3mo est\u00e1is afrontando la comunicaci\u00f3n de cara a que las personas de \u201ca pie\u201d para que podamos entender esta complejidad de temas y sepamos como actuar?<\/sub><\/b><\/span><\/p>\n<p class=\"p1\"><span class=\"s1\"><sub>Esta en una de las grandes trabas a las que nos enfrentamos,<span class=\"Apple-converted-space\">\u00a0 <\/span>la desinformaci\u00f3n generalizada en materia energ\u00e9tica. Como dices, es un sector complejo y t\u00e9cnico. A ello hay que sumarle que estas grandes empresas han operado con una opacidad total. Y si no fuera suficiente, ante cualquier posibilidad que amenace los beneficios econ\u00f3micos de las el\u00e9ctricas, \u00e9stas ponen en marcha toda una potente maquinaria de propaganda para generar ruido y confusi\u00f3n. Publicidad falaz, informes pseudo cient\u00edficos que benefician sus intereses (elaborados por universidades y financiados por energ\u00e9ticas), y emisi\u00f3n de mantras a trav\u00e9s de los medi\u00e1ticos que se instalan en el imaginario colectivo y que surten efectos a largo plazo: la renovables son caras, las renovables no pueden garantizar el suministro, la energ\u00eda nuclear es la m\u00e1s barata, el fracking es riqueza, existe el carb\u00f3n limpio, el autoconsumo est\u00e1 prohibido, etc.<\/sub><\/span><\/p>\n<p class=\"p1\"><span class=\"s1\"><sub>Y as\u00ed, las personas, al no entender absolutamente nada, acaban desentendi\u00e9ndose y permitiendo que otros, la grandes empresas, tomen decisiones que nos perjudican a todos sin contestaci\u00f3n social alguna.<\/sub><\/span><\/p>\n<p class=\"p1\"><span class=\"s1\"><sub>En un contexto de emergencia social y ambiental, tenemos que ser capaces de intentarlo. Las resistencias al cambio son enormes. No hay m\u00e1s que ver la cumbre de Par\u00eds. Un \u00e9xito a nivel diplom\u00e1tico y un avance de cara a arrancar compromisos de econom\u00edas que hasta la fecha escurr\u00edan el bulto. Pero, no nos enga\u00f1emos, lo pactado es tan insuficiente y la demora en su implementaci\u00f3n nos pueden acarrear que se nos cierre la ventana de oportunidad para actuar a tiempo de reducir, hasta niveles asumibles, los impactos del cambio clim\u00e1tico. Y si las propuestas son parcas y lentas, pues\u2026 \u00a1\u00e9ramos pocos y pari\u00f3 la burra! Todo los acuerdos entre la UE, EEUU y Canad\u00e1, quedar\u00e1n en solfa si se aprueban los tratados de libre comercio, que ponen la alfombra roja a estas transnacionales y ni los Estados ni las entidades supranacionales ser\u00e1n capaces de poner coto a sus desmanes. \u00a1Nos jugamos la vida tal y como la conocemos! Por todo ello, bien merece arrancar desde la ciudadan\u00eda, contagiarnos unas a otros, y empujar desde abajo el cambio. Un modelo energ\u00e9tico sostenible, democr\u00e1tico e inclusivo. Un modelo que nos haga caminar por la hermosa ruta de la cooperaci\u00f3n y solidaridad entre los pueblos. Si hay una oportunidad bien merece que pongamos a trabajar nuestra energ\u00eda, la energ\u00eda de las personas que mueve el mundo.<\/sub><\/span><\/p>\n","protected":false},"excerpt":{"rendered":"<p>(Galde 14, primavera 2016). Entrevista realizada por Manu Gonzalez. Hablamos con Cote Romero, persona con una dilatada trayectoria de compromiso social y actividad profesional. Ella es una de las personas fundadoras de la Plataforma por un Nuevo Modelo Energ\u00e9tico, siendo actualmente su coordinadora estatal. La Plataforma por un Nuevo Modelo Energ\u00e9tico surge de la necesidad [&hellip;]<\/p>\n","protected":false},"author":2,"featured_media":6236,"comment_status":"closed","ping_status":"closed","sticky":false,"template":"","format":"standard","meta":{"footnotes":""},"categories":[2,7,5],"tags":[],"class_list":["post-6233","post","type-post","status-publish","format-standard","has-post-thumbnail","hentry","category-dossier","category-economia","category-politica","revista-galde-n14"],"_links":{"self":[{"href":"https:\/\/www.galde.eu\/es\/wp-json\/wp\/v2\/posts\/6233","targetHints":{"allow":["GET"]}}],"collection":[{"href":"https:\/\/www.galde.eu\/es\/wp-json\/wp\/v2\/posts"}],"about":[{"href":"https:\/\/www.galde.eu\/es\/wp-json\/wp\/v2\/types\/post"}],"author":[{"embeddable":true,"href":"https:\/\/www.galde.eu\/es\/wp-json\/wp\/v2\/users\/2"}],"replies":[{"embeddable":true,"href":"https:\/\/www.galde.eu\/es\/wp-json\/wp\/v2\/comments?post=6233"}],"version-history":[{"count":1,"href":"https:\/\/www.galde.eu\/es\/wp-json\/wp\/v2\/posts\/6233\/revisions"}],"predecessor-version":[{"id":19207,"href":"https:\/\/www.galde.eu\/es\/wp-json\/wp\/v2\/posts\/6233\/revisions\/19207"}],"wp:featuredmedia":[{"embeddable":true,"href":"https:\/\/www.galde.eu\/es\/wp-json\/wp\/v2\/media\/6236"}],"wp:attachment":[{"href":"https:\/\/www.galde.eu\/es\/wp-json\/wp\/v2\/media?parent=6233"}],"wp:term":[{"taxonomy":"category","embeddable":true,"href":"https:\/\/www.galde.eu\/es\/wp-json\/wp\/v2\/categories?post=6233"},{"taxonomy":"post_tag","embeddable":true,"href":"https:\/\/www.galde.eu\/es\/wp-json\/wp\/v2\/tags?post=6233"}],"curies":[{"name":"wp","href":"https:\/\/api.w.org\/{rel}","templated":true}]}}