{"id":5239,"date":"2015-10-19T21:00:37","date_gmt":"2015-10-19T19:00:37","guid":{"rendered":"https:\/\/www.galde.eu\/?p=5239"},"modified":"2025-10-23T18:21:56","modified_gmt":"2025-10-23T16:21:56","slug":"numero-11-de-galde-%c2%b7sumario","status":"publish","type":"post","link":"https:\/\/www.galde.eu\/es\/numero-11-de-galde-%c2%b7sumario\/","title":{"rendered":"N\u00famero 11 de GALDE \u00b7sumario"},"content":{"rendered":"<p><a href=\"https:\/\/www.galde.eu\/wp-content\/uploads\/2015\/10\/galde11portada280.jpg\"><img loading=\"lazy\" decoding=\"async\" class=\"size-full wp-image-5241 aligncenter colorbox-5239\" src=\"https:\/\/www.galde.eu\/wp-content\/uploads\/2015\/10\/galde11portada280.jpg\" alt=\"galde11portada280\" width=\"280\" height=\"397\" data-id=\"5241\" srcset=\"https:\/\/www.galde.eu\/wp-content\/uploads\/2015\/10\/galde11portada280.jpg 280w, https:\/\/www.galde.eu\/wp-content\/uploads\/2015\/10\/galde11portada280-212x300.jpg 212w\" sizes=\"auto, (max-width: 280px) 100vw, 280px\" \/><\/a><\/p>\n<h6>**<a href=\"https:\/\/drive.google.com\/open?id=0B-6NvzniCy2GcGsxUUhHbDRmY3c\" target=\"_blank\" rel=\"noopener\">Ver y descargar Galde 11 completa en pdf<\/a><br \/>\n**<a href=\"https:\/\/drive.google.com\/open?id=0B-6NvzniCy2GQ3BObHhYMmxGTDQ\" target=\"_blank\" rel=\"noopener\">Ver y descargar el Dossier Galde 11 en pdf, \u00abCiudades en mudanza\u00bb<\/a><br \/>\n**<a href=\"https:\/\/drive.google.com\/open?id=0B-6NvzniCy2GfmtoS3dPQWFSY2lfczROZEJaN0xsX3NzbEZFeW00cmtUNlhXMUxaUXUtdlk\" target=\"_blank\" rel=\"noopener\">Acceder al archivo de todos los n\u00fameros de\u00a0Galde en pdf<\/a><\/h6>\n<p>(Galde 11, verano 2015)<\/p>\n<p><strong>aurkibidea sumario<\/strong><\/p>\n<p><strong>ELKARRIZKETA<\/strong><\/p>\n<p>04. <a href=\"https:\/\/www.galde.eu\/entrevista-a-juan-calparsoro-fiscal-superior-del-pais-vasco\/\">Entrevista a Juan Calparsoro<\/a>. <em>Fiscal Superior del Pais Vasco<\/em><\/p>\n<p><strong>BEGIRADAK<\/strong><\/p>\n<p>08. <a href=\"https:\/\/www.galde.eu\/tambien-en-el-interior-de-la-u-e-las-fronteras-cerradas-matan\/\">U.E: Las fronteras cerradas matan<\/a>. <em><a href=\"https:\/\/www.galde.eu\/autores\/agustin-unzurrunzaga\/\">Agust\u00edn Unzurrunzaga<\/a><\/em><br \/>\n10. <a href=\"https:\/\/www.galde.eu\/lotsaren-irudiak\/\">Lotsaren irudiak<\/a>. <em><a href=\"https:\/\/www.galde.eu\/autores\/ricardo-calero\/\">Ricardo Calero<\/a><\/em><br \/>\n11. <a href=\"https:\/\/www.galde.eu\/francisco\/\">Francisco. El incierto futuro de un repunte<\/a>. <em><a href=\"https:\/\/www.galde.eu\/autores\/guillermo-mugica\/\">Guillermo Mugica<\/a><\/em><br \/>\n14. Dicen: Robot hiltzailek, Aursardia Grekoa, Donald Trump&#8230; <em>K. U.<\/em><br \/>\n16. <a href=\"https:\/\/www.galde.eu\/juez-joaquim-bosch-y-la-ley-mordaza\/\">Juez Joaquim Bosch y la Ley Mordaza<\/a>. <em><a href=\"https:\/\/www.galde.eu\/autores\/miren-ortubay-fuentes\/\">Miren Ortubay<\/a><\/em><br \/>\n19. <a href=\"https:\/\/www.galde.eu\/eraikiz-construyendo-convivencia\/\">Eraikiz. Construyendo convivencia<\/a>. <em><a href=\"https:\/\/www.galde.eu\/autores\/antonio-dupla\/\">Antonio Dupl\u00e1<\/a><\/em><br \/>\n20.<a href=\"https:\/\/www.galde.eu\/ibiltari-baten-egunkaritik-ikea-ba-ala-ikea-ba\/\"><em> Ibiltari baten egunkaritik<\/em>.\u00a0Ikea BA ala Ikea BA<\/a>. <em><a href=\"https:\/\/www.galde.eu\/autores\/lourdes-onederra\/\">Lourdes O\u00f1ederra<\/a><\/em><\/p>\n<p><strong>DOSSIER:<a href=\"https:\/\/www.galde.eu\/introduccion-al-dossier-ciudades-en-mudanza\/\"> Introducci\u00f3n al Dossier \u00abCiudades en mudanza\u00bb<\/a><\/strong><br \/>\n22. <a href=\"https:\/\/www.galde.eu\/entrevista-a-jordi-borja\/\">Entrevista a Jordi Borja<\/a>. <em><a href=\"https:\/\/www.galde.eu\/autores\/manu-gonzalez\/\">Manu Gonz\u00e1lez<\/a>, <a href=\"https:\/\/www.galde.eu\/autores\/inaki-bolibar\/\">I\u00f1aki Bolibar<\/a><\/em><br \/>\n28. <a href=\"https:\/\/www.galde.eu\/apuntes-acerca-del-devenir-de-la-ciudad\/\">Apuntes acerca del devenir de la ciudad<\/a>. <em><a href=\"https:\/\/www.galde.eu\/autores\/antoni-ramon-graells\/\">Antonio Ram\u00f3n\u00a0Graells<\/a><\/em><br \/>\n31. <a href=\"https:\/\/www.galde.eu\/nuevos-retos-de-gestion-y-de-informacion-para-la-ciudadania\/\">Gesti\u00f3n e informaci\u00f3n para la ciudadan\u00eda<\/a>. <em><a href=\"https:\/\/www.galde.eu\/autores\/jose-manuel-naredo\/\">Jos\u00e9 Manuel Naredo<\/a><\/em><br \/>\n34. <a href=\"https:\/\/www.galde.eu\/mandar-en-la-movilidad\/\">Mandar en la movilidad<\/a>. <em><a href=\"https:\/\/www.galde.eu\/autores\/alfonso-sanz-alduan\/\">Alf\u00f3nso Sanz Aldu\u00e1n<\/a><\/em><br \/>\n36. <a href=\"https:\/\/www.galde.eu\/eu\/la-ciudad-como-espacio-publico\/\">La ciudad como espacio p\u00fablico<\/a>. <em><a href=\"https:\/\/www.galde.eu\/autores\/imanol-zubero\/\">Imanol Zubero<\/a><\/em><br \/>\n39. <a href=\"https:\/\/www.galde.eu\/la-gobernanza-urbana-del-asalto-institucional\/\">La gobernanza urbana al asalto institucional<\/a>. <em><a href=\"https:\/\/www.galde.eu\/es\/autores\/ana-mendez-de-andes\/\">Ana M\u00e9ndez de And\u00e9s<\/a><\/em><br \/>\n42. <a href=\"https:\/\/www.galde.eu\/ciudades-cuidadoras-ciudades-cuidadas\/\">Ciudades cuidadoras, ciudades cuidadas<\/a>.\u00a0<a href=\"https:\/\/www.galde.eu\/es\/autores\/begona-pernas-riano\/\">Bego\u00f1a Pernas Ria\u00f1o<\/a><em>,\u00a0<a href=\"https:\/\/www.galde.eu\/autores\/marta-roman-rivas\/\">Marta Rom\u00e1n Rivas<\/a><\/em><br \/>\n44. <a href=\"https:\/\/www.galde.eu\/euskal-hiria-en-un-mundo-de-ciudades\/\">Euskal-hiria en un mundo de ciudades<\/a>. <a href=\"https:\/\/www.galde.eu\/autores\/angel-martin-ramos\/\">\u00c1ngel Mart\u00edn Ramos<\/a><br \/>\n48. <a href=\"https:\/\/www.galde.eu\/libros-y-referencias-para-el-dossier-11\/\">Libros y referencias para el dossier Galde 11<\/a><\/p>\n<p><strong>MUNDUAN ZEHAR- INTERNACIONAL<\/strong><\/p>\n<p>49. <a href=\"https:\/\/www.galde.eu\/carta-desde-atenas\/\">Carta desde Atenas<\/a>. <em><a href=\"https:\/\/www.galde.eu\/autores\/dimitri-konstantakopoulos\/\">Dimitri Konstantakopoulos<\/a><\/em><br \/>\n54. <a href=\"https:\/\/www.galde.eu\/pasion-por-cuba\/\">Pasi\u00f3n por Cub<\/a>a. <em><a href=\"https:\/\/www.galde.eu\/autores\/enrique-bethencourt\/\">Enrique Bethencourt<\/a><\/em><\/p>\n<p><strong>OCKHAMEN LABANA<\/strong><br \/>\n56. <a href=\"https:\/\/www.galde.eu\/es\/ockhamen-labana-itsasoa-bete-energia\/\">Itsasoa bete energia<\/a>. <em><a href=\"https:\/\/www.galde.eu\/autores\/inaki-irazabalbeitia-fernandez\/\">Inaki Irazabalbeitia<\/a><\/em><\/p>\n<p><strong>IKUSMIRA<\/strong><br \/>\n58. <a href=\"https:\/\/www.galde.eu\/ikusmira-miradas-de-vida-del-verano-de-2015\/\">Miradas de vida del verano de 2015<\/a>. Varios<\/p>\n<p><strong>LIBURU-AIPAMENAK<\/strong><br \/>\n60. <a href=\"https:\/\/www.galde.eu\/es\/liburu-aipamenak-resena-informe-foronda\/\">Informe Foronda<\/a>.<em> <a href=\"https:\/\/www.galde.eu\/autores\/antonio-dupla\/\">Antonio Dupl\u00e1<\/a><\/em><br \/>\n61. <a href=\"https:\/\/www.galde.eu\/es\/liburu-aipamenak-resena-mujeres-y-franquismo\/\">Mujeres y franquismo<\/a>. <em><a href=\"https:\/\/www.galde.eu\/autores\/rocio-garcia-abad\/\">Rocio Garc\u00eda Abad<\/a><\/em><\/p>\n<p><b>KULTURA<\/b><\/p>\n<p>62. <a href=\"https:\/\/www.galde.eu\/periskopioa-ceses-y-nombramientos\/\">Periskopioa: Ceses y nombramientos<\/a>. <em><a href=\"https:\/\/www.galde.eu\/autores\/jason-argonautas\/\">Jas\u00f3n &amp; Argonautas<\/a><\/em><br \/>\n64. <a href=\"https:\/\/www.galde.eu\/eu\/idazleen-hilberriak-prestatzeko-gida-laburra\/\">Idazleen hilberriak prestatzeko gida laburra<\/a>. <em><a href=\"https:\/\/www.galde.eu\/autores\/iban-zaldua-gonzalez\/\">Iban Zaldua<\/a><\/em><br \/>\n65. Zinemaldia\u00a063:\u00a0<a href=\"https:\/\/www.galde.eu\/amama-o-la-fuerza-del-baserri\">\u201cAmama\u201d o la fuerza del baserri<\/a>. <em><a href=\"https:\/\/www.galde.eu\/autores\/jabier-ayesa\/\">Javier Ayesa<\/a><\/em><\/p>\n<p><strong>HAU JENDE HAU<\/strong><br \/>\n66. Cosa(s) nostra (s).\u00a0<em>Sabi\u00f1e Zurutuza<\/em><\/p>\n<p><strong>Editorial<br \/>\n<\/strong>(Galde 11, verano 2015)<br \/>\nUnd\u00e9cima entrega de Galde, ya en el oto\u00f1o, tiempo de melancol\u00eda, pero tambi\u00e9n de proyectos para el curso entrante. El nuestro, seguir adelante intentando cumplir, como hasta ahora, con nuestra ilusionante entrega trimestral. En esta ocasi\u00f3n, el dossier, pieza b\u00e1sica en cada n\u00famero de la revista, se centra en la ciudad (\u00abCiudades en mudanza\u00bb), como fen\u00f3meno vivo, cambiante, fundamental para la articulaci\u00f3n de la convivencia social, especialmente en un mundo en el que, como se se\u00f1ala en la introducci\u00f3n, la mayor\u00eda de la poblaci\u00f3n vive ya en ciudades. Jordi Borja, en la imprescindible entrevista del dossier, habla de una \u00e9poca de \u00abrevoluci\u00f3n urbana\u00bb, de una \u00e9poca crucial, en el que se urbaniza, pero no se hace ciudad. Todos esos retos y problemas se analizan en los distintos art\u00edculos. Pero evidentemente no es lo \u00fanico interesante de este n\u00famero. Entrevistamos esta vez a Juan Galparsoro, Fiscal Superior del Pa\u00eds Vasco, quien nos aporta su mirada privilegiada sobre una sociedad cada vez m\u00e1s desigual y punitiva, perspectiva que se complementa con la de Joaquim Bosch, portavoz de Jueces para la Democracia, sobre el problema particular de la llamada \u00abley mordaza\u00bb. El drama de los refugiados que, una vez alcanzada Europa, ven ahora como se levantan nuevas barreras en las fronteras interiores entre determinados pa\u00edses de la UE, merece tambi\u00e9n nuestra atenci\u00f3n, as\u00ed como la novedad, ante este problema y ante tantos otros de trascendencia social, de un Papa de Roma que aparece como una figura de esperanzadores (\u00bfhasta d\u00f3nde?) perfiles renovadores, o el reci\u00e9n presentado manifiesto Eraikiz, firmado por v\u00edctimas de distintos terrorismos. Y en la secci\u00f3n de Internacional, la situaci\u00f3n en Grecia y Cuba; y, adem\u00e1s, las habituales firmas (Irazabalbeitia, O\u00f1ederra, Zaldua), y Periskopioa, y rese\u00f1as, y fotograf\u00edas, y, y\u2026<br \/>\nHasieran esaten genuen bezala, malenkoniaren garaian gaude eta, nahiz malenkonia pixka bat atsegina izan daitekeen, erabat geldiaraz ez gaitzan hemen eskaintzen dizkizuegu orrialde batzuk lasai irakurtzeko, pensatzeko eta eztbaidatzeko. Abendua arte! Ondo izan!<\/p>\n","protected":false},"excerpt":{"rendered":"<p>(Galde 11, verano 2015). Und\u00e9cima entrega de Galde, ya en el oto\u00f1o, tiempo de melancol\u00eda, pero tambi\u00e9n de proyectos para el curso entrante. El nuestro, seguir adelante intentando cumplir, como hasta ahora, con nuestra ilusionante entrega trimestral. En esta ocasi\u00f3n, el dossier, pieza b\u00e1sica en cada n\u00famero de la revista, se centra en la ciudad [&hellip;]<\/p>\n","protected":false},"author":2,"featured_media":5242,"comment_status":"closed","ping_status":"closed","sticky":false,"template":"","format":"standard","meta":{"footnotes":""},"categories":[61,60],"tags":[96],"class_list":["post-5239","post","type-post","status-publish","format-standard","has-post-thumbnail","hentry","category-indicedossier","category-indicerevistas","tag-sumario-indice","revista-galde-n11"],"_links":{"self":[{"href":"https:\/\/www.galde.eu\/es\/wp-json\/wp\/v2\/posts\/5239","targetHints":{"allow":["GET"]}}],"collection":[{"href":"https:\/\/www.galde.eu\/es\/wp-json\/wp\/v2\/posts"}],"about":[{"href":"https:\/\/www.galde.eu\/es\/wp-json\/wp\/v2\/types\/post"}],"author":[{"embeddable":true,"href":"https:\/\/www.galde.eu\/es\/wp-json\/wp\/v2\/users\/2"}],"replies":[{"embeddable":true,"href":"https:\/\/www.galde.eu\/es\/wp-json\/wp\/v2\/comments?post=5239"}],"version-history":[{"count":1,"href":"https:\/\/www.galde.eu\/es\/wp-json\/wp\/v2\/posts\/5239\/revisions"}],"predecessor-version":[{"id":18631,"href":"https:\/\/www.galde.eu\/es\/wp-json\/wp\/v2\/posts\/5239\/revisions\/18631"}],"wp:featuredmedia":[{"embeddable":true,"href":"https:\/\/www.galde.eu\/es\/wp-json\/wp\/v2\/media\/5242"}],"wp:attachment":[{"href":"https:\/\/www.galde.eu\/es\/wp-json\/wp\/v2\/media?parent=5239"}],"wp:term":[{"taxonomy":"category","embeddable":true,"href":"https:\/\/www.galde.eu\/es\/wp-json\/wp\/v2\/categories?post=5239"},{"taxonomy":"post_tag","embeddable":true,"href":"https:\/\/www.galde.eu\/es\/wp-json\/wp\/v2\/tags?post=5239"}],"curies":[{"name":"wp","href":"https:\/\/api.w.org\/{rel}","templated":true}]}}