{"id":3985,"date":"2014-12-20T19:56:07","date_gmt":"2014-12-20T18:56:07","guid":{"rendered":"https:\/\/www.galde.eu\/?p=3985"},"modified":"2025-10-23T18:19:20","modified_gmt":"2025-10-23T16:19:20","slug":"cataluna-y-euskadi-o-la-luna-y-el-dedo","status":"publish","type":"post","link":"https:\/\/www.galde.eu\/es\/cataluna-y-euskadi-o-la-luna-y-el-dedo\/","title":{"rendered":"Catalu\u00f1a y Euskadi, o la luna y el dedo"},"content":{"rendered":"<p><\/p>\n<p style=\"text-align: center;\"><a href=\"https:\/\/www.galde.eu\/wp-content\/uploads\/2014\/12\/ManoSe\u00f1ala.jpg\"><img loading=\"lazy\" decoding=\"async\" class=\" wp-image-3987 aligncenter colorbox-3985\" alt=\"ManoSe\u00f1ala\" src=\"https:\/\/www.galde.eu\/wp-content\/uploads\/2014\/12\/ManoSe\u00f1ala.jpg\" width=\"273\" height=\"288\" data-id=\"3987\" srcset=\"https:\/\/www.galde.eu\/wp-content\/uploads\/2014\/12\/ManoSe\u00f1ala.jpg 455w, https:\/\/www.galde.eu\/wp-content\/uploads\/2014\/12\/ManoSe\u00f1ala-284x300.jpg 284w\" sizes=\"auto, (max-width: 273px) 100vw, 273px\" \/><\/a><\/p>\n<p>Xabier Zabaltza. (Galde o8, oto\u00f1o 2014). Estuve en Catalu\u00f1a el 9 de noviembre, d\u00eda en el que se celebr\u00f3 el llamado \u201cproceso participativo\u201d, suced\u00e1neo de la consulta prevista originalmente. Frente a lo afirmado por algunos medios, yo no percib\u00ed crispaci\u00f3n, ni miedo. Lo que vi fue una parte nada desde\u00f1able del pueblo catal\u00e1n empe\u00f1ada en llevar adelante de modo pac\u00edfico un proyecto, quiz\u00e1s errado, pero, vistos los antecedentes (d\u00e9ficit fiscal cr\u00f3nico, desvirtuaci\u00f3n del Estatuto de 2006, catalanofobia rampante de algunos c\u00edrculos\u2026), comprensible y casi inevitable. Resulta muy significativo que uno de los escas\u00edsimos incidentes de la jornada lo provocaran unos vascos que se liaron a insultar a quienes se manifestaban en la plaza de Sant Jaume de Barcelona en contra de la independencia de Catalu\u00f1a. No hab\u00edan entendido nada. Los vascos tenemos todav\u00eda mucho que aprender de los catalanes. Especialmente los que hasta antesdeayer han justificado el uso de la violencia para obtener r\u00e9ditos pol\u00edticos.<\/p>\n<p>En las \u00faltimas cuatro d\u00e9cadas se ha producido en Catalu\u00f1a un proceso de construcci\u00f3n nacional. Imperfecto y cuestionable, como todo lo democr\u00e1tico, pero democr\u00e1tico al fin y al cabo. Porque tambi\u00e9n en Catalu\u00f1a hubo conatos de \u201clucha armada\u201d. En los 70 y 80, el Front d\u2019Alliberament Catal\u00e0, el Ex\u00e8rcit Popular Catal\u00e0 y Terra Lliure mataron al menos a cinco personas (adem\u00e1s, cuatro miembros de esta \u00faltima organizaci\u00f3n fallecieron mientras manipulaban explosivos o en enfrentamientos con la polic\u00eda), pero ninguno de estos grupos cont\u00f3 nunca con un m\u00ednimo apoyo de la poblaci\u00f3n. Mientras en Catalu\u00f1a se impon\u00eda el <i>seny<\/i>, en Vasconia cada atentado viciaba el debate pol\u00edtico y convert\u00eda en a\u00fan m\u00e1s inalcanzables los objetivos por los que se dec\u00eda luchar. No lo sabremos con certeza hasta que se les pregunte en un refer\u00e9ndum de verdad, pero es probable que incluso hoy los independentistas sean una minor\u00eda en Catalu\u00f1a. Aunque lo que tiene consecuencias pol\u00edticas es que los anti-independentistas son todav\u00eda menos y est\u00e1n peor organizados. La mayor parte de los dirigentes y de los votantes de UDC, de Iniciativa y del propio PSC no son separatistas, pero dejan hacer. En Vasconia eso no ser\u00eda posible. Tal vez los independentistas sean aqu\u00ed en proporci\u00f3n m\u00e1s que en Catalu\u00f1a, pero los anti-independentistas no son, en absoluto, pasivos. El PSE y el PSN, por ejemplo, no se mueven entre dos aguas como su hom\u00f3logo catal\u00e1n, sino que se posicionan claramente contra cualquier consulta que cuestione el ordenamiento constitucional. Lo que no tiene nada de extra\u00f1o, habida cuenta que hace tan solo cuatro a\u00f1os sus cargos institucionales y pol\u00edticos, como los del PP y UPN, estaban amenazados por quienes ponen el derecho a la autodeterminaci\u00f3n por encima del derecho a la vida.<\/p>\n<p>Un conocido proverbio chino sostiene que cuando el sabio se\u00f1ala a la luna, el necio mira al dedo. Durante a\u00f1os, el discurso del <i>establishment<\/i> se dirigi\u00f3 contra ETA y, por extensi\u00f3n, contra el conjunto del nacionalismo vasco. No s\u00e9 prest\u00f3 la atenci\u00f3n que se deb\u00eda a Catalu\u00f1a, cuya \u201ccuesti\u00f3n nacional\u201d distaba mucho de estar resuelta. Cuando la mayor\u00eda de los leg\u00edtimos representantes del pueblo catal\u00e1n han defendido el discutible \u201cderecho a decidir\u201d de modo exquisitamente c\u00edvico (\u201cni un papel en el suelo\u201d, lleg\u00f3 a exigir el presidente Mas), al Gobierno de Espa\u00f1a, tambi\u00e9n leg\u00edtimo, no le ha quedado otro argumento que insistir cansinamente en el cumplimiento de la legalidad. Al disiparse el espejismo en torno a ETA, que sobredimensionaba el \u201cproblema vasco\u201d, el nacionalismo catal\u00e1n ha recuperado su protagonismo. Como viene ocurriendo puntualmente desde hace bastante m\u00e1s de un siglo, el catalanismo es de nuevo la clave para organizar el Estado espa\u00f1ol de otra manera y, si no se satisfacen ya mismo algunas de sus demandas, tal vez para destruirlo.<\/p>\n<p>Dec\u00eda que Catalu\u00f1a es una naci\u00f3n. O, si se prefiere, de manera menos rimbombante: es una sociedad integrada, con una marcada identidad y valores trasversales, en la que los conflictos se resuelven por los medios que corresponden a una democracia avanzada. Y algo que no deber\u00eda pasar desapercibido: posee una lengua propia, veh\u00edculo de una rica tradici\u00f3n literaria, que es hablada con naturalidad por todas las clases sociales sin distingos ideol\u00f3gicos. Vasconia, por el contrario, est\u00e1 dividida por tensiones territoriales e identitarias que la violencia no ha hecho m\u00e1s que agravar y, lo digo con dolor, su lengua privativa es, para la mayor\u00eda de la poblaci\u00f3n, no un medio de comunicaci\u00f3n, sino un \u201checho diferencial\u201d, esto es, un elemento folcl\u00f3rico, cuando no un mero tr\u00e1mite que hay que superar para colocarse en la administraci\u00f3n o, peor a\u00fan, un arma arrojadiza en el tablero pol\u00edtico. En Vasconia, los nacionalistas se expresan normalmente en castellano. En Catalu\u00f1a, hasta los antinacionalistas se expresan normalmente en catal\u00e1n. Y, claro, como ya sab\u00edan los cl\u00e1sicos, \u201cquien lengua ha, a Roma va\u201d.<\/p>\n<p>He hablado de catalanofobia. Para muchos habitantes de otras comunidades aut\u00f3nomas, el catal\u00e1n es el \u201cotro\u201d por antonomasia. Seg\u00fan revelan las encuestas, incluso en los \u201ca\u00f1os de plomo\u201d protagonizados por ETA, los catalanes eran la nacionalidad que mayor antipat\u00eda suscitaba entre los otros espa\u00f1oles, muy por delante de los vascos. Y eso que Catalu\u00f1a es un contribuyente neto a las arcas del Estado y que, hasta \u00e9poca muy reciente, se ha limitado a reclamar tan solo un porcentaje de lo que las cuatro diputaciones forales recaudan en virtud del Convenio\/Concierto. Los catalanes caen mal no solo porque su nivel de vida sea superior a la media espa\u00f1ola, sino por el tes\u00f3n con el que defienden su identidad y, especialmente, su lengua.<\/p>\n<p>Dec\u00eda tambi\u00e9n que dudo que muchos vascos entiendan lo que est\u00e1 ocurriendo en Catalu\u00f1a. El pasado 8 de junio, la iniciativa Gure Esku Dago mont\u00f3 entre Durango y Pamplona una cadena humana por la autodeterminaci\u00f3n, en la que participaron decenas de miles de personas, entre ellas, conocidos dirigentes del PNV y Bildu. Seg\u00fan sus promotores, su modelo era la que, organizada por la Assemblea Nacional Catalana, tuvo lugar el 11 de septiembre de 2013. Sin embargo, existe una diferencia fundamental entre ambos eventos. Todas las entidades que defienden el derecho de Catalu\u00f1a a la secesi\u00f3n, entre ellas la ANC, tienen bien claro cu\u00e1l es el sujeto de la autodeterminaci\u00f3n: las cuatro provincias que constituyen la Comunidad Aut\u00f3noma. Por eso la \u201cV\u00eda Catalana\u201d se extendi\u00f3 entre La Jonquera, en el norte de la provincia de Girona, y Alcanar, en el sur de la de Tarragona. El resto de los llamados \u201cPa\u00edses Catalanes\u201d (Andorra, Rosell\u00f3n, Valencia, Baleares y varias comarcas aragonesas, murcianas e incluso sardas) han quedado fuera de la reivindicaci\u00f3n del futuro estado catal\u00e1n. En cambio, para la mayor\u00eda de los nacionalistas vascos, el so\u00f1ado (e imposible) sujeto del derecho de autodeterminaci\u00f3n no son las tres provincias de la Comunidad Aut\u00f3noma del Pa\u00eds Vasco (<i>Euskadi<\/i>), lo que ser\u00eda el aut\u00e9ntico equivalente de la \u201cV\u00eda Catalana\u201d, sino las siete de Vasconia (<i>Euskal Herria<\/i>), obviando la voluntad mayoritaria de navarros y vasco-franceses. Y es que una naci\u00f3n catalana limitada a las cuatro provincias podr\u00eda ser viable, mientras que la naci\u00f3n vasca es inconcebible sin Navarra, que le confiere su legitimidad hist\u00f3rica y aporta la mitad del territorio. Catalu\u00f1a, con ese nombre y unas fronteras parecidas a las de la actualidad, existe desde el siglo XII. La Euskadi triprovincial es una creaci\u00f3n administrativa del siglo XX. Un detalle nada balad\u00ed. Y se nota.<\/p>\n<p>Hay muchos aspectos criticables en el proceso soberanista catal\u00e1n, sin duda. Yo, que no soy pol\u00edtico, ni jurista, no creo que el \u201cderecho a decidir\u201d sea absoluto, ni que deba aplicarse de modo unilateral. Pero tampoco creo que la cuesti\u00f3n catalana pueda solventarse solo apelando a la Constituci\u00f3n. Intuyo incluso que es demasiado tarde para que una reforma constitucional sirva para algo. Lo que no se puede negar es que, sin disparar un tiro, al menos en las dos \u00faltimas d\u00e9cadas, el independentismo catal\u00e1n ha llegado mucho m\u00e1s lejos que el vasco, que deja un saldo de cientos de muertos y una sociedad fragmentada. Adem\u00e1s, aun siendo una cuesti\u00f3n fundamental, el uso exclusivo de la v\u00eda pac\u00edfica no es lo \u00fanico que ha distinguido ambos procesos. Existe tambi\u00e9n una cuesti\u00f3n de talante. En Catalu\u00f1a descalificativos que los vascos estamos habituados a escuchar, tales como \u201cfranquista\u201d o \u201cfiloetarra\u201d, no forman parte del vocabulario pol\u00edtico. Por si fuera poco, a diferencia de lo que pretende aqu\u00ed una parte del nacionalismo, la \u201cV\u00eda Catalana\u201d se basa en el respeto escrupuloso a la voluntad de los habitantes de otros territorios que forman parte del proyecto independentista (tan escrupuloso, que un c\u00ednico hablar\u00eda m\u00e1s bien de rendici\u00f3n incondicional del pancatalanismo). Y, por descontado, el amor a la lengua propia no solo es ret\u00f3rico, sino el fundamento mismo de la nacionalidad. Si algo se ha demostrado en Catalu\u00f1a es el triunfo de la cultura sobre las pistolas.<\/p>\n<p>Xabier Zabaltza.\u00a0Historiador, profesor de la UPV\/EHU<\/p>\n<p style=\"text-align: center;\"><a href=\"https:\/\/www.galde.eu\/wp-content\/uploads\/2014\/12\/Castellers.jpg\"><img loading=\"lazy\" decoding=\"async\" class=\" wp-image-3990 aligncenter colorbox-3985\" alt=\"Castellers\" src=\"https:\/\/www.galde.eu\/wp-content\/uploads\/2014\/12\/Castellers.jpg\" width=\"480\" height=\"319\" data-id=\"3990\" srcset=\"https:\/\/www.galde.eu\/wp-content\/uploads\/2014\/12\/Castellers.jpg 800w, https:\/\/www.galde.eu\/wp-content\/uploads\/2014\/12\/Castellers-300x199.jpg 300w\" sizes=\"auto, (max-width: 480px) 100vw, 480px\" \/><\/a><\/p>\n<p><\/p>","protected":false},"excerpt":{"rendered":"<p>Xabier Zabaltza. (Galde o8, oto\u00f1o 2014). Estuve en Catalu\u00f1a el 9 de noviembre, d\u00eda en el que se celebr\u00f3 el llamado \u201cproceso participativo\u201d, suced\u00e1neo de la consulta prevista originalmente. Frente a lo afirmado por algunos medios, yo no percib\u00ed crispaci\u00f3n, ni miedo. Durante a\u00f1os no s\u00e9 prest\u00f3 la atenci\u00f3n que se deb\u00eda a Catalu\u00f1a, cuya [&hellip;]<\/p>\n","protected":false},"author":2,"featured_media":3986,"comment_status":"closed","ping_status":"closed","sticky":false,"template":"","format":"standard","meta":{"footnotes":""},"categories":[5],"tags":[],"class_list":["post-3985","post","type-post","status-publish","format-standard","has-post-thumbnail","hentry","category-politica","revista-galde-8"],"_links":{"self":[{"href":"https:\/\/www.galde.eu\/es\/wp-json\/wp\/v2\/posts\/3985","targetHints":{"allow":["GET"]}}],"collection":[{"href":"https:\/\/www.galde.eu\/es\/wp-json\/wp\/v2\/posts"}],"about":[{"href":"https:\/\/www.galde.eu\/es\/wp-json\/wp\/v2\/types\/post"}],"author":[{"embeddable":true,"href":"https:\/\/www.galde.eu\/es\/wp-json\/wp\/v2\/users\/2"}],"replies":[{"embeddable":true,"href":"https:\/\/www.galde.eu\/es\/wp-json\/wp\/v2\/comments?post=3985"}],"version-history":[{"count":1,"href":"https:\/\/www.galde.eu\/es\/wp-json\/wp\/v2\/posts\/3985\/revisions"}],"predecessor-version":[{"id":18960,"href":"https:\/\/www.galde.eu\/es\/wp-json\/wp\/v2\/posts\/3985\/revisions\/18960"}],"wp:featuredmedia":[{"embeddable":true,"href":"https:\/\/www.galde.eu\/es\/wp-json\/wp\/v2\/media\/3986"}],"wp:attachment":[{"href":"https:\/\/www.galde.eu\/es\/wp-json\/wp\/v2\/media?parent=3985"}],"wp:term":[{"taxonomy":"category","embeddable":true,"href":"https:\/\/www.galde.eu\/es\/wp-json\/wp\/v2\/categories?post=3985"},{"taxonomy":"post_tag","embeddable":true,"href":"https:\/\/www.galde.eu\/es\/wp-json\/wp\/v2\/tags?post=3985"}],"curies":[{"name":"wp","href":"https:\/\/api.w.org\/{rel}","templated":true}]}}