{"id":3108,"date":"2014-07-22T20:00:46","date_gmt":"2014-07-22T18:00:46","guid":{"rendered":"https:\/\/www.galde.eu\/?p=3108"},"modified":"2025-10-23T18:19:24","modified_gmt":"2025-10-23T16:19:24","slug":"numero-06-de-galde-%c2%b7sumario","status":"publish","type":"post","link":"https:\/\/www.galde.eu\/es\/numero-06-de-galde-%c2%b7sumario\/","title":{"rendered":"N\u00famero 06 de GALDE \u00b7sumario"},"content":{"rendered":"<p><\/p>\n<p style=\"text-align: center;\"><a href=\"https:\/\/www.galde.eu\/wp-content\/uploads\/2014\/06\/G06Port280X391giro1.jpg\"><img loading=\"lazy\" decoding=\"async\" class=\"aligncenter  wp-image-3359 colorbox-3108\" alt=\"01.pmd\" src=\"https:\/\/www.galde.eu\/wp-content\/uploads\/2014\/06\/G06Port280X391giro1.jpg\" width=\"262\" height=\"329\" data-id=\"3359\" srcset=\"https:\/\/www.galde.eu\/wp-content\/uploads\/2014\/06\/G06Port280X391giro1.jpg 436w, https:\/\/www.galde.eu\/wp-content\/uploads\/2014\/06\/G06Port280X391giro1-238x300.jpg 238w\" sizes=\"auto, (max-width: 262px) 100vw, 262px\" \/><\/a><\/p>\n<p><em><\/em><em>*<a href=\"http:\/\/issuu.com\/galde.aldizkaria\/docs\/galde06completo\" target=\"_blank\">Ver<\/a>\u00a0la revista Galde 06 completa en issuu.com.\u00a0<\/em><em><\/em><em><a href=\"https:\/\/www.galde.eu\/wp-content\/uploads\/2014\/09\/Galde06Completo.pdf\">Descarga <\/a>directa en pdf.<br \/>\n<\/em>*<a href=\"http:\/\/issuu.com\/galde.aldizkaria\/docs\/galde06dossier\" target=\"_blank\">Ver<\/a>\u00a0el Dossier 06 en issuu.com.\u00a0<a href=\"https:\/\/www.galde.eu\/wp-content\/uploads\/2014\/09\/Galde06Dossier.pdf\" target=\"_blank\">Descarga<\/a>\u00a0directa en pdf.<\/p>\n<p><strong>Revista Galde 06, udaberria-primavera\/2014.\u00a0<\/strong><\/p>\n<p><strong>aurkibidea sumario<\/strong><\/p>\n<div>\n<p><b>ELKARRIZKETA<\/b><\/p>\n<p>04. <a title=\"Entrevista a Yayo Herrero\" href=\"https:\/\/www.galde.eu\/entrevista-a-yayo-herrero\/\">Entrevista a Yayo Herrero<\/a>. <a title=\"Manu Gonzalez\" href=\"https:\/\/www.galde.eu\/autores\/manu-gonzalez\/\">Manu Gonz\u00e1lez<\/a><\/p>\n<p><b>BEGIRADAK<\/b><\/p>\n<p>08. <a title=\"\u00bfPodemos? Al menos, deseamos poder\u2026\" href=\"https:\/\/www.galde.eu\/podemos-al-menos-deseamos-poder\/\">\u00bfPodemos? Al menos deseamos poder&#8230;<\/a> <a title=\"Imanol Zubero\" href=\"https:\/\/www.galde.eu\/autores\/imanol-zubero\/\">Imanol Zubero<\/a><\/p>\n<p>12. <a title=\"\u201cNo existe\u201d\" href=\"https:\/\/www.galde.eu\/no-existe\/\">Tortura. \u00abNo existe\u00bb<\/a>. <a title=\"Sabino Ormazabal\" href=\"https:\/\/www.galde.eu\/autores\/sabino-ormazabal\/\">Sabino Ormazabal Elola<\/a><\/p>\n<p>14. <a title=\"Mayor\u00eda silenciosa bajo amenaza de multa\" href=\"https:\/\/www.galde.eu\/mayoria-silenciosa-bajo-amenaza-de-multa\/\">Mayor\u00eda silenciosa bajo amenaza<\/a>. <a title=\"Patricia Goicoechea\" href=\"https:\/\/www.galde.eu\/autores\/patricia-goicoechea\/\">Patricia Goikoetxea<\/a><\/p>\n<p>16. <a title=\"El derecho a la resistencia en un estado formalmente democr\u00e1tico\" href=\"https:\/\/www.galde.eu\/el-derecho-a-la-resistencia-en-un-estado-formalmente-democratico\/\">Derecho a la resistencia<\/a>. <a title=\"Endika Zulueta\" href=\"https:\/\/www.galde.eu\/autores\/endika-zulueta\/\">Endika Zulueta<\/a><\/p>\n<p>19. <a title=\"Marchas de la Dignidad: 22M\" href=\"https:\/\/www.galde.eu\/marchas-de-la-dignidad-22m\/\">22-M Marcha de la Dignidad<\/a>. <a title=\"Isa Garc\u00eda Dur\u00e1n\" href=\"https:\/\/www.galde.eu\/autores\/isa-garcia-duran\/\">Isa Garc\u00eda Dur\u00e1n<\/a><\/p>\n<p>20. <a title=\"Ibiltari baten egunkaritik. Singular, plural: Patria, patrias\" href=\"https:\/\/www.galde.eu\/ibiltari-baten-egunkaritik-singular-plural-patria-patrias\/\">Ibiltari baten egunkaritik. Singular, plural: Patria, patrias<\/a>. <a title=\"Lourdes O\u00f1ederra\" href=\"https:\/\/www.galde.eu\/autores\/lourdes-onederra\/\">Lourdes O\u00f1ederra<\/a><\/p>\n<p><strong>DOSSIER Galde 06\u00a0<\/strong>&#8211; <strong>Naciones, soberan\u00edas y derechos: viejos y nuevos debates. <\/strong>(<a href=\"http:\/\/issuu.com\/galde.aldizkaria\/docs\/galde06dossier\" target=\"_blank\">Ver<\/a> el Dossier 06 en issuu.com.\u00a0<a href=\"https:\/\/www.galde.eu\/wp-content\/uploads\/2014\/09\/Galde06Dossier.pdf\" target=\"_blank\">Descarga<\/a> directa en pdf)<\/p>\n<p>21. <a title=\"Introducci\u00f3n al Dossier \u201cSobre naciones, soberan\u00edas y derechos: viejos y nuevos debates\u201d\" href=\"https:\/\/www.galde.eu\/introduccion-al-dossier-sobre-naciones-soberanias-y-derechos-viejos-y-nuevos-debates\/\">Introducci\u00f3n al Dossier: Naciones, soberan\u00edas y derechos: viejos y nuevos debates<\/a>.<\/p>\n<p>22. <a title=\"Amontonamiento de problemas\" href=\"https:\/\/www.galde.eu\/amontonamiento-de-problemas\/\">Amontonamiento de problemas<\/a>. <a title=\"Javier Villanueva\" href=\"https:\/\/www.galde.eu\/autores\/javier-villanueva\/\">Javier Villanueva<\/a><\/p>\n<p>24. <a title=\"Entrevista a Jos\u00e9 Ignacio Lacasta Zabalza\" href=\"https:\/\/www.galde.eu\/entrevista-a-jose-ignacio-lacasta-zabalza\/\">Entrevista a Jos\u00e9 Ignacio Lacasta Zabalza<\/a>. <a title=\"Antonio Dupl\u00e1\" href=\"https:\/\/www.galde.eu\/autores\/antonio-dupla\/\">Antonio Dupl\u00e1<\/a>\u00a0y <a title=\"Javier Villanueva\" href=\"https:\/\/www.galde.eu\/autores\/javier-villanueva\/\">Javier Villanueva<\/a><\/p>\n<p>26. <a title=\"Ha llegado la hora de sociedad civil catalana\" href=\"https:\/\/www.galde.eu\/ha-llegado-la-hora-de-sociedad-civil-catalana\/\">La hora de la sociedad civil catalana<\/a>. <a title=\"Joaquim Coll\" href=\"https:\/\/www.galde.eu\/autores\/joaquim-coll\/\">Joaquim Coll<\/a><\/p>\n<p>28. <a title=\"Kataluniako prozesuaren euskal ikuspegia\" href=\"https:\/\/www.galde.eu\/kataluniako-prozesuaren-euskal-ikuspegia\/\">Kataluniako prozesuaren euskal ikuspegia<\/a>. <a title=\"Gorka Knorr\" href=\"https:\/\/www.galde.eu\/autores\/gorka-knorr\/\">Gorka Knorr<\/a><\/p>\n<p>30. <a title=\"Una generaci\u00f3n de catalanes\" href=\"https:\/\/www.galde.eu\/una-generacion-de-catalanes\/\" target=\"_blank\">Una generaci\u00f3n de catalanes<\/a>. <a title=\"Laura Freixas\" href=\"https:\/\/www.galde.eu\/autores\/laura-freixas\/\" target=\"_blank\">Laura Freixas<\/a><\/p>\n<p>32. <a title=\"La autodeterminaci\u00f3n: una revisi\u00f3n\" href=\"https:\/\/www.galde.eu\/la-autodeterminacion-una-revision\/\" target=\"_blank\">La autodeterminaci\u00f3n: una revisi\u00f3n<\/a>. <a title=\"Xabier Etxeberria Mauleon\" href=\"https:\/\/www.galde.eu\/autores\/xabier-etxeberria-mauleon\/\" target=\"_blank\">Xabier Etxeberria Mauleon<\/a><\/p>\n<p>36. <a title=\"Un modelo \u2026 \u00bfImposible?\" href=\"https:\/\/www.galde.eu\/un-modelo-imposible\/\" target=\"_blank\">Un modelo&#8230; \u00bfimposible?<\/a> <a title=\"Jos\u00e9 Mar\u00eda Ruiz Soroa\" href=\"https:\/\/www.galde.eu\/autores\/jose-maria-ruiz-soroa\/\" target=\"_blank\">Jos\u00e9 Mar\u00eda Ru\u00edz Soroa<\/a><\/p>\n<p>37. <a title=\"\u00bfDerecho a decidir?\" href=\"https:\/\/www.galde.eu\/derecho-a-decidir\/\" target=\"_blank\">\u00bfDerecho a decidir?<\/a> <a title=\"Alberto L\u00f3pez Basaguren\" href=\"https:\/\/www.galde.eu\/autores\/alberto-lopez-basaguren\/\" target=\"_blank\">Alberto L\u00f3pez Basaguren<\/a><\/p>\n<p>40. <a title=\"La soledad de dos en compa\u00f1\u00eda: Catalu\u00f1a y Espa\u00f1a\" href=\"https:\/\/www.galde.eu\/la-soledad-de-dos-en-compania-cataluna-y-espana\/\" target=\"_blank\">La soledad de dos en compa\u00f1\u00eda<\/a>.\u00a0<a title=\"Jos\u00e9 Mar\u00eda Portillo Vald\u00e9s\" href=\"https:\/\/www.galde.eu\/autores\/jose-maria-portillo-valdes\/\" target=\"_blank\">Jos\u00e9 Mar\u00eda Portillo Vald\u00e9s<\/a><\/p>\n<p>42. <a title=\"El huevo bastardo: el nacionalismo y la izquierda\" href=\"https:\/\/www.galde.eu\/el-huevo-bastardo-el-nacionalismo-y-la-izquierda\/\" target=\"_blank\">El huevo bastardo; el nacionalismo y la izquierda<\/a>. <a title=\"Mart\u00edn Alonso\" href=\"https:\/\/www.galde.eu\/autores\/martin-alonso-2\/\" target=\"_blank\">Mart\u00edn Alonso<\/a><\/p>\n<p>45. <a title=\"Libros para el dossier Galde 06\" href=\"https:\/\/www.galde.eu\/libros-para-el-dossier-galde-06\/\">Libros para el dossier<\/a>.<\/p>\n<p>\u00b7\u00a0<a title=\"Permanent Link to Erabakitzeko eskubidea, EBk bideratu beharreko auzia\" href=\"https:\/\/www.galde.eu\/erabakitzeko-eskubidea-ebk-bideratu-beharreko-auzia\/\" rel=\"bookmark\">Erabakitzeko eskubidea, EBk bideratu beharreko auzia<\/a>.\u00a0<a title=\"Inaki Irazabalbeitia\" href=\"https:\/\/www.galde.eu\/autores\/inaki-irazabalbeitia-fernandez\/\">Inaki Irazabalbeitia<\/a><\/p>\n<p><b>MUNDUAN ZEHAR &#8211;\u00a0 \u00a0INTERNATIONAL<\/b><\/p>\n<p>46. <a title=\"Venezuela: 16 claves para entender la situaci\u00f3n\" href=\"https:\/\/www.galde.eu\/venezuela-16-claves-para-entender-la-situacion\/\">Venezuela: 16 clave para entender la situaci\u00f3n de Venezuela<\/a>. <a title=\"Rafael Uzc\u00e1tegui\" href=\"https:\/\/www.galde.eu\/autores\/rafael-uzcategui\/\">Rafael Uzc\u00e1tegui<\/a><\/p>\n<p>48. <a title=\"\u00bfQu\u00e9 es la campa\u00f1a de BDS contra Israel y por qu\u00e9 est\u00e1 funcionando?\" href=\"https:\/\/www.galde.eu\/que-es-la-campana-de-bds-contra-israel-y-por-que-esta-funcionando\/\">Palestina-Israel. \u00bfQu\u00e9 es la campa\u00f1a de BDS?<\/a> <a title=\"Aitor Hern\u00e1ndez Carr\" href=\"https:\/\/www.galde.eu\/autores\/aitor-hernandez-carr\/\">Aitor Hern\u00e1ndez<\/a> &#8211; <a title=\"Marcel Masferrer Pascual\" href=\"https:\/\/www.galde.eu\/autores\/marcel-masferrer-pascual\/\">Marcel Masferrer<\/a><\/p>\n<p>51. <a href=\"ockhamen-labana-ala-tutatis\">Ockhamen labana: Ala Tutatis<\/a>! <a title=\"Inaki Irazabalbeitia\" href=\"https:\/\/www.galde.eu\/autores\/inaki-irazabalbeitia-fernandez\/\">Inaki Irazabalbeitia<\/a><\/p>\n<p><b>IKUSMIRA<\/b><\/p>\n<p>52. <a title=\"\u201cJAZZ for TWO\u201d, Jos\u00e9 Horna\" href=\"https:\/\/www.galde.eu\/jazz-for-two-jose-horna\/\">ArgazkilariaK. \u00abJAZZ for TWO\u00bb<\/a>. <a href=\"https:\/\/www.galde.eu\/autores\/jose-horna\/\">Jos\u00e9 Horna<\/a><\/p>\n<p><b>KULTURA<\/b><\/p>\n<p>54. <a title=\"Donostia 2016, una txalupa en el epicentro de la tormenta\" href=\"https:\/\/www.galde.eu\/donostia-2016-una-txalupa-en-el-epicentro-de-la-tormenta\/\">Donostia 2016, una txalupa en el epicentro de la tormenta<\/a>. <a title=\"Santiago Burutxaga\" href=\"https:\/\/www.galde.eu\/autores\/santiago-burutxaga\/\">Santiago Burutxaga<\/a><\/p>\n<p>56. <a title=\"El periscopio. Verano en Macondo\" href=\"https:\/\/www.galde.eu\/el-periscopio-verano-en-macondo\/\">Periskopioa. Verano en Macondo<\/a>. <a title=\"Jas\u00f3n &amp; Argonautas\" href=\"https:\/\/www.galde.eu\/autores\/jason-argonautas\/\">Jason &amp; Argonautas<\/a><\/p>\n<p>58. <a title=\"\u201cOcho apellidos vascos\u201d: claves psicosociales para el an\u00e1lisis de su \u00e9xito\" href=\"https:\/\/www.galde.eu\/ocho-apellidos-vascos-claves-psicosociales-para-el-analisis-de-su-exito\/\">Claves de \u00abOcho apellidos vascos\u00bb<\/a>. <a title=\"Jes\u00fas L. Meg\u00edas\" href=\"https:\/\/www.galde.eu\/autores\/jesus-l-megias\/\">Jes\u00fas L. Meg\u00eda<\/a>s, <a title=\"Miguel Moya\" href=\"https:\/\/www.galde.eu\/autores\/miguel-moya\/\">Miguel Moya<\/a><\/p>\n<p>60. <a title=\"La Soledad de Am\u00e9rica Latina\" href=\"https:\/\/www.galde.eu\/la-soledad-de-america-latina\/\">La soledad de Am\u00e9rica Latina<\/a>. Gabriel Garc\u00eda M\u00e1rquez<\/p>\n<p>62. Dicen. SOS Arrazakeria, Sabi\u00f1e Zurutuza, Oliver Seitz<\/p>\n<p>63. <a title=\"Literaturaren irakaskuntza eta Zeitgeista\" href=\"https:\/\/www.galde.eu\/literaturaren-irakaskuntza-eta-zeitgeista\/\">Literaturaren irakaskuntza eta Zeitgeita<\/a>. <a title=\"Iban Zaldua\" href=\"https:\/\/www.galde.eu\/autores\/iban-zaldua-gonzalez\/\">Iban Zaldua<\/a><\/p>\n<p><b>RESE\u00d1A<\/b><\/p>\n<p>62. <a title=\"Una obra importante\" href=\"https:\/\/www.galde.eu\/una-obra-importante\/\">Libro. <em>Memoria colectiva, pluralismo y participaci\u00f3n democr\u00e1tica<\/em><\/a>\u00a0de <a title=\"Jos\u00e9 Ignacio Lacasta Zabalza\" href=\"https:\/\/www.galde.eu\/jose-ignacio-lacasta-zabalza\/\">J.I. Lacasta Zabalza<\/a>. <a title=\"Antonio Dupl\u00e1\" href=\"https:\/\/www.galde.eu\/autores\/antonio-dupla\/\">Antonio Dupl\u00e1<\/a><\/p>\n<p>62. <a title=\"Pasado, memorias: tres pel\u00edculas recientes\" href=\"https:\/\/www.galde.eu\/pasado-memorias-tres-peliculas-recientes\/\">Pasado, memorias: tres pel\u00edculas\u00a0recientes<\/a>. <a title=\"Soledad Fr\u00edas\" href=\"https:\/\/www.galde.eu\/autores\/soledad-frias\/\">Soledad Fr\u00edas<\/a><\/p>\n<p><b>HAU GENDE HAU<\/b><\/p>\n<p>66. <a title=\"El pl\u00e1tano \u2018boomerang\u2019\" href=\"https:\/\/www.galde.eu\/el-platano-boomerang\/\">El platano \u00abboomerang\u00bb<\/a>. <a title=\"Enrique Bethencourt\" href=\"https:\/\/www.galde.eu\/autores\/enrique-bethencourt\/\">Enrique Bethencourt<\/a><\/p>\n<p>&#8212;&#8212;&#8212;&#8212;&#8212;&#8212;&#8211;<\/p>\n<p><strong>Editorial (Galde 06<\/strong><strong>, udaberria-primavera\/2014<\/strong>)<\/p>\n<p>El n\u00famero 5 de Galde sali\u00f3 a la luz hace unos tres meses, siendo rey Juan Carlos I. El n\u00famero 6 sale a comienzos del verano de 2014, con un nuevo rey, Felipe VI.\u00a0 Ciertamente el mundo no se tambalea por ello y desde luego, este hecho no afecta a la vida cotidiana de casi nadie. Sin embargo, no deja de tener su relevancia pol\u00edtica y constitucional, pues nadie podr\u00e1 negar que este relevo, brusco y precipitado, tiene que ver con el desgaste, no ya de la salud del anterior rey, que tambi\u00e9n, sino de la instituci\u00f3n mon\u00e1rquica como tal, aquejada en los \u00faltimos a\u00f1os de una in\u00e9dita p\u00e9rdida de popularidad, agudizada por factores como el caso Urdangar\u00edn o las amistades y aficiones peligrosas del Borb\u00f3n. Si la monarqu\u00eda ha sido y es\u00a0 uno de los pilares fundamentales de la estabilidad del sistema democr\u00e1tico espa\u00f1ol, como gustan decir los adalides del actual ordenamiento pol\u00edtico y constitucional, presuntamente intocable, es evidente que el descontento popular y la desafecci\u00f3n hacia la clase pol\u00edtica afectan ahora tambi\u00e9n a la instituci\u00f3n mon\u00e1rquica. Y en buena l\u00f3gica, se extienden las voces que reclaman un \u00abderecho a decidir\u00bb sobre la jefatura del Estado, sobre si monarqu\u00eda o rep\u00fablica, algo que parece justo y razonable, independientemente de cu\u00e1l pudiera ser el resultado de un hipot\u00e9tico refer\u00e9ndum al respecto. Pero s\u00ed, en cualquier caso, el sistema como tal no est\u00e1 en crisis ni en descomposici\u00f3n, como algunas voces agoreras han anunciado, s\u00ed se encuentra en estado cr\u00edtico de dif\u00edcil soluci\u00f3n el llamado \u00abEstado de las autonom\u00edas\u00bb. En consonancia con ello, dedicamos el dossier de este Galde al problema de los procesos soberanistas en curso, del derecho a decidir, de la autodeterminaci\u00f3n, de esa construcci\u00f3n nacional pendiente en Espa\u00f1a, de problem\u00e1tico futuro. Y junto al dossier, las secciones y firmas habituales.\u00a0Literatura (\u00bfde evasi\u00f3n?) para el verano.<\/p>\n<p>Ondo izan!<\/p>\n<\/div>\n<p><\/p>","protected":false},"excerpt":{"rendered":"<p>Galde 06, udaberria-primavera\/2014. Incluye el Dossier: \u00abNaciones, soberan\u00edas y derechos: viejos y nuevos debates\u00bb. El n\u00famero 6 sale a comienzos del verano de 2014, con un nuevo rey, Felipe VI. Este hecho no afecta a la vida cotidiana de casi nadie, pero no se podr\u00e1 negar que este relevo, brusco y precipitado, tiene que ver [&hellip;]<\/p>\n","protected":false},"author":2,"featured_media":3111,"comment_status":"closed","ping_status":"closed","sticky":false,"template":"","format":"standard","meta":{"footnotes":""},"categories":[61,60],"tags":[],"class_list":["post-3108","post","type-post","status-publish","format-standard","has-post-thumbnail","hentry","category-indicedossier","category-indicerevistas","revista-galde-6"],"_links":{"self":[{"href":"https:\/\/www.galde.eu\/es\/wp-json\/wp\/v2\/posts\/3108","targetHints":{"allow":["GET"]}}],"collection":[{"href":"https:\/\/www.galde.eu\/es\/wp-json\/wp\/v2\/posts"}],"about":[{"href":"https:\/\/www.galde.eu\/es\/wp-json\/wp\/v2\/types\/post"}],"author":[{"embeddable":true,"href":"https:\/\/www.galde.eu\/es\/wp-json\/wp\/v2\/users\/2"}],"replies":[{"embeddable":true,"href":"https:\/\/www.galde.eu\/es\/wp-json\/wp\/v2\/comments?post=3108"}],"version-history":[{"count":1,"href":"https:\/\/www.galde.eu\/es\/wp-json\/wp\/v2\/posts\/3108\/revisions"}],"predecessor-version":[{"id":18644,"href":"https:\/\/www.galde.eu\/es\/wp-json\/wp\/v2\/posts\/3108\/revisions\/18644"}],"wp:featuredmedia":[{"embeddable":true,"href":"https:\/\/www.galde.eu\/es\/wp-json\/wp\/v2\/media\/3111"}],"wp:attachment":[{"href":"https:\/\/www.galde.eu\/es\/wp-json\/wp\/v2\/media?parent=3108"}],"wp:term":[{"taxonomy":"category","embeddable":true,"href":"https:\/\/www.galde.eu\/es\/wp-json\/wp\/v2\/categories?post=3108"},{"taxonomy":"post_tag","embeddable":true,"href":"https:\/\/www.galde.eu\/es\/wp-json\/wp\/v2\/tags?post=3108"}],"curies":[{"name":"wp","href":"https:\/\/api.w.org\/{rel}","templated":true}]}}