{"id":1806,"date":"2013-11-20T21:15:12","date_gmt":"2013-11-20T20:15:12","guid":{"rendered":"https:\/\/www.galde.eu\/?p=1806"},"modified":"2025-10-23T18:17:16","modified_gmt":"2025-10-23T16:17:16","slug":"galde-hemerotokia-dicen","status":"publish","type":"post","link":"https:\/\/www.galde.eu\/es\/galde-hemerotokia-dicen\/","title":{"rendered":"Galde  &#8211;   Hemerotokia  &#8211;  Dicen"},"content":{"rendered":"<p><b>Galde<i>\u00a0 &#8211;\u00a0\u00a0 Hemerotokia\u00a0 &#8211;\u00a0 Dicen<\/i><\/b><\/p>\n<p><strong>LEY WERT<\/strong>. Si solo deben estudiar los alumnos de 6,5, el 80% de nuestros estudiantes est\u00e1n desencaminados. Tambi\u00e9n, la mitad de las universidades est\u00e1n mal planteadas: deber\u00edan suspender a todos los alumnos que actualmente est\u00e1n entre el 5 y el 6,5. Y todos aquellos que han obtenido una carrera con una nota media inferior al 6,5 no son dignos del t\u00edtulo. El alcance de las declaraciones del ministro consiste en descalificar al 80% de los profesionales de este pa\u00eds.<\/p>\n<p align=\"right\">JULIO CARABA\u00d1A<\/p>\n<p>&nbsp;<\/p>\n<p><strong>DISCRIMINANDO<\/strong>. \u201cLo interesante es que la Iglesia cat\u00f3lica pone mucho empe\u00f1o en sostener que la homosexualidad no es un destino innato, sino una opci\u00f3n responsable, para as\u00ed poder condenarla como vicio. Al mostrar en este libro (*) c\u00f3mo y por qu\u00e9 hemos llegado a creer que la orientaci\u00f3n sexual constituye un rasgo estable, coincido con ellos en parte: hay quien se acuesta con personas de su propio sexo (o del otro) no porque su naturaleza le obligue a ello, sino porque le da la gana. Y lo encuentro estupendo. \u00a0Ante quien insiste en que le parece mal que dos hombres se besen, frente a la homofobia contumaz, el discurso racional ya poco puede, salvo oponerse a que se extienda a la legislaci\u00f3n o a que genere discriminaciones en la vida real de las personas.<\/p>\n<p align=\"right\">IBON ZUBIAUR<\/p>\n<p>* &#8216;Juno y Gan\u00edmedes&#8217;, Christoph Martin Wieland\u00a0 (Libro del siglo XVIII, traducido ahora por I.Z.)<\/p>\n<p>&nbsp;<\/p>\n<p><strong>EL MAL<\/strong>. Dec\u00edamos que la corrupci\u00f3n llegaba hasta el tu\u00e9tano. Nos equivocamos: la corrupci\u00f3n viene del tu\u00e9tano. Lo que vemos son las manifestaciones externas de ese jugo seminal que recorre las arterias del sistema, o lo que sea esto a lo que llamamos sistema. A la podredura del tu\u00e9tano se debe, por ejemplo, el hecho de que alguien pueda vender durante la campa\u00f1a un programa que no est\u00e1 en su \u00e1nimo cumplir. Esa descomposici\u00f3n explica que la ciudadan\u00eda, ni por s\u00ed misma ni a trav\u00e9s de sus representantes, haya logrado evitar el atropello. De ah\u00ed viene tambi\u00e9n la facilidad con la que se ha llevado a cabo una reforma laboral que deja sin derechos a la poblaci\u00f3n trabajadora. De ah\u00ed las pr\u00e1cticas empresariales que fomentan el miedo creciente y la insolidaridad galopante en el puesto de trabajo. De ah\u00ed el ataque impune a los colectivos m\u00e1s d\u00e9biles de la sociedad: los pobres, los ancianos, las mujeres, los ni\u00f1os, los enfermos\u2026 De ah\u00ed la privatizaci\u00f3n de lo que era propiedad de todos, el aumento de las personas millonarias y el crecimiento atroz de las desigualdades. Todo esto, que parece suceder fuera e ir hacia adentro, viene de dentro y se manifiesta afuera. Ese viaje desde la m\u00e9dula a la piel, ahora lo entendemos, ha tenido varios momentos decisivos, uno de ellos protagonizado por Zapatero, cuando, a\u00fan en el Gobierno, pact\u00f3 el traspaso de poderes con Rajoy y comenz\u00f3 a manosear las pensiones como un pederasta manosear\u00eda a un ni\u00f1o. El ni\u00f1o est\u00e1 servido y el manoseo contin\u00faa, ahora sin esc\u00e1ndalo apenas. No nos enfanguemos en los s\u00edntomas (sobresueldos, comisiones, cuentas suizas\u2026). Todo ello sucede porque hemos alumbrado un monstruo. La justicia est\u00e1 de paso (B\u00e1rcenas acabar\u00e1, como Mario Conde, siendo una estrella de la tele). El mal, en cambio, ha venido para quedarse.<\/p>\n<p align=\"right\">JUAN JOS\u00c9 MILL\u00c1S<\/p>\n<p>&nbsp;<\/p>\n<p><b>\u2018Carreras hacia atr\u00e1s\u2019 El 91%, a favor de la celebraci\u00f3n de los Juegos Ol\u00edmpicos 2020 en Madrid. \u00bfS\u00f3lo el 91%?<\/b> Se puede estar a favor o en contra, <b>hay argumentos para el debate en <i>ambos bandos<\/i><\/b> sobre impacto econ\u00f3mico, <b>mejora o no del empleo<\/b>, incremento del turismo, <b>efectos urban\u00edsticos positivos o perversos<\/b>, desv\u00edo de inversiones de unos territorios a otros, etc\u00e9tera. Todo menos soltar los datos de una presunta encuesta <b>que no se cree nadie m\u00ednimamente sensato<\/b> y que se asemeja m\u00e1s a los resultados de los refer\u00e9ndum franquistas o de los congresos a la b\u00falgara. En la manipulaci\u00f3n se les fue, una vez m\u00e1s, la mano. Al margen, claro est\u00e1, dejo la cuesti\u00f3n de la mayor o menor confianza que puede generar la gesti\u00f3n de semejante evento por parte de los que tanto est\u00e1n haciendo para <b>cargarse la Educaci\u00f3n, la Sanidad o la Dependencia en la Comunidad de Madrid<\/b>. Lo que, tras las contrastada experiencia adquirida, <b>puede llevar a implantar como modalidad ol\u00edmpica novedosa las \u2018carreras hacia atr\u00e1s\u2019.<\/b><\/p>\n<p>&nbsp;<\/p>","protected":false},"excerpt":{"rendered":"<p>Galde\u00a0 &#8211;\u00a0\u00a0 Hemerotokia\u00a0 &#8211;\u00a0 Dicen LEY WERT. Si solo deben estudiar los alumnos de 6,5, el 80% de nuestros estudiantes est\u00e1n desencaminados. Tambi\u00e9n, la mitad de las universidades est\u00e1n mal planteadas: deber\u00edan suspender a todos los alumnos que actualmente est\u00e1n entre el 5 y el 6,5. Y todos aquellos que han obtenido una carrera con [&hellip;]<\/p>\n","protected":false},"author":2,"featured_media":0,"comment_status":"closed","ping_status":"closed","sticky":false,"template":"","format":"standard","meta":{"footnotes":""},"categories":[12],"tags":[],"class_list":["post-1806","post","type-post","status-publish","format-standard","hentry","category-miradas","revista-galde-3"],"_links":{"self":[{"href":"https:\/\/www.galde.eu\/es\/wp-json\/wp\/v2\/posts\/1806","targetHints":{"allow":["GET"]}}],"collection":[{"href":"https:\/\/www.galde.eu\/es\/wp-json\/wp\/v2\/posts"}],"about":[{"href":"https:\/\/www.galde.eu\/es\/wp-json\/wp\/v2\/types\/post"}],"author":[{"embeddable":true,"href":"https:\/\/www.galde.eu\/es\/wp-json\/wp\/v2\/users\/2"}],"replies":[{"embeddable":true,"href":"https:\/\/www.galde.eu\/es\/wp-json\/wp\/v2\/comments?post=1806"}],"version-history":[{"count":1,"href":"https:\/\/www.galde.eu\/es\/wp-json\/wp\/v2\/posts\/1806\/revisions"}],"predecessor-version":[{"id":18744,"href":"https:\/\/www.galde.eu\/es\/wp-json\/wp\/v2\/posts\/1806\/revisions\/18744"}],"wp:attachment":[{"href":"https:\/\/www.galde.eu\/es\/wp-json\/wp\/v2\/media?parent=1806"}],"wp:term":[{"taxonomy":"category","embeddable":true,"href":"https:\/\/www.galde.eu\/es\/wp-json\/wp\/v2\/categories?post=1806"},{"taxonomy":"post_tag","embeddable":true,"href":"https:\/\/www.galde.eu\/es\/wp-json\/wp\/v2\/tags?post=1806"}],"curies":[{"name":"wp","href":"https:\/\/api.w.org\/{rel}","templated":true}]}}