{"id":16110,"date":"2023-06-28T16:00:26","date_gmt":"2023-06-28T14:00:26","guid":{"rendered":"https:\/\/www.galde.eu\/?p=16110"},"modified":"2025-10-22T00:04:32","modified_gmt":"2025-10-21T22:04:32","slug":"numero-41-galde-%c2%b7sumario","status":"publish","type":"post","link":"https:\/\/www.galde.eu\/es\/numero-41-galde-%c2%b7sumario\/","title":{"rendered":"N\u00famero 41 de GALDE \u00b7sumario"},"content":{"rendered":"<p><a href=\"https:\/\/www.galde.eu\/wp-content\/uploads\/2023\/06\/Galde41-Portada-580.jpg\"><img loading=\"lazy\" decoding=\"async\" class=\"aligncenter wp-image-16117 size-medium colorbox-16110\" src=\"https:\/\/www.galde.eu\/wp-content\/uploads\/2023\/06\/Galde41-Portada-580-209x300.jpg\" alt=\"\" width=\"209\" height=\"300\" data-id=\"15709\" srcset=\"https:\/\/www.galde.eu\/wp-content\/uploads\/2023\/06\/Galde41-Portada-580-209x300.jpg 209w, https:\/\/www.galde.eu\/wp-content\/uploads\/2023\/06\/Galde41-Portada-580.jpg 580w\" sizes=\"auto, (max-width: 209px) 100vw, 209px\" \/><\/a><\/p>\n<div class=\"page\" title=\"Page 2\">\n<div class=\"layoutArea\">\n<div class=\"column\">\n<p><span class=\"s2\"><b>**<\/b><a href=\"https:\/\/drive.google.com\/file\/d\/1a-8iVUHFwnNlrfBbil6uaTH2SZIb9gBE\/view?usp=drive_link\" target=\"_blank\" rel=\"noopener\">Revista Galde 41 completa en pdf<\/a><br \/>\n**<a href=\"https:\/\/drive.google.com\/file\/d\/1B3RPURKfKDzkegWrcswdMpuxv0XqDPF0\/view?usp=drive_link\" target=\"_blank\" rel=\"noopener\">Dossier Galde 41 en pdf: <strong>Izquierda y violencia<\/strong><\/a><br \/>\n<\/span><span class=\"s2\"><b>**<\/b><a href=\"https:\/\/drive.google.com\/open?id=0B-6NvzniCy2GfmtoS3dPQWFSY2lfczROZEJaN0xsX3NzbEZFeW00cmtUNlhXMUxaUXUtdlk\" target=\"_blank\" rel=\"noopener noreferrer\"><span class=\"s5\">Archivo de todas las revistas de Galde en pdf<\/span><\/a><\/span><\/p>\n<div class=\"page\" title=\"Page 1\">\n<div class=\"layoutArea\">\n<div class=\"column\">\n<div class=\"page\" title=\"Page 2\">\n<div class=\"layoutArea\">\n<div class=\"column\"><\/div>\n<\/div>\n<\/div>\n<\/div>\n<\/div>\n<\/div>\n<p class=\"p1\"><span style=\"color: #ff0000;\"><strong>Aurkibidea &#8211; Sumario Galde 41, Uda 2023 Verano<\/strong><\/span><\/p>\n<p class=\"p1\"><span style=\"color: #ff0000;\"><b>ELKARRIZKETA <\/b><\/span><\/p>\n<p class=\"p2\"><a href=\"https:\/\/www.galde.eu\/entrevista-dora-maria-tellez-nicaragua\/\"><strong>Dora Mar\u00eda T\u00e9llez:<\/strong> <\/a><b><a href=\"https:\/\/www.galde.eu\/entrevista-dora-maria-tellez-nicaragua\/\">\u00abNecesitamos la unidad y<\/a><br \/>\n<a href=\"https:\/\/www.galde.eu\/entrevista-dora-maria-tellez-nicaragua\/\">la solidaridad para abrir camino a la transici\u00f3n<\/a><br \/>\n<a href=\"https:\/\/www.galde.eu\/entrevista-dora-maria-tellez-nicaragua\/\">democr\u00e1tica en Nicaragua.\u00bb<\/a><br \/>\n<\/b><span style=\"color: #ff0000;\"><a href=\"CLARA\"><span class=\"s1\">Clara Murguialday<\/span><\/a> &#8230;<\/span> <strong>4<\/strong><\/p>\n<p class=\"p1\"><span style=\"color: #ff0000;\"><b>BEGIRADAK<\/b><\/span><b> <\/b><\/p>\n<p class=\"p2\"><a href=\"https:\/\/www.galde.eu\/con-luces-largas-contrarreforma-en-el-horizonte\/\"><strong>Con luces largas:<\/strong> <\/a><b><a href=\"https:\/\/www.galde.eu\/con-luces-largas-contrarreforma-en-el-horizonte\/\">Contrarreforma en el horizonte.<\/a><br \/>\n<\/b><span style=\"color: #ff0000;\"><a href=\"surio\"><span class=\"s1\">Alberto Surio <\/span><\/a>&#8230;<\/span> <strong>8<\/strong><\/p>\n<p class=\"p2\"><a href=\"https:\/\/www.galde.eu\/orio-mujer-asesinada-pueblo-herido\/\"><b>Orio: una mujer asesinada, un pueblo herido. <\/b><\/a><br \/>\n<span class=\"s1\" style=\"color: #ff0000;\"><a href=\"norma\">Norma V\u00e1zquez<\/a> &#8230;<\/span><b> 10 <\/b><\/p>\n<p class=\"p2\"><a href=\"https:\/\/www.galde.eu\/caso-vinicius-una-oportunidad-para-erradicar-el-odio-del-futbol\/\"><b>Caso Vinicius: una oportunidad para erradicar el odio del f\u00fatbol.<\/b><\/a><br \/>\n<span class=\"s1\" style=\"color: #ff0000;\"><a href=\"https:\/\/www.galde.eu\/autores\/raul-martinez-corcuera\/\">Ra\u00fal Mart\u00ednez-Corcuera<\/a> &#8230;<\/span> <strong>12<\/strong><\/p>\n<p class=\"p2\"><a href=\"https:\/\/www.galde.eu\/el-oscuro-limbo-legal-de-guantanamo\/\"><b>El oscuro limbo (legal) de Guant\u00e1namo. <\/b><\/a><br \/>\n<span class=\"s1\" style=\"color: #ff0000;\"><a href=\"https:\/\/www.galde.eu\/autores\/antonio-dupla\/\">Antonio Dupl\u00e1<\/a> &#8230;<\/span><b> 14 <\/b><\/p>\n<p class=\"p2\"><b><a href=\"https:\/\/www.galde.eu\/donana-un-problema-historico-y-un-conflicto-oportunista\/\">Do\u00f1ana. Un problema hist\u00f3rico y un conflicto oportunista.<\/a><br \/>\n<\/b><span style=\"color: #ff0000;\"><a href=\"https:\/\/www.galde.eu\/autores\/juan-romero-romero\/\">J<span class=\"s1\">uan Romero Romero <\/span><\/a>&#8230;<\/span> <strong>16<\/strong><\/p>\n<p class=\"p2\"><a href=\"https:\/\/www.galde.eu\/la-ficcion-del-proceso-de-paz-o-el-decadente-final-de-eta\/\"><b>La ficci\u00f3n del proceso de paz o el decadente final de ETA.<\/b><\/a><br \/>\n<span style=\"color: #ff0000;\"><a href=\"https:\/\/www.galde.eu\/autores\/joseba-eceolaza\/\">J<span class=\"s1\">oseba Eceolaza<\/span><\/a> &#8230;<\/span> <strong>18<\/strong><\/p>\n<p class=\"p2\"><a href=\"https:\/\/www.galde.eu\/ibiltari-baten-egunkaritik-zahartzearen-zailtasunez\/\"><strong>Ibiltari baten egunkaritik, <\/strong><\/a><b><a href=\"https:\/\/www.galde.eu\/ibiltari-baten-egunkaritik-zahartzearen-zailtasunez\/\">Zahartzearen zailtasunez.<\/a><br \/>\n<\/b><span style=\"color: #ff0000;\"><a href=\"https:\/\/www.galde.eu\/autores\/lourdes-onederra\/\"><span class=\"s1\">Lourdes O\u00f1ederra<\/span><\/a> &#8230;<\/span> <strong>20<\/strong><\/p>\n<p class=\"p1\"><a href=\"https:\/\/www.galde.eu\/galde-41-%c2%b7dossier-izquierda-y-violencia\/\"><span style=\"color: #ff0000;\"><b>DOSSIER Galde 41. Izquierda y violencia<\/b><\/span><\/a><span class=\"s2\"><span style=\"color: #ff0000;\"><b> <\/b>&#8230;<\/span> <strong>21 <\/strong><\/span><\/p>\n<p class=\"p2\"><b><a href=\"https:\/\/www.galde.eu\/entrevista-a-hugo-vezzetti-patrick-eser\/\">Entrevista a Hugo Vezzetti<\/a>.<br \/>\n<\/b><span style=\"color: #000000;\">Narrativas, responsabilidades, y la memoria justa ante pasados violentos.<\/span><b><br \/>\n<\/b><span style=\"color: #ff0000;\"><a href=\"https:\/\/www.galde.eu\/autores\/patrick-eser\/\"><span class=\"s1\">Patrick Eser<\/span><\/a> &#8230;<\/span> <strong>22<\/strong><\/p>\n<p class=\"p2\"><a href=\"https:\/\/www.galde.eu\/argentina-y-euskadi-debate-sobre-narrativas-del-pasado-violento\/\"><strong>Argentina y Euskadi.<\/strong><\/a><br \/>\n<strong>Debate sobre narrativas del pasado violento.<\/strong><br \/>\n<span style=\"color: #ff0000;\"><a href=\"https:\/\/www.galde.eu\/autores\/patrick-eser\/\"><span class=\"s1\">Patrick Eser<\/span><\/a> &#8230;<\/span> <strong>26<\/strong><\/p>\n<p class=\"p2\"><b><a href=\"https:\/\/www.galde.eu\/eta-y-sus-imitadores-historia-de-un-fracaso-sangriento\/\">ETA y sus imitadores,<\/a><br \/>\nhistoria de un fracaso sangriento.<br \/>\n<\/b><span style=\"color: #ff0000;\"><a href=\"https:\/\/www.galde.eu\/autores\/gaizka-fernandez-soldevilla\/\"><span class=\"s1\">Gaizka Fern\u00e1ndez Soldevilla<\/span><\/a> &#8230;<\/span> <strong>28<\/strong><\/p>\n<p class=\"p2\"><b><a href=\"https:\/\/www.galde.eu\/1968-cuando-eta-empezo-a-matar\/\">1968: cuando ETA empez\u00f3 a matar.<\/a><br \/>\n<\/b><span style=\"color: #ff0000;\"><a href=\"https:\/\/www.galde.eu\/autores\/eugenio-del-rio\/\"><span class=\"s1\">Eugenio del R\u00edo <\/span><\/a>&#8230;<\/span><b> 31<\/b><\/p>\n<p class=\"p2\"><b><a href=\"https:\/\/www.galde.eu\/violencia-revolucionaria-argentina\/\">Violencia revolucionaria en Argentina.<\/a><br \/>\n<\/b><span style=\"color: #ff0000;\"><a href=\"https:\/\/www.galde.eu\/autores\/vera-carnovale\/\"><span class=\"s1\">Vera Carnovale <\/span><\/a>&#8230;<\/span><b> 35<\/b><\/p>\n<p class=\"p1\"><span class=\"s2\"><a href=\"https:\/\/www.galde.eu\/armak-eta-iritzia\/\"><b>Armak eta iritzia. <\/b><\/a><br \/>\n<\/span><a href=\"https:\/\/www.galde.eu\/autores\/jose-manuel-bujanda-arizmendi\/\"><span style=\"color: #ff0000;\">Jos\u00e9 Manuel Bujanda Arizmendi <\/span><\/a><span class=\"s2\"><span style=\"color: #ff0000;\">&#8230;<\/span><b> 38 <\/b><\/span><\/p>\n<p class=\"p2\"><b><a href=\"https:\/\/www.galde.eu\/batzarre-ante-la-violencia-de-eta-una-mirada-desde-la-experiencia-personal\/\">Batzarre ante la violencia de ETA.<\/a><br \/>\nUna mirada desde la experiencia personal<br \/>\n<\/b><span style=\"color: #ff0000;\"><a href=\"https:\/\/www.galde.eu\/autores\/milagros-rubio\/\"><span class=\"s1\">Milagros Rubio <\/span><\/a>&#8230;<\/span> <strong>40<\/strong><\/p>\n<p class=\"p2\"><b>Violencia pol\u00edtica en Euskalherria<br \/>\n<\/b><span style=\"color: #ff0000;\"><span class=\"s1\">Mati Iturralde <\/span>&#8230;<\/span> <strong>42<\/strong><\/p>\n<p class=\"p2\"><b>Resistencia en femenino.<br \/>\nMujeres contra el terrorismo de ETA<br \/>\n<\/b><span style=\"color: #ff0000;\"><span class=\"s1\">Sara Hidalgo<\/span> &#8230;<\/span> <strong>44<\/strong><\/p>\n<p class=\"p2\"><b>Violencias y violencia: las v\u00edctimas. <\/b><br \/>\n<span style=\"color: #ff0000;\"><span class=\"s1\">Rosa Lluch Bramon <\/span>&#8230;<\/span> <b>46 <\/b><\/p>\n<p class=\"p2\"><span style=\"color: #ff0000;\"><span style=\"color: #000000;\"><b>Lecturas recomendadas. <\/b><\/span>&#8230;<\/span> <strong>48<\/strong><\/p>\n<p class=\"p1\"><span style=\"color: #ff0000;\"><b>MUNDUAN ZEHAR &#8211; INTERNACIONAL <\/b><\/span><\/p>\n<p class=\"p2\"><strong>Sud\u00e1n:<\/strong> <b>\u00bfHacia un nuevo estado<br \/>\n\u00abfallido\u00bb en el mundo \u00e1rabe?<br \/>\n<\/b><span style=\"color: #ff0000;\"><span class=\"s1\">Ignacio Gutierrez<\/span> &#8230;<\/span> <strong>49<\/strong><\/p>\n<p class=\"p2\"><b>Kosovo regresa a la agenda europea. <\/b><br \/>\n<span style=\"color: #ff0000;\"><span class=\"s1\">Juan Miguel Vicente<\/span> &#8230;<\/span><b> 52 <\/b><\/p>\n<p class=\"p2\"><strong>Italia:<\/strong> <b>estado de emergencia e inmigraci\u00f3n.<br \/>\n<\/b><span style=\"color: #ff0000;\"><span class=\"s1\">Sara Prestianni<\/span> &#8230;<\/span> <strong>54<\/strong><\/p>\n<p class=\"p1\"><span style=\"color: #ff0000;\"><b>IKUSMIRA<\/b><\/span><b> <\/b><\/p>\n<p class=\"p2\"><b>Matices y emociones fotogr\u00e1ficas. <\/b><br \/>\n<span style=\"color: #ff0000;\"><span class=\"s1\">Pedro P\u00e1rraga<\/span> &#8230;<\/span><b> 56 <\/b><\/p>\n<p class=\"p1\"><span style=\"color: #ff0000;\"><b>KULTURA<\/b><\/span><b> <\/b><\/p>\n<p class=\"p2\"><strong>Periskopioa:<\/strong> <b>Fin de singladura.<br \/>\n<\/b><span style=\"color: #ff0000;\"><span class=\"s1\">Jas\u00f3n &amp; Argonautas <\/span>&#8230;<\/span> <strong>58<\/strong><\/p>\n<p class=\"p2\"><strong>Entrevista:<\/strong> <b>Mar\u00eda Goiricelaya, directora de teatro<br \/>\ny dramaturga.<br \/>\n<\/b><span style=\"color: #ff0000;\"><span class=\"s1\">Santiago Burutxaga<\/span> ..<\/span>. <strong>60<\/strong><\/p>\n<p class=\"p2\"><strong>Ockhamen labana:<\/strong> <b>Ingurugiroaren<br \/>\nNazioarteko Eguna aitzakiatzat hartuz.<br \/>\n<\/b><span style=\"color: #ff0000;\"><span class=\"s1\">Inaki Irazabalbeitia<\/span> &#8230;<\/span> <strong>62<\/strong><\/p>\n<p class=\"p2\"><strong>Zinema:<\/strong> <b>Modelo a imitar.<br \/>\n<\/b><span style=\"color: #ff0000;\"><span class=\"s1\">Bego\u00f1a Muruaga<\/span> &#8230;<\/span> <strong>63<\/strong><\/p>\n<p class=\"p2\"><span style=\"color: #000000;\"><strong>Entrevista: <\/strong><\/span><b>Olatz Urkia. <\/b><strong>(El buho de Rabel).<\/strong><br \/>\n<span style=\"color: #ff0000;\"><span class=\"s1\">Anaitze Agirre Larreta<\/span> &#8230;<\/span> <strong>64<\/strong><\/p>\n<p class=\"p2\"><strong>Rese\u00f1a:<\/strong> <b>\u00abSobre el olvidado terrorismo vasco\u00bb,<br \/>\n<\/b><strong>de Ra\u00fal L\u00f3pez Romo.<\/strong><br \/>\n<span style=\"color: #ff0000;\"><span class=\"s1\">Antonio Dupl\u00e1<\/span> &#8230;<\/span> <strong>66<\/strong><\/p>\n<p class=\"p1\"><strong><span class=\"s2\">Dicen: <\/span><\/strong><span style=\"color: #ff0000;\">Sabi\u00f1e Zurutuza, Ada Colau,<\/span><br \/>\n<span style=\"color: #ff0000;\">Edgar Morin, Manuel Castells<\/span><span class=\"s2\"><span style=\"color: #ff0000;\"> &#8230;<\/span> <strong>67<\/strong><\/span><\/p>\n<\/div>\n<\/div>\n<\/div>\n<p>\u00b7<\/p>\n<p><strong>Galde 41.<\/strong><\/p>\n<p>Todav\u00eda con el doble sobresalto de la abrumadora victoria de la derecha y la ultraderecha espa\u00f1olas en las recientes elecciones municipales y para las diputaciones (el \u00e1mbito vasco con su especificidad propia) y, casi inmediatamente, el de la nueva convocatoria electoral en plena temporada estival (de eso se habla tambi\u00e9n), <em>Galde<\/em> sale de nuevo a la calle, y son ya m\u00e1s de cuatro d\u00e9cadas. Fieles a nuestra estructura habitual, el n\u00famero se abre con una particularmente interesante entrevista a Dora Mar\u00eda T\u00e9llez, protagonista destacada de aquella revoluci\u00f3n sandinista que tantas esperanzas concit\u00f3 en su d\u00eda y protagonista tambi\u00e9n ahora frente a la que denomina dictadura din\u00e1stica familiar del t\u00e1ndem Ortega-Murillo.<\/p>\n<p>Entre los art\u00edculos de la secci\u00f3n \u00abBegiradak\u00bb podemos leer sobre el reciente asesinato machista de Orio, el limbo legal de Guat\u00e1namo, que sigue ah\u00ed aunque parezca olvidado, la crisis de Do\u00f1ana o el caso Vinicius. Se habla tambi\u00e9n del final de ETA y, en cierta medida, ese tema nos puede lleva al dosier, en este caso sobre el tema \u00abIzquierda y violencia\u00bb, que plantea un acercamiento a las experiencias hist\u00f3ricas de la violencia pol\u00edtica a partir de diversas reflexiones surgidas en el \u00e1mbito vasco y en Argentina. La entrevista a Hugo Vezzetti y los diversos art\u00edculos ofrecen una rica panor\u00e1mica de temas e ideas sobre un problema que resulta imperioso abordar en sociedades que han sufrido las consecuencias de la violencia pol\u00edtica y el terrorismo. El debate no se agota aqu\u00ed en absoluto, m\u00e1s bien las aportaciones que se presentan no hacen sino enriquecerlo y proponer nuevas perspectivas de an\u00e1lisis. En el \u00e1mbito internacional de nuevo se traen a colaci\u00f3n conflictos profundos en zonas que hab\u00edan desaparecido de la actualidad y que vuelven tristemente a ser noticia, como Sud\u00e1n y Kosovo. Y como una referencia amenazadora de lo que puede suceder con el Gobierno espa\u00f1ol si derecha y ultraderecha vencen en julio, se analiza igualmente la pol\u00edtica de Meloni respecto a la inmigraci\u00f3n. Y no pod\u00edan faltar las luces largas, el caminante, Ockham, Ikusmira y, tristemente, por \u00faltima vez Jas\u00f3n y sus Argonautas. Esperamos que tras su prolongado viaje, puedan descansar en alguna tranquila playa y, por qu\u00e9 no, reponer fuerzas para nuevas singladuras&#8230;.<\/p>\n<p>Galderen hurrengo zenbakia ateratzen denean, udaren amaieran, jakingo dugu zer gertatu den uztaileko hauteskundeetan. Emaitzen ondorioa garrantzitsua izango da. Bitartean, goza dezagun aldizkariaren irakurketaz.<\/p>\n<p>Opor zoriontsuak!<\/p>\n<p>Irailean ikusiko dugu elkar.<\/p>","protected":false},"excerpt":{"rendered":"<p>Galde 41. Uda 2023 Verano.- Llega el verano y con \u00e9l el n\u00famero 41 de Galde sale de nuevo a la calle, y son ya m\u00e1s de cuatro d\u00e9cadas. El n\u00famero se abre con una interesante entrevista a Dora Mar\u00eda T\u00e9llez, protagonista destacada de aquella revoluci\u00f3n sandinista que tantas esperanzas concit\u00f3 en su d\u00eda y [&hellip;]<\/p>\n","protected":false},"author":2,"featured_media":16116,"comment_status":"closed","ping_status":"closed","sticky":false,"template":"","format":"standard","meta":{"footnotes":""},"categories":[61,60],"tags":[],"class_list":["post-16110","post","type-post","status-publish","format-standard","has-post-thumbnail","hentry","category-indicedossier","category-indicerevistas","revista-galde-n41"],"_links":{"self":[{"href":"https:\/\/www.galde.eu\/es\/wp-json\/wp\/v2\/posts\/16110","targetHints":{"allow":["GET"]}}],"collection":[{"href":"https:\/\/www.galde.eu\/es\/wp-json\/wp\/v2\/posts"}],"about":[{"href":"https:\/\/www.galde.eu\/es\/wp-json\/wp\/v2\/types\/post"}],"author":[{"embeddable":true,"href":"https:\/\/www.galde.eu\/es\/wp-json\/wp\/v2\/users\/2"}],"replies":[{"embeddable":true,"href":"https:\/\/www.galde.eu\/es\/wp-json\/wp\/v2\/comments?post=16110"}],"version-history":[{"count":13,"href":"https:\/\/www.galde.eu\/es\/wp-json\/wp\/v2\/posts\/16110\/revisions"}],"predecessor-version":[{"id":17667,"href":"https:\/\/www.galde.eu\/es\/wp-json\/wp\/v2\/posts\/16110\/revisions\/17667"}],"wp:featuredmedia":[{"embeddable":true,"href":"https:\/\/www.galde.eu\/es\/wp-json\/wp\/v2\/media\/16116"}],"wp:attachment":[{"href":"https:\/\/www.galde.eu\/es\/wp-json\/wp\/v2\/media?parent=16110"}],"wp:term":[{"taxonomy":"category","embeddable":true,"href":"https:\/\/www.galde.eu\/es\/wp-json\/wp\/v2\/categories?post=16110"},{"taxonomy":"post_tag","embeddable":true,"href":"https:\/\/www.galde.eu\/es\/wp-json\/wp\/v2\/tags?post=16110"}],"curies":[{"name":"wp","href":"https:\/\/api.w.org\/{rel}","templated":true}]}}