{"id":15935,"date":"2022-12-22T18:00:11","date_gmt":"2022-12-22T17:00:11","guid":{"rendered":"https:\/\/www.galde.eu\/?p=15935"},"modified":"2023-01-05T12:59:59","modified_gmt":"2023-01-05T11:59:59","slug":"internacional-italia-ha-pasado-lo-que-tenia-que-pasar","status":"publish","type":"post","link":"https:\/\/www.galde.eu\/es\/internacional-italia-ha-pasado-lo-que-tenia-que-pasar\/","title":{"rendered":"Internacional. Italia: Ha pasado lo que ten\u00eda que pasar"},"content":{"rendered":"<p><a href=\"https:\/\/www.galde.eu\/wp-content\/uploads\/2023\/01\/italystreetsflag2018.jpg\"><img loading=\"lazy\" decoding=\"async\" class=\"aligncenter size-full wp-image-15944 colorbox-15935\" src=\"https:\/\/www.galde.eu\/wp-content\/uploads\/2023\/01\/italystreetsflag2018.jpg\" alt=\"\" width=\"580\" height=\"290\" data-id=\"15944\" srcset=\"https:\/\/www.galde.eu\/wp-content\/uploads\/2023\/01\/italystreetsflag2018.jpg 580w, https:\/\/www.galde.eu\/wp-content\/uploads\/2023\/01\/italystreetsflag2018-300x150.jpg 300w\" sizes=\"auto, (max-width: 580px) 100vw, 580px\" \/><\/a><\/p>\n<p>Galde 39, negua 2023 invierno. Paola Lo Cascio, Lucia Patrizi.-<\/p>\n<p>Desde septiembre de este a\u00f1o, cuando Giorgia Meloni ha conseguido un resultado extraordinario en las \u00faltimas elecciones legislativas en Italia y ha convertido a su partido (Fratelli d\u2019Italia) en la fuerza pol\u00edtica mayoritaria del sistema pol\u00edtico italiano, accediendo a la presidencia del gobierno, muchos medios han considerado que se trataba de una noticia sorpresiva. R\u00edos de tinta en torno al hecho de que la tercera econom\u00eda m\u00e1s importante de la UE sea gobernada por un partido de extrema derecha. En realidad, mirando m\u00e1s de cerca ha pasado lo que ten\u00eda que pasar, por razones que ata\u00f1en a las din\u00e1micas generales, pero tambi\u00e9n por algunas espec\u00edficas del pa\u00eds transalpino.<\/p>\n<p>En las din\u00e1micas generales hay que contar con el auge de una extrema derecha que se manifiesta en diferentes lugares, con diferentes tradiciones pol\u00edticas y con diferentes lenguajes, pero que comparte al fin y al cabo una agenda de salida del tsunami que represent\u00f3 la quiebra del sistema neoliberal a partir de 2008 primero y la crisis pand\u00e9mica despu\u00e9s, a partir de un paradigma jugado en la reivindicaci\u00f3n de la identidad, el miedo a las sociedades abiertas y permeables al ensanchamiento de derechos, y sobre todo en la limitaci\u00f3n de una redistribuci\u00f3n de la riqueza que parece a todas luces inevitable. Por lo que se refiere a las din\u00e1micas espec\u00edficas, la cuesti\u00f3n es m\u00e1s compleja y tiene ra\u00edces muy antiguas.<\/p>\n<p>En primer lugar, hay que subrayar que la victoria de Meloni no llega de golpe: ya despu\u00e9s de las elecciones de 2018 Italia tuvo un gobierno de extrema derecha hegemonizado por la Liga de Matteo Salvini y con la contribuci\u00f3n de aquel OVNI pol\u00edtico que no dejan de ser los Cinco Estrellas. En su momento, los de Grillo, a\u00fan siendo el partido m\u00e1s votado, aceptaron el grueso de la agenda pol\u00edtica de Salvini (pi\u00e9nsese en las pol\u00edticas con respecto a las personas migradas), a cambio de colocar algunas de sus reivindicaciones, como por ejemplo la renta de ciudadan\u00eda, que cinco a\u00f1os despu\u00e9s constituye casi su \u00fanica identidad pol\u00edtica. Lo que cambi\u00f3 en estos \u00faltimos cuatro a\u00f1os es que ahora la hegemon\u00eda en la derecha ha pasado de la Liga al partido de la presidente Giorgia Meloni, en buena parte debido a que tras el naufragio del primer gobierno liderado por Giuseppe Conte (un abogado independiente querido en la presidencia justamente por los Cinco Estrellas), la soluci\u00f3n tecnocr\u00e1tica del gobierno de Mario Draghi -en el cual, aunque fuera de manera muy conflictiva la Liga particip\u00f3 (juntamente a los Cinco Estrellas, el Partido Democr\u00e1tico y Forza Italia)-, tuvo a Meloni como \u00fanica fuerza de fiscalizaci\u00f3n de la acci\u00f3n del ejecutivo.<\/p>\n<p>En segundo lugar, y aqu\u00ed se tiene que analizar un ciclo mucho m\u00e1s amplio, la posibilidad -o la viabilidad-, de que un partido heredero de la tradici\u00f3n postfascista (aunque como toda la nueva extrema derecha haya sabido aglutinar fuerzas m\u00e1s all\u00e1 de su per\u00edmetro tradicional), est\u00e1 en buena parte normalizado en Italia c\u00f3mo m\u00ednimo desde los a\u00f1os 90. Despu\u00e9s de la crisis de los partidos tradicionales eclosionada con los grandes procesos contra la corrupci\u00f3n, aquel fen\u00f3meno que se llam\u00f3 en las p\u00e1ginas de los diarios \u201cTangentopolis\u201d, ya hubo postfascistas en el gobierno. Hay que remontarse a 1993, cuando Berlusconi primero anunci\u00f3 su apoyo a la candidatura de Gianfranco Fini como alcalde de Roma. Fini era el secretario del Movimiento Social Italiano, el partido creado de las cenizas de la Republica de Sal\u00f3, el estado t\u00edtere de Hitler liderado por Mussolini despu\u00e9s de su ca\u00edda en 1943. Pocos meses despu\u00e9s, en las elecciones legislativas de 1994, el propio Berlusconi integr\u00f3 en su coalici\u00f3n al partido de Fini y finalmente formaron gobierno. Es bien cierto que pocos d\u00edas despu\u00e9s de la formaci\u00f3n de aquel ejecutivo hubo una enorme manifestaci\u00f3n antifascista en Mil\u00e1n. Sin embargo, y analizando todo lo que vino despu\u00e9s -Berlusconi volvi\u00f3 a gobernar con los postfascistas en diferentes ocasiones en los \u00faltimos veinte a\u00f1os-, esa manifestaci\u00f3n represent\u00f3 quiz\u00e1s el \u00faltimo acto del antifascismo \u201ccl\u00e1sico\u201d: el grueso de la sociedad italiana parec\u00eda haber digerido c\u00f3modamente la presencia de los herederos del fascismo dentro de las instituciones.<\/p>\n<p>En tercer lugar, hay que mirar a la evoluci\u00f3n que han tenido la izquierda y el centro-izquierda en el mismo per\u00edodo. Es bien cierto que Italia ha contado hist\u00f3ricamente con un partido comunista fuerte (el m\u00e1s poderoso de toda la Europa occidental), enraizado en la sociedad italiana, proclive a la apuesta institucional (ha gobernado much\u00edsimas regiones y ciudades desde despu\u00e9s de la guerra mundial) aunque fuera v\u00edctima de una marginaci\u00f3n dictada por los imperativos de la guerra fr\u00eda. Sin embargo, probablemente por eso -su abultada presencia e incluso hegemon\u00eda cultural, y, a la vez, las dificultades para llegar al gobierno-, sufri\u00f3 de manera muy particular los hechos de 1989 y sus reflejos en el sistema pol\u00edtico italiano. Salidos indemnes de los juicios de la corrupci\u00f3n, los herederos del partido comunista (en aquel momento ya Partito Democratico della Sinistra, PDS), en esas mismas elecciones de 1994 subestimaron el poder disruptivo de Berlusconi y de su capacidad de hablar a una parte significativa del pa\u00eds. Convencidos de que con la guerra fr\u00eda ya finiquitada y limpios de corrupci\u00f3n finalmente llegar\u00eda su turno de encabezar gobierno, no fue as\u00ed. Berlusconi gan\u00f3 las elecciones y las consecuencias de ese trauma en definitiva explican en parte la quiebra de ese espacio pol\u00edtico y las dificultades que tuvo -aunque consigui\u00f3 gobernar en diferentes ocasiones con una alianza con los cat\u00f3licos progresistas bajo el liderazgo de Romano Prodi-, para reconfigurar una identidad de izquierda en las d\u00e9cadas posteriores. La opci\u00f3n de refundarse en un nuevo partido c\u00f3mo el Partito Democr\u00e1tico a partir de 2007 y la falta de cuajo que ha tenido y tiene a\u00fan (est\u00e1 a las puertas de un congreso en la pr\u00f3xima primavera en que se juega su propia existencia), ha condicionado enormemente el mapa de la representaci\u00f3n pol\u00edtica en Italia. El PD -que en formas diferentes ha estado en todos los gobiernos pr\u00e1cticamente desde la ca\u00edda de Berlusconi en 2011-, se ha ido construyendo a lo largo de los a\u00f1os como un partido institucional, seducido por la apuesta tecnocr\u00e1tica y cuya \u00fanica propuesta central ha sido la de la responsabilidad.<\/p>\n<p>Por otra parte, y si se mira a lo que ha acontecido en la izquierda fuera de las din\u00e1micas estrictamente institucionales, hay que recordar que toda la elaboraci\u00f3n pol\u00edtica construida por los movimientos sociales a lo largo de los a\u00f1os 90, dentro de una movilizaci\u00f3n antiglobalizaci\u00f3n que en Italia tuvo una presencia muy destacada, se top\u00f3 en 2001 con el verdadero drama que representaron los hechos del G8 de G\u00e9nova. No se trat\u00f3 s\u00f3lo de la muerte de un manifestante, y de los abusos policiales (hubo secuestro de militantes y acciones que rayaron la tortura), sino de un momento en que el estado -con un gobierno Berlusconi que por aquel entonces acababa de estrenar mayor\u00eda absoluta- mostr\u00f3 su cara m\u00e1s dura, dejando claro a los que pretend\u00edan hilar propuestas transformadoras que no hab\u00eda espacio, que el sistema ser\u00eda impermeable al cambio. Esta circunstancia en parte ayuda a explicar tambi\u00e9n por qu\u00e9 las formas de oposici\u00f3n a la crisis de 2008 acabaron teniendo un car\u00e1cter m\u00e1s antipol\u00edtico que progresista, sin capacidad real de plantear un horizonte de trabajo de vertebraci\u00f3n pol\u00edtica que pusiera en el centro los bienes comunes. En este sentido, una parte del \u00e9xito de Meloni y de la compleja situaci\u00f3n pol\u00edtica de Italia en este 2022 se explica tambi\u00e9n por una incomparecencia de la izquierda que viene de lejos y no se resuelve en los pobres resultados de estas \u00faltimas elecciones.<\/p>\n<p>Si es poco sorpresivo el hecho de que la extrema derecha ganara las elecciones, menos a\u00fan lo son sus primeras acciones en el gobierno. Si se mira a sus prioridades, la agenda com\u00fan de la ola derechista que atraviesa Europa y el mundo, aparece en toda su claridad, empezando por una visi\u00f3n de la sociedad claramente conservadora. En el proyecto de presupuesto presentado recientemente las medidas estrella son una regulaci\u00f3n de las normas relativas a las transacciones que favorece la evasi\u00f3n fiscal; una reforma fuertemente regresiva de la renta de ciudadan\u00eda; la financiaci\u00f3n de la educaci\u00f3n privada (en un contexto en el cual hasta hoy ha habido una clara centralidad de la escuela p\u00fablica); recortes a los proyectos de transici\u00f3n energ\u00e9tica y la introducci\u00f3n de la llamada \u201cflat tax\u201d, un mecanismo fiscal de tramo longitudinal con car\u00e1cter claramente regresivo. Por otra parte, no hay visos de previsi\u00f3n de una regulaci\u00f3n del salario m\u00ednimo, y el nuevo gobierno ha intensificado un planteamiento claramente restrictivo con respecto a las personas migradas. Que el tema de la migraci\u00f3n ser\u00e1 central en la pr\u00e1ctica y en la narrativa del gobierno encabezado por Fratelli d\u2019Italia ya se ha hecho patente y se ha utilizado incluso como forma de competici\u00f3n con los otros pa\u00edses europeos: hace dos semanas hubo una verdadera crisis diplom\u00e1tica con Francia sobre qui\u00e9n ten\u00eda que acoger a unas personas migradas en uno de los muchos barcos que atraviesan el Mediterr\u00e1neo. Tambi\u00e9n se ha dejado claro que no habr\u00e1 espacio alguno para el ensanchamiento de derechos. Incluso, ya desde el primer d\u00eda se ha empezado a poner en discusi\u00f3n la actual regulaci\u00f3n de la interrupci\u00f3n del embarazo.<\/p>\n<p>Con esta agenda, parecer\u00eda que estamos claramente delante de un caso parecido a los de Hungr\u00eda o de Polonia. Sin embargo, no s\u00f3lo la situaci\u00f3n es distinta por razones hist\u00f3ricas sino tambi\u00e9n porque el gobierno de Meloni se ha preocupado de manifestar en todas sus actuaciones su adhesi\u00f3n a la UE (aunque sea con un enfoque claramente confederalista) y, sobre todo, en tiempos de invasi\u00f3n rusa de Ucrania, su inquebrantable atlantismo. En este sentido, se podr\u00eda decir que la clara colocaci\u00f3n internacional del gobierno italiano es el instrumento elegido para evitar que las instituciones europeas se inmiscuyan en los asuntos internos del pa\u00eds. B\u00e1sicamente, esta es la gran diferencia estrat\u00e9gica de Meloni con respecto a Salvini (y en parte a los Cinco Estrellas).<\/p>\n<p>Esto no quita que el camino del nuevo gobierno liderado por la extrema derecha ser\u00e1 dif\u00edcil. Por un lado, porque tiene una situaci\u00f3n de la coalici\u00f3n de su gobierno un tanto precaria. Fratelli d\u2019Italia es claramente el partido m\u00e1s fuerte de la coalici\u00f3n, pero en el parlamento necesita del apoyo tanto de los diputados de la Lega como de Forza Italia, y estas fuerzas no siempre se han demostrado dispuestas a otorgarle el liderazgo. Por el otro, la situaci\u00f3n econ\u00f3mica del pa\u00eds est\u00e1 significativamente deteriorada. Una inflaci\u00f3n de dos cifras (ahora est\u00e1 en torno al 12%) y una dependencia energ\u00e9tica dif\u00edcil de solventar (Italia ha sido hist\u00f3ricamente importadora de gas ruso y tiene una cierta debilidad con la energ\u00eda nuclear, por opciones pol\u00edticas previas y por el hecho de que es un pa\u00eds con elevado riesgo s\u00edsmico) son un caldo de cultivo muy propicio para la movilizaci\u00f3n social. Queda por saber si esta se verificar\u00e1, y, sobre todo, si habr\u00e1 capacidad de articularla pol\u00edticamente de una forma m\u00e1s productiva con respecto al pasado. El sindicalismo est\u00e1 en franca crisis y la situaci\u00f3n del galimat\u00edas de las siglas de las izquierdas (con la inc\u00f3gnita de lo que acontecer\u00e1 con el congreso del PD) no augura nada bueno.<\/p>\n<p>Pero, sobre todo, las dificultades de Meloni vendr\u00e1n de la propia narrativa con que lleg\u00f3 a la victoria electoral. Su partido gan\u00f3 gracias al hecho de que era, en el momento de las elecciones, el \u00fanico partido no directamente comprometido con la situaci\u00f3n pol\u00edtica y econ\u00f3mica del pa\u00eds, habiendo representado, c\u00f3mo m\u00ednimo desde la llegada del gobierno de Monti en 2011, la fuerza de oposici\u00f3n por antonomasia. Este ha sido el n\u00facleo de su triunfo y ahora habr\u00e1 que ver si esa narrativa ser\u00e1 compatible con las responsabilidades de gobierno de las cuales, quiera o no, se tendr\u00e1 que hacer cargo.<\/p>\n","protected":false},"excerpt":{"rendered":"<p>Galde 39, negua 2023 invierno.\u00a0Paola Lo Cascio, Lucia Patrizi.-\u00a0R\u00edos de tinta han corrido en torno al hecho de que la tercera econom\u00eda m\u00e1s importante de la UE sea gobernada por un partido de extrema derecha. En realidad, ha pasado lo que ten\u00eda que pasar, por razones que ata\u00f1en a las din\u00e1micas generales, pero tambi\u00e9n por [&hellip;]<\/p>\n","protected":false},"author":2,"featured_media":15945,"comment_status":"closed","ping_status":"open","sticky":false,"template":"","format":"standard","meta":{"footnotes":""},"categories":[6],"tags":[],"class_list":["post-15935","post","type-post","status-publish","format-standard","has-post-thumbnail","hentry","category-internacional","revista-galde-n39"],"_links":{"self":[{"href":"https:\/\/www.galde.eu\/es\/wp-json\/wp\/v2\/posts\/15935","targetHints":{"allow":["GET"]}}],"collection":[{"href":"https:\/\/www.galde.eu\/es\/wp-json\/wp\/v2\/posts"}],"about":[{"href":"https:\/\/www.galde.eu\/es\/wp-json\/wp\/v2\/types\/post"}],"author":[{"embeddable":true,"href":"https:\/\/www.galde.eu\/es\/wp-json\/wp\/v2\/users\/2"}],"replies":[{"embeddable":true,"href":"https:\/\/www.galde.eu\/es\/wp-json\/wp\/v2\/comments?post=15935"}],"version-history":[{"count":0,"href":"https:\/\/www.galde.eu\/es\/wp-json\/wp\/v2\/posts\/15935\/revisions"}],"wp:featuredmedia":[{"embeddable":true,"href":"https:\/\/www.galde.eu\/es\/wp-json\/wp\/v2\/media\/15945"}],"wp:attachment":[{"href":"https:\/\/www.galde.eu\/es\/wp-json\/wp\/v2\/media?parent=15935"}],"wp:term":[{"taxonomy":"category","embeddable":true,"href":"https:\/\/www.galde.eu\/es\/wp-json\/wp\/v2\/categories?post=15935"},{"taxonomy":"post_tag","embeddable":true,"href":"https:\/\/www.galde.eu\/es\/wp-json\/wp\/v2\/tags?post=15935"}],"curies":[{"name":"wp","href":"https:\/\/api.w.org\/{rel}","templated":true}]}}