{"id":14246,"date":"2021-03-25T11:46:00","date_gmt":"2021-03-25T10:46:00","guid":{"rendered":"https:\/\/www.galde.eu\/?p=14246"},"modified":"2021-10-23T18:44:04","modified_gmt":"2021-10-23T16:44:04","slug":"ibiltari-baten-egunkaritik-historias-de-la-pandemia","status":"publish","type":"post","link":"https:\/\/www.galde.eu\/es\/ibiltari-baten-egunkaritik-historias-de-la-pandemia\/","title":{"rendered":"Ibiltari baten egunkaritik: Historias de la pandemia"},"content":{"rendered":"<p><a href=\"https:\/\/www.galde.eu\/wp-content\/uploads\/2021\/03\/Cuadrofusibles.jpg\"><img loading=\"lazy\" decoding=\"async\" class=\"aligncenter size-full wp-image-14248 colorbox-14246\" src=\"https:\/\/www.galde.eu\/wp-content\/uploads\/2021\/03\/Cuadrofusibles.jpg\" alt=\"\" width=\"580\" height=\"434\" data-id=\"14248\" srcset=\"https:\/\/www.galde.eu\/wp-content\/uploads\/2021\/03\/Cuadrofusibles.jpg 580w, https:\/\/www.galde.eu\/wp-content\/uploads\/2021\/03\/Cuadrofusibles-300x224.jpg 300w\" sizes=\"auto, (max-width: 580px) 100vw, 580px\" \/><\/a><\/p>\n<p>&nbsp;<\/p>\n<p>Galde 32 udaberria\/2021\/primavera. Lourdes On\u0303ederra.-<\/p>\n<p>No hay como sentarse a mirar, por ejemplo en una estaci\u00f3n de autobuses. Ese d\u00eda yo estaba maravillada. Entre otras cosas, haber salido de la ciudad por viaje de trabajo ya me hab\u00eda colocado en estado de m\u00e1ximo entusiasmo. Era un d\u00eda extraordinario. Las personas con las que me hab\u00eda reunido simult\u00e1nea y presencialmente (con todas las medidas de seguridad posibles, repaso: toma de temperatura y desinfecci\u00f3n de manos, distancia de seguridad y mascarillas, sin levantar la voz ni fumar) superaban en n\u00famero el total de aquellas con las que hab\u00eda tenido alguna relaci\u00f3n durante toda la semana anterior.<\/p>\n<p>Pas\u00f3 por delante de la mesa, en la que yo \u2014haciendo tiempo\u2014 tomaba caf\u00e9, un guarda de seguridad formidable. Era alto, fornido, la cabeza rapada, cejas pobladas y bien dibujadas, nariz poderosa. Marcaba el paso con energ\u00eda. Llevaba el uniforme ce\u00f1ido, botas altas y, sobre todo, ten\u00eda ajustada a su cara una mascarilla absolutamente terror\u00edfica, de color oscuro y con una manchas negras estrat\u00e9gicamente colocadas hacia los p\u00f3mulos y donde se supon\u00eda que estaban sus labios. Fascinante. Me dio pena que saliera de mi campo de visi\u00f3n y se adentrara en un t\u00fanel oscuro del que, justo entonces, emerg\u00eda alguien. Percib\u00ed que era un cuerpo de mujer a la vez que me preguntaba por qu\u00e9 tra\u00eda una potente luz m\u00e1s o menos a la altura del est\u00f3mago. Seg\u00fan se iba acercando, entend\u00ed que se trataba de la linterna de un m\u00f3vil que llevaba colgado cual escapulario, que era bastante joven y que ten\u00eda un brazo escayolado. Era como estar en una pel\u00edcula de fantas\u00eda. Un poco. Pero es que ahora poco es mucho.<\/p>\n<p>De todas maneras, lo que m\u00e1s me impact\u00f3 fue la conversaci\u00f3n que dos hombres gordotes de mediana edad tra\u00edan y continuaron en una mesa cercana a la m\u00eda (a voz en grito, estos no hab\u00edan o\u00eddo ni le\u00eddo que hablar en voz alta es una manera de fomentar la contagiosidad del virus). Buena barriga los dos, amablemente embutida en chamarra uno y cazadora el otro, ambas de color azul marino, ese color que da cierta respetabilidad, una seriedad que no llega a la solemnidad o la radicalidad del negro. \u00bfSer\u00e1 eso? El caso es que eran dos hombres parecid\u00edsimos a muchos otros, daban sensaci\u00f3n de buen nivel de vida y de ser aut\u00f3ctonos de pura cepa. Como ya he dicho, hablaban a gran volumen, m\u00e1s de lo habitual que es mucho: parece que las distancias y la m\u00e1scara provocan precisamente esa elevaci\u00f3n de intensidad (no puedo evitar repetir lo de la contagiosidad, por si alguien lee este art\u00edculo y se suma a mi equipo contra los decibelios). El caso es que era inevitable o\u00edr lo que dec\u00edan, seg\u00fan los indicios, sobre un conocido com\u00fan.<\/p>\n<p>&#8211; No, con aquella dej\u00f3 \u2014en castellano de aqu\u00ed, ya he dicho que eran muy aut\u00f3ctonos\u2014. Hace ya mucho que no andan juntos.<\/p>\n<p>&#8211; \u00a1No jodas! Era raro, la verdad<\/p>\n<p>&#8211; S\u00ed, \u00a1qu\u00e9 pintas! \u00bfTe acuerdas? Todav\u00eda anda igual.<\/p>\n<p>&#8211; Pues\u2026 ese tambi\u00e9n muy joven ya no es.<\/p>\n<p>&#8211; \u00a1Si se le muri\u00f3 un hijo y todo!<\/p>\n<p>&#8211; \u00a1No jodas!<\/p>\n<p>&#8211; S\u00ed, por drogas, o sida, o yo qu\u00e9 s\u00e9 \u2014tono de chanza\u2014.<\/p>\n<p>&#8211; No sab\u00eda que ten\u00eda hijos<\/p>\n<p>&#8211; \u00a1Jod\u00e9 y m\u00e1s de uno!<\/p>\n<p>&#8211; Pues as\u00ed no se ha quedado sin ninguno \u2014carcajada abierta\u2014.<\/p>\n<p>Ya me hab\u00edan dado las vueltas y me pude marchar sin o\u00edr nada m\u00e1s, cuando ya la carcajada era a d\u00fao. \u00bfDe verdad tenemos todos los seres humanos, todas las personas, los mismos componentes? \u00bfEstamos hechos de lo mismo?<\/p>\n<p>Me vino a la cabeza la imagen de un cuadro de fusibles. Supongo que necesitaba alguna salida del desastre en el que los respetables se\u00f1ores me hab\u00edan metido. Tal vez nos pasa a los seres humanos, como a la luz de casa que, mientras no salte el diferencial, el resto de interruptores no tienen por qu\u00e9 estar todos en posici\u00f3n de ON para que la corriente el\u00e9ctrica haga funcionar algunas cosas. Por ejemplo, pueden estar en perfecto funcionamiento las luces de ciertas habitaciones, pero no de otras. O puede funcionar la luz del techo de la cocina pero no los electrodom\u00e9sticos o, entre estos, estar unos conectados y otros desconectados.<\/p>\n<p>\u00bfCu\u00e1l de sus fusibles ten\u00edan desconectado los se\u00f1ores de azul marino?<\/p>\n","protected":false},"excerpt":{"rendered":"<p>&nbsp; Galde 32 udaberria\/2021\/primavera. Lourdes On\u0303ederra.- No hay como sentarse a mirar, por ejemplo en una estaci\u00f3n de autobuses. Ese d\u00eda yo estaba maravillada. Entre otras cosas, haber salido de la ciudad por viaje de trabajo ya me hab\u00eda colocado en estado de m\u00e1ximo entusiasmo. Era un d\u00eda extraordinario. Las personas con las que me [&hellip;]<\/p>\n","protected":false},"author":2,"featured_media":14250,"comment_status":"closed","ping_status":"open","sticky":false,"template":"","format":"standard","meta":{"footnotes":""},"categories":[12],"tags":[],"class_list":["post-14246","post","type-post","status-publish","format-standard","has-post-thumbnail","hentry","category-miradas","revista-galde-n32"],"_links":{"self":[{"href":"https:\/\/www.galde.eu\/es\/wp-json\/wp\/v2\/posts\/14246","targetHints":{"allow":["GET"]}}],"collection":[{"href":"https:\/\/www.galde.eu\/es\/wp-json\/wp\/v2\/posts"}],"about":[{"href":"https:\/\/www.galde.eu\/es\/wp-json\/wp\/v2\/types\/post"}],"author":[{"embeddable":true,"href":"https:\/\/www.galde.eu\/es\/wp-json\/wp\/v2\/users\/2"}],"replies":[{"embeddable":true,"href":"https:\/\/www.galde.eu\/es\/wp-json\/wp\/v2\/comments?post=14246"}],"version-history":[{"count":0,"href":"https:\/\/www.galde.eu\/es\/wp-json\/wp\/v2\/posts\/14246\/revisions"}],"wp:featuredmedia":[{"embeddable":true,"href":"https:\/\/www.galde.eu\/es\/wp-json\/wp\/v2\/media\/14250"}],"wp:attachment":[{"href":"https:\/\/www.galde.eu\/es\/wp-json\/wp\/v2\/media?parent=14246"}],"wp:term":[{"taxonomy":"category","embeddable":true,"href":"https:\/\/www.galde.eu\/es\/wp-json\/wp\/v2\/categories?post=14246"},{"taxonomy":"post_tag","embeddable":true,"href":"https:\/\/www.galde.eu\/es\/wp-json\/wp\/v2\/tags?post=14246"}],"curies":[{"name":"wp","href":"https:\/\/api.w.org\/{rel}","templated":true}]}}