{"id":13594,"date":"2021-03-25T09:58:37","date_gmt":"2021-03-25T08:58:37","guid":{"rendered":"https:\/\/www.galde.eu\/?p=13594"},"modified":"2021-07-11T12:16:24","modified_gmt":"2021-07-11T10:16:24","slug":"libros-y-referencias-para-el-dosier-galde-32","status":"publish","type":"post","link":"https:\/\/www.galde.eu\/es\/libros-y-referencias-para-el-dosier-galde-32\/","title":{"rendered":"Libros y referencias para el dosier Galde 32"},"content":{"rendered":"<p><strong>BIBLIOGRAF\u00cdA\u00a0<\/strong><\/p>\n<p>Galde 32 udaberria\/2021\u00a0<\/p>\n<p>&nbsp;<\/p>\n<p><a href=\"https:\/\/www.galde.eu\/wp-content\/uploads\/2021\/03\/quehacerenincendio.jpg\"><img loading=\"lazy\" decoding=\"async\" class=\"size-full wp-image-13597 alignleft colorbox-13594\" src=\"https:\/\/www.galde.eu\/wp-content\/uploads\/2021\/03\/quehacerenincendio.jpg\" alt=\"\" width=\"227\" height=\"383\" data-id=\"13597\" srcset=\"https:\/\/www.galde.eu\/wp-content\/uploads\/2021\/03\/quehacerenincendio.jpg 227w, https:\/\/www.galde.eu\/wp-content\/uploads\/2021\/03\/quehacerenincendio-178x300.jpg 178w\" sizes=\"auto, (max-width: 227px) 100vw, 227px\" \/><\/a><\/p>\n<p><strong>\u00bfQu\u00e9 hacer en caso de incendio?\u00a0<br \/><\/strong>Manifiesto por el Green New Deal\u00a0<strong><br \/><\/strong><strong><em>Emilio Santiago Mui\u00f1o y H\u00e9ctor Tejero Franco\u00a0<br \/><\/em>Editorial Capit\u00e1n Swing, 2019<\/strong><\/p>\n<p>El cambio clim\u00e1tico y la crisis ecol\u00f3gica se est\u00e1n acelerando a un ritmo insospechado y ahora nuestra casa est\u00e1 en llamas. \u00bfQu\u00e9 hacemos en un incendio? Mantener la calma y buscar una salida de emergencia. Los autores nos muestran primero la magnitud del incendio que amenaza nuestro futuro y luego tratan de se\u00f1alarnos una v\u00eda de escape hacia la que dirigirnos y ganar tiempo: el Green New Deal.<\/p>\n<p>&nbsp;<\/p>\n<p>&nbsp;<\/p>\n<p>&nbsp;<\/p>\n<p>&nbsp;<\/p>\n<p><a href=\"https:\/\/www.galde.eu\/wp-content\/uploads\/2021\/03\/jeremirifkin.jpg\"><img loading=\"lazy\" decoding=\"async\" class=\"size-full wp-image-13601 alignleft colorbox-13594\" src=\"https:\/\/www.galde.eu\/wp-content\/uploads\/2021\/03\/jeremirifkin.jpg\" alt=\"\" width=\"228\" height=\"347\" data-id=\"13601\" srcset=\"https:\/\/www.galde.eu\/wp-content\/uploads\/2021\/03\/jeremirifkin.jpg 228w, https:\/\/www.galde.eu\/wp-content\/uploads\/2021\/03\/jeremirifkin-197x300.jpg 197w\" sizes=\"auto, (max-width: 228px) 100vw, 228px\" \/><\/a><\/p>\n<p><strong>El Green New Deal global<br \/><\/strong>Por qu\u00e9 la civilizaci\u00f3n de los combustibles f\u00f3siles colapsar\u00e1 en torno a 2028 y el audaz plan econ\u00f3mico para salvar la vida en la Tierra.<br \/><strong><em>Jeremy Rifkin<\/em><br \/>Editorial Booket, 2019<\/strong><\/p>\n<p>El autor propone un nuevo plan econ\u00f3mico contando con la sinergia de \u00e9lites pol\u00edticas, industriales, econ\u00f3mico financieras y movimientos civiles que haga saltar por los aires los pilares que construyeron la civilizaci\u00f3n de los combustibles f\u00f3siles\u00a0<\/p>\n<p>&nbsp;<\/p>\n<p>&nbsp;<\/p>\n<p>&nbsp;<\/p>\n<p>&nbsp;<\/p>\n<p><a href=\"https:\/\/www.galde.eu\/wp-content\/uploads\/2021\/03\/reconstruyamos.jpg\"><img loading=\"lazy\" decoding=\"async\" class=\"size-full wp-image-13604 alignleft colorbox-13594\" src=\"https:\/\/www.galde.eu\/wp-content\/uploads\/2021\/03\/reconstruyamos.jpg\" alt=\"\" width=\"228\" height=\"336\" data-id=\"13604\" srcset=\"https:\/\/www.galde.eu\/wp-content\/uploads\/2021\/03\/reconstruyamos.jpg 228w, https:\/\/www.galde.eu\/wp-content\/uploads\/2021\/03\/reconstruyamos-204x300.jpg 204w\" sizes=\"auto, (max-width: 228px) 100vw, 228px\" \/><\/a><\/p>\n<p><strong>Reconstruyamos el futuro: un Green New Deal para Espa\u00f1a<br \/><\/strong>Un futuro mejor y m\u00e1s sostenible para todos<strong><br \/><\/strong><strong><em>\u00c1lvaro Gaertner Aranda (principal autor), Carlos Alonso y Fernando Prieto<br \/><\/em>Edita Observatorio Sostenibilidad, 2020<\/strong><\/p>\n<p>Los autores detallan las principales medidas que son necesarias para preparar la econom\u00eda para un futuro descarbonizado, las inversiones necesarias para conservar y recuperar los ecosistemas, as\u00ed como los empleos potenciales que se podr\u00edan generar asegurando la recircularidad econ\u00f3mica.\u00a0<\/p>\n<p>&nbsp;<\/p>\n<p>&nbsp;<\/p>\n<p>&nbsp;<\/p>\n<p>&nbsp;<\/p>\n<p><a href=\"https:\/\/www.galde.eu\/wp-content\/uploads\/2021\/03\/alfonsperez.jpg\"><img loading=\"lazy\" decoding=\"async\" class=\"size-full wp-image-13603 alignleft colorbox-13594\" src=\"https:\/\/www.galde.eu\/wp-content\/uploads\/2021\/03\/alfonsperez.jpg\" alt=\"\" width=\"228\" height=\"319\" data-id=\"13603\" srcset=\"https:\/\/www.galde.eu\/wp-content\/uploads\/2021\/03\/alfonsperez.jpg 228w, https:\/\/www.galde.eu\/wp-content\/uploads\/2021\/03\/alfonsperez-214x300.jpg 214w\" sizes=\"auto, (max-width: 228px) 100vw, 228px\" \/><\/a><\/p>\n<p><strong>Pactos Verdes en tiempos de pandemias<br \/><\/strong>El futuro se disputa ahora<br \/><strong><em>Alfonso P\u00e9rez<\/em><\/strong> <br \/>Editado por el Observatori del Deute en la Globalitzaci\u00f3 (ODG), Libros En Acci\u00f3n, la editorial de Ecologistas en Acci\u00f3n e Icaria, 2021<\/p>\n<p>Su autor insiste en la necesidad de analizar qu\u00e9 se esconde tras la denominaci\u00f3n gen\u00e9rica de pactos verdes, ya que estos son muy diversos y heterog\u00e9neos. Asimismo, alerta de los peligros del extractivismo, el crecimiento verde y la recuperaci\u00f3n econ\u00f3mica; todos presentes en el Green New Deal.<\/p>\n<p>&nbsp;<\/p>\n<p>&nbsp;<\/p>\n<p>&nbsp;<\/p>\n<p><a href=\"https:\/\/www.galde.eu\/wp-content\/uploads\/2021\/03\/naomiklein.jpg\"><img loading=\"lazy\" decoding=\"async\" class=\"size-full wp-image-13602 alignleft colorbox-13594\" src=\"https:\/\/www.galde.eu\/wp-content\/uploads\/2021\/03\/naomiklein.jpg\" alt=\"\" width=\"228\" height=\"355\" data-id=\"13602\" srcset=\"https:\/\/www.galde.eu\/wp-content\/uploads\/2021\/03\/naomiklein.jpg 228w, https:\/\/www.galde.eu\/wp-content\/uploads\/2021\/03\/naomiklein-193x300.jpg 193w\" sizes=\"auto, (max-width: 228px) 100vw, 228px\" \/><\/a><\/p>\n<p><strong>En llamas. <br \/><\/strong>Un (enardecido) argumento a favor del Green New Deal<strong><br \/><\/strong><strong><em>Naomi Klein<br \/><\/em><\/strong>Editorial Paid\u00f3s, 2021<\/p>\n<p>Este libro re\u00fane art\u00edculos que la autora ha elaborado en la \u00faltima d\u00e9cada con cr\u00f3nicas y an\u00e1lisis cr\u00edticos de infinidad de conflictos y resistencias, tambi\u00e9n de propuestas. Respuestas que entretejen crisis aparentemente independientes (econ\u00f3micas, sociales, ecol\u00f3gicas y democr\u00e1ticas) para construir una historia com\u00fan de transformaci\u00f3n de la civilizaci\u00f3n. Una visi\u00f3n osada que al decir de Naomi, se integra cada vez m\u00e1s bajo el estandarte del llamado \u201cGreen New Deal\u201d<\/p>\n","protected":false},"excerpt":{"rendered":"<p>BIBLIOGRAF\u00cdA\u00a0 Galde 32 udaberria\/2021\u00a0 &nbsp; \u00bfQu\u00e9 hacer en caso de incendio?\u00a0Manifiesto por el Green New Deal\u00a0Emilio Santiago Mui\u00f1o y H\u00e9ctor Tejero Franco\u00a0Editorial Capit\u00e1n Swing, 2019 El cambio clim\u00e1tico y la crisis ecol\u00f3gica se est\u00e1n acelerando a un ritmo insospechado y ahora nuestra casa est\u00e1 en llamas. \u00bfQu\u00e9 hacemos en un incendio? Mantener la calma y [&hellip;]<\/p>\n","protected":false},"author":2,"featured_media":13600,"comment_status":"closed","ping_status":"open","sticky":false,"template":"","format":"standard","meta":{"footnotes":""},"categories":[2,64,5],"tags":[],"class_list":["post-13594","post","type-post","status-publish","format-standard","has-post-thumbnail","hentry","category-dossier","category-libros","category-politica","revista-galde-n32"],"_links":{"self":[{"href":"https:\/\/www.galde.eu\/es\/wp-json\/wp\/v2\/posts\/13594","targetHints":{"allow":["GET"]}}],"collection":[{"href":"https:\/\/www.galde.eu\/es\/wp-json\/wp\/v2\/posts"}],"about":[{"href":"https:\/\/www.galde.eu\/es\/wp-json\/wp\/v2\/types\/post"}],"author":[{"embeddable":true,"href":"https:\/\/www.galde.eu\/es\/wp-json\/wp\/v2\/users\/2"}],"replies":[{"embeddable":true,"href":"https:\/\/www.galde.eu\/es\/wp-json\/wp\/v2\/comments?post=13594"}],"version-history":[{"count":0,"href":"https:\/\/www.galde.eu\/es\/wp-json\/wp\/v2\/posts\/13594\/revisions"}],"wp:featuredmedia":[{"embeddable":true,"href":"https:\/\/www.galde.eu\/es\/wp-json\/wp\/v2\/media\/13600"}],"wp:attachment":[{"href":"https:\/\/www.galde.eu\/es\/wp-json\/wp\/v2\/media?parent=13594"}],"wp:term":[{"taxonomy":"category","embeddable":true,"href":"https:\/\/www.galde.eu\/es\/wp-json\/wp\/v2\/categories?post=13594"},{"taxonomy":"post_tag","embeddable":true,"href":"https:\/\/www.galde.eu\/es\/wp-json\/wp\/v2\/tags?post=13594"}],"curies":[{"name":"wp","href":"https:\/\/api.w.org\/{rel}","templated":true}]}}