{"id":13347,"date":"2021-03-25T11:26:38","date_gmt":"2021-03-25T10:26:38","guid":{"rendered":"https:\/\/www.galde.eu\/?p=13347"},"modified":"2021-03-27T20:44:13","modified_gmt":"2021-03-27T19:44:13","slug":"el-pacto-verde-europeo-llave-para-una-transicion-ecologica-y-justa","status":"publish","type":"post","link":"https:\/\/www.galde.eu\/es\/el-pacto-verde-europeo-llave-para-una-transicion-ecologica-y-justa\/","title":{"rendered":"El Pacto Verde Europeo, \u00bfllave para una transici\u00f3n ecol\u00f3gica y justa?"},"content":{"rendered":"<p><a href=\"https:\/\/www.galde.eu\/wp-content\/uploads\/2021\/03\/GRETA-URSULA.jpg\"><img loading=\"lazy\" decoding=\"async\" class=\"aligncenter size-full wp-image-13348 colorbox-13347\" src=\"https:\/\/www.galde.eu\/wp-content\/uploads\/2021\/03\/GRETA-URSULA.jpg\" alt=\"\" width=\"580\" height=\"342\" data-id=\"13348\" srcset=\"https:\/\/www.galde.eu\/wp-content\/uploads\/2021\/03\/GRETA-URSULA.jpg 580w, https:\/\/www.galde.eu\/wp-content\/uploads\/2021\/03\/GRETA-URSULA-300x177.jpg 300w\" sizes=\"auto, (max-width: 580px) 100vw, 580px\" \/><\/a><\/p>\n<p>&nbsp;<\/p>\n<p>Galde 32 udaberria\/2021\/primavera.\u00a0Florent Marcellesi, coportavoz de EQUO y ex-eurodiputado de Los Verdes\/ALE<\/p>\n<p>En pocos a\u00f1os, el Pacto Verde Europeo se ha convertido en el alfa y omega de las pol\u00edticas europeas. Y con la pandemia, no solo no ha desaparecido, sino que se ha reforzado hasta llegar a ser el reclamo principal de la recuperaci\u00f3n post-coronavirus. \u00bfQu\u00e9 ha pasado para que, en tan poco tiempo, algo que era sectorial, defendido principalmente por una franja reducida del espectro pol\u00edtico, institucional y social, sea la apuesta central a nivel continental? \u00bfEst\u00e1n este Pacto Verde Europeo y su brazo econ\u00f3mico de los Fondos Europeos de Recuperaci\u00f3n a la altura del reto ecol\u00f3gico y social al que nos enfrentamos?<\/p>\n<p>Existen varios factores primordiales que explican que el Pacto Verde Europeo se haya convertido en la piedra angular de la acci\u00f3n pol\u00edtica europea. Por un lado, estamos ante una ola de fondo de concienciaci\u00f3n clim\u00e1tica, y en general ecol\u00f3gica, que lleva a\u00f1os gest\u00e1ndose. Esta ola tuvo un punto de inflexi\u00f3n con el Acuerdo de Par\u00eds, en la COP21 de 2015. All\u00ed se incub\u00f3 una victoria fundamental para conseguir lo que podr\u00edamos llamar la \u201chegemon\u00eda cultural clim\u00e1tica\u201d. El ecologismo gan\u00f3 el discurso, el coraz\u00f3n y el imaginario social. Si bien es cierto que es necesario pasar de las palabras a los hechos, al mismo tiempo, para pasar a los hechos es imprescindible tener primero una palabra fuerte y un relato com\u00fan. El Acuerdo de Par\u00eds ha dado legitimidad planetaria a esta narrativa ecosocial del siglo XXI.<sup><a id=\"post-13347-footnote-ref-1\" href=\"#post-13347-footnote-1\">[1]<\/a><\/sup> Este punto de inflexi\u00f3n se ha prolongado y reforzado luego con la ola de manifestaciones de la juventud por el clima en las calles de todo el mundo. Capitaneado por el &#8216;fen\u00f3meno Greta Thunberg&#8217;, de forma audaz y cruda, decenas de miles de j\u00f3venes han denunciado la inercia o la inacci\u00f3n de las actuales generaciones al mando de la pol\u00edtica y la econom\u00eda que, en gran medida, no sufrir\u00e1n las consecuencias del cambio clim\u00e1tico. Se han movilizado para reclamar su \u201cderecho al futuro\u201d.<\/p>\n<p>En paralelo, y de forma sincr\u00f3nica, pero no necesariamente coordinada, es tambi\u00e9n una \u201cola verde\u201d pol\u00edtica que se ha expandido por Europa, principalmente por el noroeste continental. En las elecciones europeas de 2019, los verdes marcaron un nuevo hito, alcanzando una cuota de representaci\u00f3n nunca vista hasta el momento. Hoy los verdes est\u00e1n en 6 gobiernos (Austria, Suecia, Finlandia, Luxemburgo, B\u00e9lgica, Irlanda), mientras que desde 2020 gobiernan las principales ciudades francesas y podr\u00edan convertirse en las elecciones federales alemanes de 2021 en segunda fuerza pol\u00edtica de este pa\u00eds. Esta acumulaci\u00f3n cruzada y sin\u00e9rgica de concienciaci\u00f3n clim\u00e1tica ciudadana, de movilizaci\u00f3n juvenil y de auge de los partidos verdes europeos llevaron a los partidos europeos mayoritarios (conservadores, social-dem\u00f3cratas y liberales) y, en efecto domin\u00f3, a la Comisi\u00f3n Europea, a convertir el Pacto Verde Europeo en 2019 en prioridad pol\u00edtica pre-pandemia.<\/p>\n<p>Ahora bien, \u00bfqu\u00e9 papel ha jugado la pandemia con el Pacto Verde Europeo? Si bien hubo un amago del Club de Visegrado (Hungr\u00eda, Rep\u00fablica Checa, Eslovaquia y Polonia) de relegar a un segundo plano el Pacto Verde Europeo, ante la crisis econ\u00f3mica derivada de la covid19, fue un intento del todo fallido. La hegemon\u00eda cultural y pol\u00edtica, nacida de las olas verdes sociales y pol\u00edticas pre-pandemia, es ahora mismo mucho m\u00e1s fuerte que el negacionismo clim\u00e1tico de algunos dirigentes minoritarios, hecho reforzado por la derrota de Trump y la vuelta de Estados Unidos al Acuerdo de Par\u00eds<sup><a id=\"post-13347-footnote-ref-2\" href=\"#post-13347-footnote-2\">[2]<\/a><\/sup>. M\u00e1s bien al contrario, la pandemia ha tenido un efecto acelerador y catalizador de la transici\u00f3n ecol\u00f3gica, convirti\u00e9ndose esta \u00faltima en el pilar<sup><a id=\"post-13347-footnote-ref-3\" href=\"#post-13347-footnote-3\">[3]<\/a><\/sup>, junto con la transici\u00f3n digital<sup><a id=\"post-13347-footnote-ref-4\" href=\"#post-13347-footnote-4\">[4]<\/a><\/sup>, de los planes de recuperaci\u00f3n y reconstrucci\u00f3n.<\/p>\n<p>Este efecto acelerador se ha visto impulsado tambi\u00e9n por el \u201cefecto comparaci\u00f3n\u201d. La crisis del coronavirus ha sido y sigue siendo un serio aviso a navegantes. Nos llama al orden, mostr\u00e1ndonos lo que podr\u00eda pasar si no somos capaces de entender el resultado de nuestras acciones sobre el resto de la naturaleza y, al mismo tiempo, c\u00f3mo nos vemos afectados a nivel sanitario y socio-econ\u00f3mico por el efecto boomerang de dichas acciones. Es m\u00e1s: la crisis sanitaria y econ\u00f3mica de la covid19 se presenta como un ensayo general ante la pandemia clim\u00e1tica que, <a href=\"https:\/\/news.un.org\/es\/story\/2020\/03\/1470901\">seg\u00fan Naciones Unidas<\/a>, es m\u00e1s mortal y peligrosa a\u00fan<sup><a id=\"post-13347-footnote-ref-5\" href=\"#post-13347-footnote-5\">[5]<\/a><\/sup>. La crisis clim\u00e1tica es una pandemia a c\u00e1mara lenta que amenaza la supervivencia civilizada de nuestras sociedades, tan soberbias, industrializadas y tecnologizadas como <a href=\"https:\/\/www.infolibre.es\/noticias\/opinion\/columnas\/2020\/03\/16\/lo_que_nos_perturba_que_nos_jugamos_104966_1023.html\">fr\u00e1giles, insostenibles<\/a> e <a href=\"https:\/\/ctxt.es\/es\/20171108\/Firmas\/16103\/interdependencia-nacionalismos-UE-Florent-Marcellesi.htm\">interdependientes<\/a>. Es tambi\u00e9n un llamamiento a usar las ense\u00f1anzas de la pandemia sanitaria para atender a tiempo la crisis ecol\u00f3gica en base a las evidencias cient\u00edficas y poniendo la salud y la vida de las personas y del planeta por encima de los intereses particulares. Con el coronavirus, el Pacto Verde Europeo se ha convertido en una evidencia post-pandemia.<\/p>\n<p><a id=\"post-13347-_d5a23kpmmbxo\"><\/a> Los fondos europeos de recuperaci\u00f3n: una \u00faltima oportunidad para la transici\u00f3n ecol\u00f3gica<\/p>\n<p>Hay una conjunci\u00f3n de dos factores a priori separados que, sin embargo, se mezclan y convierten este decenio en una bifurcaci\u00f3n y oportunidad hist\u00f3rica. Seg\u00fan la comunidad cient\u00edfica, nos queda <a href=\"https:\/\/news.un.org\/es\/story\/2020\/03\/1470901\">apenas una d\u00e9cada<\/a> para evitar los peores (pero tambi\u00e9n m\u00e1s probables) escenarios del calentamiento global<sup><a id=\"post-13347-footnote-ref-6\" href=\"#post-13347-footnote-6\">[6]<\/a><\/sup>. Esto supone impulsar una profunda transformaci\u00f3n estructural durante los pr\u00f3ximos a\u00f1os, lo que supone a su vez tener acceso a una cantidad ingente de recursos econ\u00f3micos para tal objetivo a corto y medio plazo. Al mismo tiempo, la crisis sanitaria ha dado a luz al plan de recuperaci\u00f3n a nivel europeo m\u00e1s ambicioso desde la segunda guerra mundial. Con estos fondos, de una magnitud excepcional, se ha abierto una ventana de oportunidad para (re)construir las dos pr\u00f3ximas d\u00e9cadas del pa\u00eds y del continente. Dicho de otro modo, cruzada con la advertencia temporal cient\u00edfica, \u00e9sta es nuestra \u00faltima oportunidad para cambiar de rumbo hacia una senda a la vez ecol\u00f3gica y justa. Ya no hay derecho a equivocarse.<\/p>\n<p>Para que esto sea real, ser\u00e1 fundamental utilizar los fondos europeos de recuperaci\u00f3n como herramienta de transformaci\u00f3n estructural. A d\u00eda de hoy, apuntan en direcci\u00f3n correcta. Pero, por desgracia, tenemos en Espa\u00f1a y otros pa\u00edses europeos malas experiencias de antiguos fondos europeos de reconversi\u00f3n o desarrollo territorial mal utilizados en el pasado<sup><a id=\"post-13347-footnote-ref-7\" href=\"#post-13347-footnote-7\">[7]<\/a><\/sup>. Regar de dinero y con poco control infraestructuras insostenibles e in\u00fatiles como autopistas sin coches, aeropuertos sin aviones y AVEs sin pasajeros supusieron a\u00f1os perdidos hacia la necesaria transici\u00f3n ecol\u00f3gica y justa. No podemos cometer dos veces el mismo error. Para ello, esto significa primero no rescatar proyectos insostenibles del pasado como hace, por ejemplo, el Gobierno Vasco con el Tren de Alta Velocidad. Y segundo, significa controlar con criterios y condicionalidad ecosocial, tanto desde el Gobierno espa\u00f1ol como desde la Comisi\u00f3n Europea, los proyectos presentados. Solo tendr\u00edan que tener cabida proyectos que favorezcan la transici\u00f3n ecol\u00f3gica, incluyendo a nuevos agentes sociales y econ\u00f3micos (pymes, aut\u00f3nomos, entidades sin \u00e1nimo de lucro, etc.) y no solo grandes empresas y corporaciones. Para ello, la presi\u00f3n y el control ciudadano, pol\u00edtico y medi\u00e1tico van a ser tambi\u00e9n b\u00e1sicos<sup><a id=\"post-13347-footnote-ref-8\" href=\"#post-13347-footnote-8\">[8]<\/a><\/sup>.<\/p>\n<p>Por otro lado, si bien el Pacto Verde Europeo y los Fondos Europeos van en direcci\u00f3n correcta, esto no significa que vayan con la velocidad deseada, ni que tengan la ambici\u00f3n suficiente. Por ejemplo, cuando el vice-presidente de la Comisi\u00f3n Europea, Frans Timmermans, declara que hay que \u201c<em>transitar r\u00e1pidamente a una situaci\u00f3n sostenible y al mismo tiempo crear empleos y crecimiento<\/em>\u201d, vuelve a cometer un error que nos puede llevar a un callej\u00f3n sin salida: la incompatibilidad de combinar crecimiento junto con bienestar y sostenibilidad<sup><a id=\"post-13347-footnote-ref-9\" href=\"#post-13347-footnote-9\">[9]<\/a><\/sup>. \u00c9ste es el famoso dilema del crecimiento: en tiempos de bonanza, la econom\u00eda del crecimiento mantiene la maquinaria econ\u00f3mica y laboral, asegurando en teor\u00eda empleo pero destruyendo<a href=\"https:\/\/ctxt.es\/es\/20200302\/Politica\/31220\/coronavirus-decrecimiento-crisis-ecologica-agroecologia-yayo-herrero.htm#.Xl5t_ZyLlSk.twitter\"> a la vez las bases materiales de la vida<\/a>. Y cuando en tiempos de recesi\u00f3n deja de crecer, y por tanto disminuye el uso de recursos naturales y la contaminaci\u00f3n, esta misma maquinaria lo hace con mucho sufrimiento social y paro, cierre masivo de empresas y tremendas desigualdades. Por eso, ahora que toca la reconstrucci\u00f3n de Euskadi, Espa\u00f1a y Europa tras el paso del coronavirus, hag\u00e1moslo sobre nuevas bases sociales y ecol\u00f3gicas.<\/p>\n<p>Se trata de escapar del dilema crecentista y construir <a href=\"https:\/\/www.eldiario.es\/tribunaabierta\/Liberemonos-crecimiento_6_825277479.html\">una econom\u00eda post-crecimiento<\/a> que satisfaga las necesidades de la ciudadan\u00eda al mismo tiempo que respete los l\u00edmites ecol\u00f3gicos del planeta<sup><a id=\"post-13347-footnote-ref-10\" href=\"#post-13347-footnote-10\">[10]<\/a><\/sup>. <a href=\"https:\/\/www.eldiario.es\/euroblog\/Chalecos-amarillos-transicion-ecologica-justa_6_842775754.html\">Solo una transici\u00f3n a la vez ecol\u00f3gica y justa<\/a>, entendida como herramienta de transformaci\u00f3n estructural m\u00e1s all\u00e1 del <em>business as usual<\/em>, puede responder a este doble reto. Hagamos que el Pacto Verde Europeo y los fondos europeos sean la llave ecosocial hacia un futuro equitativo y sostenible.<\/p>\n<p>Florent Marcellesi, coportavoz de EQUO y ex-eurodiputado de Los Verdes\/ALE<\/p>\n<p>NOTAS:<\/p>\n<ol>\n<li id=\"post-13347-footnote-1\">\n<p>Para profundizar en esta cuesti\u00f3n: <a href=\"https:\/\/www.efeverde.com\/blog\/creadoresdeopinion\/el-acuerdo-de-paris-sobre-clima-entre-milagro-desastre-y-posible-punto-de-inflexion-por-florent-marcellesi\/\">https:\/\/www.efeverde.com\/blog\/creadoresdeopinion\/el-acuerdo-de-paris-sobre-clima-entre-milagro-desastre-y-posible-punto-de-inflexion-por-florent-marcellesi\/<\/a><a href=\"#post-13347-footnote-ref-1\">\u2191<\/a><\/p>\n<\/li>\n<li id=\"post-13347-footnote-2\">\n<p>Para profundizar sobre esta cuesti\u00f3n, v\u00e9ase este n\u00famero de Pol\u00edtica Exterior: <a href=\"https:\/\/www.politicaexterior.com\/agenda-exterior-eeuu-y-el-acuerdo-de-paris\/\">https:\/\/www.politicaexterior.com\/agenda-exterior-eeuu-y-el-acuerdo-de-paris\/<\/a> <a href=\"#post-13347-footnote-ref-2\">\u2191<\/a><\/p>\n<\/li>\n<li id=\"post-13347-footnote-3\">\n<p>El 38% de los fondos tienen que ir para la transici\u00f3n ecol\u00f3gica. <a href=\"#post-13347-footnote-ref-3\">\u2191<\/a><\/p>\n<\/li>\n<li id=\"post-13347-footnote-4\">\n<p>Apuntemos que no siempre las dos transiciones ecol\u00f3gicas y digitales son compatibles. La Transici\u00f3n Digital puede conllevar una mayor contaminaci\u00f3n, usos de recursos naturales, energ\u00eda y materias primas, tierras raras y aumentar la degradaci\u00f3n ambiental y clim\u00e1tica. V\u00e9ase por ejemplo \u201cLa cuesti\u00f3n de la sostenibilidad en la digitalizaci\u00f3n de la econom\u00eda, in Ecopol\u00edtica, 2017:<\/p>\n<p>https:\/\/ecopolitica.org\/la-cuestion-de-la-sostenibilidad-en-la-digitalizacion-de-la-economia\/ <sup>5<\/sup> <a href=\"#post-13347-footnote-ref-4\">\u2191<\/a><\/p>\n<\/li>\n<li id=\"post-13347-footnote-5\">\n<p><a href=\"https:\/\/news.un.org\/es\/story\/2020\/03\/1470901\"> https:\/\/news.un.org\/es\/story\/2020\/03\/1470901<\/a> <a href=\"#post-13347-footnote-ref-5\">\u2191<\/a><\/p>\n<\/li>\n<li id=\"post-13347-footnote-6\">\n<p><a href=\"https:\/\/news.un.org\/es\/story\/2020\/03\/1470901\"> https:\/\/news.un.org\/es\/story\/2020\/03\/1470901<\/a> <a href=\"#post-13347-footnote-ref-6\">\u2191<\/a><\/p>\n<\/li>\n<li id=\"post-13347-footnote-7\">\n<p>Como por ejemplo en las cuencas mineras de Asturias, Arag\u00f3n o Castilla y Le\u00f3n. <a href=\"#post-13347-footnote-ref-7\">\u2191<\/a><\/p>\n<\/li>\n<li id=\"post-13347-footnote-8\">\n<p>La plataforma Open Generation es un buen ejemplo de alianza social para presionar hacia un buen uso de los fondos y denunciar su potencial mal uso. <a href=\"#post-13347-footnote-ref-8\">\u2191<\/a><\/p>\n<\/li>\n<li id=\"post-13347-footnote-9\">\n<p>Para profundizar sobre esta cuesti\u00f3n: <a href=\"https:\/\/agendapublica.es\/son-compatibles-clima-y-crecimiento\/\">https:\/\/agendapublica.es\/son-compatibles-clima-y-crecimiento\/<\/a> <a href=\"#post-13347-footnote-ref-9\">\u2191<\/a><\/p>\n<\/li>\n<li id=\"post-13347-footnote-10\">\n<p>Para profundizar sobre el post-crecimiento: <a href=\"https:\/\/www.eldiario.es\/tribunaabierta\/Liberemonos-crecimiento_6_825277479.html\">https:\/\/www.eldiario.es\/tribunaabierta\/Liberemonos-crecimiento_6_825277479.html<\/a><\/p>\n<p>O sobre propuestas concretas para una reconstrucci\u00f3n verde y justa: <a href=\"https:\/\/www.efeverde.com\/blog\/creadoresdeopinion\/pensar-el-mundo-de-manana-reconstruir-en-verde-por-florent-marcellesi-coportavoz-de-equo-y-ex-eurodiputado-de-los-verdes-europeos\/\">https:\/\/www.efeverde.com\/blog\/creadoresdeopinion\/pensar-el-mundo-de-manana-reconstruir-en-verde-por-florent-marcellesi-coportavoz-de-equo-y-ex-eurodiputado-de-los-verdes-europeos\/<\/a> <a href=\"#post-13347-footnote-ref-10\">\u2191<\/a><\/p>\n<\/li>\n<\/ol>\n","protected":false},"excerpt":{"rendered":"<p>Galde 32 udaberria\/2021\/primavera.\u00a0Florent Marcellesi, coportavoz de EQUO.- Se trata de escapar del dilema crecentista y construir una econom\u00eda post-crecimiento que satisfaga las necesidades de la ciudadan\u00eda y que respete los l\u00edmites ecol\u00f3gicos del planeta. Solo una transici\u00f3n a la vez ecol\u00f3gica y justa, entendida como herramienta de transformaci\u00f3n estructural puede responder a este doble reto.<\/p>\n","protected":false},"author":2,"featured_media":13349,"comment_status":"closed","ping_status":"open","sticky":false,"template":"","format":"standard","meta":{"footnotes":""},"categories":[2,5],"tags":[],"class_list":["post-13347","post","type-post","status-publish","format-standard","has-post-thumbnail","hentry","category-dossier","category-politica","revista-galde-n32"],"_links":{"self":[{"href":"https:\/\/www.galde.eu\/es\/wp-json\/wp\/v2\/posts\/13347","targetHints":{"allow":["GET"]}}],"collection":[{"href":"https:\/\/www.galde.eu\/es\/wp-json\/wp\/v2\/posts"}],"about":[{"href":"https:\/\/www.galde.eu\/es\/wp-json\/wp\/v2\/types\/post"}],"author":[{"embeddable":true,"href":"https:\/\/www.galde.eu\/es\/wp-json\/wp\/v2\/users\/2"}],"replies":[{"embeddable":true,"href":"https:\/\/www.galde.eu\/es\/wp-json\/wp\/v2\/comments?post=13347"}],"version-history":[{"count":0,"href":"https:\/\/www.galde.eu\/es\/wp-json\/wp\/v2\/posts\/13347\/revisions"}],"wp:featuredmedia":[{"embeddable":true,"href":"https:\/\/www.galde.eu\/es\/wp-json\/wp\/v2\/media\/13349"}],"wp:attachment":[{"href":"https:\/\/www.galde.eu\/es\/wp-json\/wp\/v2\/media?parent=13347"}],"wp:term":[{"taxonomy":"category","embeddable":true,"href":"https:\/\/www.galde.eu\/es\/wp-json\/wp\/v2\/categories?post=13347"},{"taxonomy":"post_tag","embeddable":true,"href":"https:\/\/www.galde.eu\/es\/wp-json\/wp\/v2\/tags?post=13347"}],"curies":[{"name":"wp","href":"https:\/\/api.w.org\/{rel}","templated":true}]}}