{"id":13284,"date":"2021-03-25T11:44:33","date_gmt":"2021-03-25T10:44:33","guid":{"rendered":"https:\/\/www.galde.eu\/?p=13284"},"modified":"2021-03-27T10:52:19","modified_gmt":"2021-03-27T09:52:19","slug":"luces-y-sombras-del-pacto-verde-europeo","status":"publish","type":"post","link":"https:\/\/www.galde.eu\/es\/luces-y-sombras-del-pacto-verde-europeo\/","title":{"rendered":"Luces y sombras del Pacto Verde Europeo"},"content":{"rendered":"<p><a href=\"https:\/\/www.galde.eu\/wp-content\/uploads\/2021\/03\/AerogeneradoresIrunea.tif\"><img decoding=\"async\" class=\"aligncenter size-full wp-image-13286 colorbox-13284\" src=\"https:\/\/www.galde.eu\/wp-content\/uploads\/2021\/03\/AerogeneradoresIrunea.tif\" alt=\"\" data-id=\"13286\" \/><\/a><\/p>\n<p><a href=\"https:\/\/www.galde.eu\/wp-content\/uploads\/2021\/03\/AerogeneradoresIrunea-1.tif\"><img decoding=\"async\" class=\"aligncenter size-full wp-image-13287 colorbox-13284\" src=\"https:\/\/www.galde.eu\/wp-content\/uploads\/2021\/03\/AerogeneradoresIrunea-1.tif\" alt=\"\" data-id=\"13287\" \/><\/a><\/p>\n<div class=\"page\" title=\"Page 22\">\n<div class=\"layoutArea\">\n<div class=\"column\"><div id=\"attachment_13290\" style=\"width: 590px\" class=\"wp-caption aligncenter\"><a href=\"https:\/\/www.galde.eu\/wp-content\/uploads\/2021\/03\/AerogeneradoresIrunea.jpg\"><img loading=\"lazy\" decoding=\"async\" aria-describedby=\"caption-attachment-13290\" class=\"size-full wp-image-13290 colorbox-13284\" src=\"https:\/\/www.galde.eu\/wp-content\/uploads\/2021\/03\/AerogeneradoresIrunea.jpg\" alt=\"\" width=\"580\" height=\"417\" data-id=\"13290\" srcset=\"https:\/\/www.galde.eu\/wp-content\/uploads\/2021\/03\/AerogeneradoresIrunea.jpg 580w, https:\/\/www.galde.eu\/wp-content\/uploads\/2021\/03\/AerogeneradoresIrunea-300x216.jpg 300w\" sizes=\"auto, (max-width: 580px) 100vw, 580px\" \/><\/a><p id=\"caption-attachment-13290\" class=\"wp-caption-text\">La niebla cubre un campo de aerogeneradores cerca de Pamplona. Fotograf\u00eda: Jes\u00fas Diges<\/p><\/div><\/p>\n<p style=\"text-align: center;\"><strong><span style=\"background-color: #ffffff; color: #ff0000;\">\u00bfEs posible una transicio\u0301n ecolo\u0301gica justa sin cambio de modelo econo\u0301mico?<\/span><\/strong><\/p>\n<\/div>\n<\/div>\n<\/div>\n<p>Galde 32 udaberria\/2021\/primavera. Colectivo Mugalariak.-<\/p>\n<p>El Pacto Verde Europeo se viene presentando como la hoja de ruta para la transformaci\u00f3n econ\u00f3mica de la UE en claves de sostenibilidad y equidad. Un pacto, acompa\u00f1ado de una serie de medidas que deber\u00e1n aprobarse durante los pr\u00f3ximos dos a\u00f1os y que presentan como necesarias para asegurar una transici\u00f3n socioecol\u00f3gica justa.<\/p>\n<p>Asimismo, se espera que el Pacto Verde y sus objetivos sean el pilar fundamental de la recuperaci\u00f3n econ\u00f3mica tras la crisis provocada por el coronavirus. Para ello, la Uni\u00f3n Europea ha creado un Mecanismo de Recuperaci\u00f3n y Resiliencia (Plan de Recuperaci\u00f3n y Resiliencia) dotado con cerca de 700.000 millones de euros, adem\u00e1s del Plan de Inversiones del propio Pacto Verde. El Fondo de Transici\u00f3n Justa es parte del Plan de Inversiones del Pacto Verde. Muchos pa\u00edses europeos, entre ellos Espa\u00f1a, vienen planteando utilizar dichos paquetes de medidas como palanca para la recuperaci\u00f3n econ\u00f3mica de la crisis provocada por la Covid, transformando Europa en un modelo econ\u00f3mico sostenible, justo, clim\u00e1ticamente neutro, eficiente en el uso de los recursos y que proteja el capital natural de la UE y la salud de los ciudadanos de los riesgos medioambientales.<\/p>\n<p>Ambos fondos aprobados por la UE, junto a otros instrumentos de financiaci\u00f3n europeos, han despertado unas enormes expectativas y una loca carrera por la consecuci\u00f3n de financiaci\u00f3n para muy diferentes programas y proyectos impulsados por los gobiernos estatales y regionales, as\u00ed como empresas, universidades y otras entidades.\u00a0<\/p>\n<p>Ahora bien \u00bfEs posible una transici\u00f3n ecol\u00f3gica justa sin cambio de modelo econ\u00f3mico? Lo cierto es que en este ya prolongado contexto pand\u00e9mico, las incertidumbres sobre las medidas a tomar para hacer frente a la crisis socioecon\u00f3mica que padecemos son evidentes, como lo eran ya antes. Sin embargo, como se ha podido observar, muchos de los programas preparados por los gobiernos, o anunciados como iniciativas para la recuperaci\u00f3n socioecon\u00f3mica vienen a ser \u201cm\u00e1s de lo mismo\u201d, proyectos e iniciativas anclados en el modelo productivo basado en el uso intensivo de materiales, energ\u00eda, agua y suelo, consumista y empobrecedor de amplias capas de la poblaci\u00f3n. Por ello, las dudas que surgen sobre el alcance de este Pacto Verde son m\u00e1s que razonables, ante lo que para muchos puede ser\u00a0 una perpetuaci\u00f3n del modelo actual de crecimiento con peque\u00f1os retoques que no afecten a sus aspectos esenciales que son los que, a la postre, est\u00e1n en la base de la crisis ecol\u00f3gica y social que padecemos.<\/p>\n<div class=\"page\" title=\"Page 2\">\n<div class=\"layoutArea\">\n<div class=\"column\">\n<p>&nbsp;<\/p>\n<\/div>\n<\/div>\n<\/div>\n","protected":false},"excerpt":{"rendered":"<p>Galde 32 udaberria\/2021\/primavera. Colectivo Mugalariak.- Muchos de los programas preparados por los gobiernos, o anunciados como iniciativas para la recuperaci\u00f3n socioecon\u00f3mica vienen a ser \u201cm\u00e1s de lo mismo\u201d, anclados en el modelo productivo basado en el uso intensivo de materiales, energ\u00eda, agua y suelo, consumista y empobrecedor de amplias capas de la poblaci\u00f3n. Las dudas [&hellip;]<\/p>\n","protected":false},"author":2,"featured_media":13291,"comment_status":"closed","ping_status":"open","sticky":false,"template":"","format":"standard","meta":{"footnotes":""},"categories":[2,5],"tags":[],"class_list":["post-13284","post","type-post","status-publish","format-standard","has-post-thumbnail","hentry","category-dossier","category-politica","revista-galde-n32"],"_links":{"self":[{"href":"https:\/\/www.galde.eu\/es\/wp-json\/wp\/v2\/posts\/13284","targetHints":{"allow":["GET"]}}],"collection":[{"href":"https:\/\/www.galde.eu\/es\/wp-json\/wp\/v2\/posts"}],"about":[{"href":"https:\/\/www.galde.eu\/es\/wp-json\/wp\/v2\/types\/post"}],"author":[{"embeddable":true,"href":"https:\/\/www.galde.eu\/es\/wp-json\/wp\/v2\/users\/2"}],"replies":[{"embeddable":true,"href":"https:\/\/www.galde.eu\/es\/wp-json\/wp\/v2\/comments?post=13284"}],"version-history":[{"count":0,"href":"https:\/\/www.galde.eu\/es\/wp-json\/wp\/v2\/posts\/13284\/revisions"}],"wp:featuredmedia":[{"embeddable":true,"href":"https:\/\/www.galde.eu\/es\/wp-json\/wp\/v2\/media\/13291"}],"wp:attachment":[{"href":"https:\/\/www.galde.eu\/es\/wp-json\/wp\/v2\/media?parent=13284"}],"wp:term":[{"taxonomy":"category","embeddable":true,"href":"https:\/\/www.galde.eu\/es\/wp-json\/wp\/v2\/categories?post=13284"},{"taxonomy":"post_tag","embeddable":true,"href":"https:\/\/www.galde.eu\/es\/wp-json\/wp\/v2\/tags?post=13284"}],"curies":[{"name":"wp","href":"https:\/\/api.w.org\/{rel}","templated":true}]}}