{"id":13243,"date":"2021-03-25T12:00:32","date_gmt":"2021-03-25T11:00:32","guid":{"rendered":"https:\/\/www.galde.eu\/?p=13243"},"modified":"2025-10-22T00:04:33","modified_gmt":"2025-10-21T22:04:33","slug":"numero-32-de-galde-%c2%b7sumario","status":"publish","type":"post","link":"https:\/\/www.galde.eu\/es\/numero-32-de-galde-%c2%b7sumario\/","title":{"rendered":"N\u00famero 32 de GALDE \u00b7sumario"},"content":{"rendered":"<p><a href=\"https:\/\/www.galde.eu\/wp-content\/uploads\/2021\/03\/PortadaW.jpg\"><img loading=\"lazy\" decoding=\"async\" class=\"aligncenter size-medium wp-image-13245 colorbox-13243\" src=\"https:\/\/www.galde.eu\/wp-content\/uploads\/2021\/03\/PortadaW-216x300.jpg\" alt=\"\" width=\"216\" height=\"300\" data-id=\"13245\" srcset=\"https:\/\/www.galde.eu\/wp-content\/uploads\/2021\/03\/PortadaW-216x300.jpg 216w, https:\/\/www.galde.eu\/wp-content\/uploads\/2021\/03\/PortadaW.jpg 580w\" sizes=\"auto, (max-width: 216px) 100vw, 216px\" \/><\/a><\/p>\n<p>&nbsp;<\/p>\n<p><span class=\"s2\"><b>**<\/b><a href=\"https:\/\/drive.google.com\/file\/d\/1Cn7NKQ_gxFCgMP8xg70I3eTRjkEjgUTf\/view?usp=sharing\" target=\"_blank\" rel=\"noopener noreferrer\">Revista Galde 32 completa en pdf<\/a><br \/>\n**<a href=\"https:\/\/drive.google.com\/file\/d\/1SWFNtCGuCwQ-AoVmuEeDdwTXTLvZWxgd\/view?usp=sharing\" target=\"_blank\" rel=\"noopener noreferrer\">Dosier Galde 32 en pdf: Pacto Verde Europeo<\/a><br \/>\n<\/span><span class=\"s2\"><b>**<\/b><a href=\"https:\/\/drive.google.com\/open?id=0B-6NvzniCy2GfmtoS3dPQWFSY2lfczROZEJaN0xsX3NzbEZFeW00cmtUNlhXMUxaUXUtdlk\" target=\"_blank\" rel=\"noopener noreferrer\"><span class=\"s5\"><b>Archivo de todas las revistas de Galde en pdf<\/b><\/span><\/a>\u00a0<\/span><\/p>\n<p><strong>Galde 32 udaberria\/2021\/primavera\u00a0<\/strong><\/p>\n<div class=\"column\">\n<p><strong>aurkibidea sumario\u00a0<\/strong><\/p>\n<div class=\"page\" title=\"Page 1\">\n<div class=\"layoutArea\">\n<div class=\"column\">\n<p><strong>ELKARRIZKETA\u00a0<\/strong><\/p>\n<\/div>\n<\/div>\n<\/div>\n<p><strong>04<\/strong>. <a href=\"https:\/\/www.galde.eu\/elkarrizketa-mikel-reparazekin-solasean\/\">Mikel Reparazekin solasean<\/a>. <a href=\"https:\/\/www.galde.eu\/autores\/inaki-irazabalbeitia-fernandez\/\"><em><strong>Inaki Irazabalbeitia<\/strong><\/em><\/a><\/p>\n<div class=\"page\" title=\"Page 2\">\n<div class=\"layoutArea\">\n<div class=\"column\">\n<p><strong>BEGIRADAK\u00a0<\/strong><\/p>\n<p><strong>08<\/strong>. <a href=\"https:\/\/www.galde.eu\/guerra-cultural-en-madrid\/\">Con luces largas: Guerra cultural en Madrid<\/a>. <a href=\"https:\/\/www.galde.eu\/autores\/alberto-surio\/\"><strong><em>Alberto Surio\u00a0<\/em><\/strong><\/a><\/p>\n<p><strong>10<\/strong>. <a href=\"https:\/\/www.galde.eu\/tortura-al-hilo-del-caso-gonzalez-etayo-contra-espana\/\">Tortura al hilo del caso Gonza\u0301lez Etayo contra Espan\u0303a<\/a>. <strong><em><a href=\"https:\/\/www.galde.eu\/autores\/jon-mirena-landa-gorostiza\/\">Jon-Mirena Landa Gorostiza<\/a><\/em><\/strong><\/p>\n<p><strong>12<\/strong>. <a href=\"https:\/\/www.galde.eu\/trans-en-el-punto-de-mira\/\">Trans en el punto de mira<\/a>. <a href=\"josebe\"><strong><em>Josebe Iturrioz<\/em><\/strong><\/a><\/p>\n<p><strong>14<\/strong>. <a href=\"https:\/\/www.galde.eu\/vivir-en-transito\/\">Vivir en tra\u0301nsito<\/a>. <a href=\"santi\">Santiago Eraso Beloki<\/a><\/p>\n<p><strong>17<\/strong>. <a href=\"https:\/\/www.galde.eu\/las-vidas-de-todas-en-el-centro\/\">Las vidas de todas, en el centro<\/a>. <a href=\"http:\/\/anaitze\" target=\"_blank\" rel=\"noopener\"><strong><em>Anaitze Agirre<\/em><\/strong><\/a>, <a href=\"https:\/\/www.galde.eu\/autores\/silvana-luciani\/\" target=\"_blank\" rel=\"noopener\"><em><strong>Silvana Luciani<\/strong><\/em><\/a><\/p>\n<p><strong>18<\/strong>. <a href=\"https:\/\/www.galde.eu\/un-fantasma-verde-recorre-el-mundo\/\">Un fantasma, verde, recorre el mundo<\/a>. <strong><em><a href=\"https:\/\/www.galde.eu\/autores\/tamara-martinez-ortiz\/\" target=\"_blank\" rel=\"noopener\">Tamara Marti\u0301nez<\/a><\/em><\/strong><\/p>\n<p><strong>20<\/strong>. <a href=\"https:\/\/www.galde.eu\/ibiltari-baten-egunkaritik-historias-de-la-pandemia\/\">Ibiltari baten egunkaritik: Historias de la pandemia<\/a>. <a href=\"https:\/\/www.galde.eu\/autores\/lourdes-onederra\/\"><strong><em>Lourdes On\u0303ederra<\/em><\/strong><\/a><\/p>\n<div class=\"page\" title=\"Page 2\">\n<div class=\"layoutArea\">\n<div class=\"column\">\n<p><strong><a href=\"https:\/\/www.galde.eu\/dosier-galde-32-pacto-verde-europeo\/\">DOSIER. Pacto Verde Europeo<\/a>. <a href=\"https:\/\/www.galde.eu\/es\/dosier-galde-32-pacto-verde-europeo\/#intro\">Introducci\u00f3n<\/a><\/strong><\/p>\n<div class=\"page\" title=\"Page 2\">\n<div class=\"layoutArea\">\n<div class=\"column\">\n<p><strong>22<\/strong>. <a href=\"https:\/\/www.galde.eu\/luces-y-sombras-del-pacto-verde-europeo\/\">Luces y sombras del Pacto Verde Europeo<\/a>. <a href=\"mugala\"><strong><em>Colectivo Mugalariak<\/em><\/strong><\/a><\/p>\n<p><strong>23<\/strong>. <a title=\"Enlace permanente a la entrevista con el comisario europeo Virginijus Sinkevicius\" href=\"https:\/\/www.galde.eu\/entrevista-a-virginijus-sinkevicius\/\" rel=\"bookmark\">Entrevista al comisario europeo de Medio Ambiente Virginijus Sinkevicius<\/a>. <strong><em><a href=\"manu\">Manu Gonza\u0301lez Baragan\u0303a<\/a>, <a href=\"aldu\u00e1n\">Alfonso Sanz Aldu\u00e1n<\/a><\/em><\/strong><\/p>\n<p><strong>27<\/strong>. <a href=\"https:\/\/www.galde.eu\/dar-la-vuelta-al-sistema-para-entrar-en-numeros-verdes\/\">Dar la vuelta al sistema para entrar en nu\u0301meros verdes<\/a>. <em><strong><a href=\"https:\/\/www.galde.eu\/autores\/mario-rodriguez-vargas\/\">Mario Rodr\u00edguez Vargas. Greenpeace\u00a0<\/a><\/strong><\/em><\/p>\n<\/div>\n<\/div>\n<div class=\"layoutArea\">\n<div class=\"column\">\n<p><strong>30<\/strong>. <a href=\"https:\/\/www.galde.eu\/limites-materiales-como-de-verdes-son-las-energias-verdes\/\">Li\u0301mites materiales. \u00bfCo\u0301mo de \u00abverdes\u00bb son las energi\u0301as verdes<\/a>. <strong><em><a href=\"alicia\">Alicia Valero Delgado<\/a>, <a href=\"Guiomar\">Guiomar Calvo Sevillano<\/a><\/em><\/strong><\/p>\n<p><strong>32<\/strong>. <a href=\"https:\/\/www.galde.eu\/pacto-verde-europeo-de-que-sostenibilidad-hablamos\/\">Pacto Verde Europeo: \u00bfde qu\u00e9 sostenibilidad hablamos?<\/a> <a href=\"https:\/\/www.galde.eu\/autores\/andres-herrera\/\"><strong><em>Andre\u0301s Fernando Herrera<\/em><\/strong><\/a><\/p>\n<p><strong>34<\/strong>. <a href=\"https:\/\/www.galde.eu\/el-pacto-verde-europeo-llave-para-una-transicion-ecologica-y-justa\/#post-13347-footnote-ref-1\">El Pacto Verde Europeo, \u00bfllave para una transici\u00f3n ecol\u00f3gica y justa?<\/a> <a href=\"El%20Pacto Verde Europeo, \u00bfllave para una transici\u00f3n ecol\u00f3gica y justa?\"><strong><em>Florent Marcellesi<\/em><\/strong><\/a><\/p>\n<p><strong>37<\/strong>. <a href=\"https:\/\/www.galde.eu\/pacto-verde-europeo-en-espana-ultima-oportunidad-para-la-reconversion-ecologica-del-pais\/\">Pacto verde europeo en Espa\u00f1a: \u00faltima oportunidad para la reconversi\u00f3n ecol\u00f3gica del pa\u00eds<\/a>. <em><strong><a href=\"https:\/\/www.galde.eu\/autores\/fernando-prieto\/\">Fernando Prieto<\/a>, <a href=\"https:\/\/www.galde.eu\/autores\/carlos-alfonso\/\">Carlos Alfonso<\/a>, <a href=\"https:\/\/www.galde.eu\/autores\/alvaro-gaertner\/\">Alvaro Gaertner<\/a><\/strong><\/em><\/p>\n<p><strong>40<\/strong>. <a href=\"https:\/\/www.galde.eu\/pacto-verde-y-retos-para-la-nueva-gobernanza\/\">Pacto verde y retos para la nueva Gobernanza<\/a>. <a href=\"https:\/\/www.galde.eu\/autores\/juanjo-alvarez\/\"><em><strong>Juanjo A\u0301lvarez<\/strong><\/em><\/a><\/p>\n<p><strong>42<\/strong>. <a href=\"https:\/\/www.galde.eu\/tipo-transicion-hace-falta-espana\/\">Que tipo de transicio\u0301n hace falta en Espan\u0303a<\/a>. <strong><em><a href=\"https:\/\/www.galde.eu\/autores\/luis-gonzalez-reyes\/\">Luis Gonz\u00e1lez Reyes<\/a><\/em><\/strong><\/p>\n<p><strong>44<\/strong>. <a href=\"https:\/\/www.galde.eu\/ebk-trantsizio-ekologikoa\/\">EBk trantsizio ekologikoa erabiltzen du bere betiko politikak zuritzeko<\/a>.<strong><em> <a href=\"https:\/\/www.galde.eu\/autores\/ainhara-plazaola\/\">Ainhara Plazaola<\/a><\/em><\/strong><\/p>\n<p><strong>46<\/strong>. <a href=\"https:\/\/www.galde.eu\/construccion-ecologica-economia\/\">Por la reconstruccio\u0301n ecolo\u0301gica de la economi\u0301a<\/a>. <strong><em><a href=\"https:\/\/www.galde.eu\/autores\/unai-pascual\/\">Unai Pascual<\/a><\/em><\/strong><\/p>\n<p><strong>48<\/strong>. <a href=\"https:\/\/www.galde.eu\/libros-y-referencias-para-el-dosier-galde-32\/\">Libros y referencias para el dosier Galde 32<\/a><\/p>\n<div class=\"page\" title=\"Page 3\">\n<div class=\"section\">\n<div class=\"layoutArea\">\n<div class=\"column\">\n<p><strong>MUNDUAN ZEHAR &#8211; INTERNACIONAL<\/strong><\/p>\n<p><strong>49<\/strong>. <a href=\"https:\/\/www.galde.eu\/los-barbaros-asaltan-el-capitolio-mientras-neron-incendia-washington\/\">Los ba\u0301rbaros asaltan el Capitolio, mientras Nero\u0301n incendia Washington<\/a>. <em><strong>Oskar Aguado Cantabrana<\/strong><\/em>, <strong><em>Jonatan Pe\u0301rez Mostazo<\/em><\/strong>.<\/p>\n<p><strong>52<\/strong>. <a href=\"https:\/\/www.galde.eu\/guerra-en-el-sahara\/\">\u00bfGuerra en el Sahara?<\/a> <a href=\"https:\/\/www.galde.eu\/autores\/jesus-l-garay-hinojal\/\"><em><strong>Jesu\u0301s L. Garay Hinojal<\/strong><\/em><\/a><\/p>\n<p><strong>54<\/strong>. <a href=\"https:\/\/www.galde.eu\/sobre-historia-y-memoria-ecos-de-la-guerra-de-estatuas\/\">Sobre historia y memoria: Ecos de la guerra de estatuas<\/a>. <a href=\"dupl\"><em><strong>Antonio Dupla\u0301<\/strong><\/em><\/a><\/p>\n<p><strong>OCKHAMEN LABANA<\/strong><\/p>\n<p><strong>57<\/strong>. <a href=\"botoia\">Botoia sakatzeak zer ingurugiro-eragin?<\/a> <a href=\"inaki\"><em><strong>Inaki Irazabalbeitia<\/strong><\/em><\/a><\/p>\n<div class=\"page\" title=\"Page 3\">\n<div class=\"section\">\n<div class=\"layoutArea\">\n<div class=\"column\">\n<p><strong>IKUSMIRA<\/strong><\/p>\n<p><strong>58<\/strong>. <a href=\"https:\/\/www.galde.eu\/ikusmira-4-argazkiak\/\">4 argazkiak<\/a>. <em><strong><a href=\"https:\/\/www.galde.eu\/autores\/melissa-Ianniello\/\">Melissa Ianniello<\/a><\/strong><\/em><\/p>\n<p><strong>KULTURA<\/strong><\/p>\n<p><strong>60<\/strong>. Periskopioa: Furia en las redes, fuego en las calles. J. &amp; A.<\/p>\n<p><strong>62<\/strong>. Joan Baez. Mu\u0301sica y compromiso. Begon\u0303a Muruaga.<\/p>\n<p><strong>64<\/strong>. Resen\u0303a: El hijo del chofer, Jordi Amat. In\u0303aki Bolibar.<\/p>\n<p><strong>65<\/strong>. Resen\u0303a: Un paraiso en el infierno, Rebecca Solnit. M.G.<\/p>\n<p><strong>66<\/strong>. Dicen: Sira Rego, Daniel Innerarity, Sabin\u0303e Zurutuza,&#8230;<\/p>\n<\/div>\n<\/div>\n<\/div>\n<\/div>\n<hr \/>\n<p><strong>Editorial Galde 32<\/strong><\/p>\n<div class=\"page\" title=\"Page 3\">\n<div class=\"section\">\n<div class=\"layoutArea\">\n<div class=\"column\">\n<p>La pandemia continu\u0301a, la vida sigue, llega la primavera (con mucho fri\u0301o por ahora), GALDE sale de nuevo a la calle con su nu\u0301mero 32. No por coincidencia con el inicio de la primavera y el verde que promete, sino por el intere\u0301s y la importancia estrate\u0301gica del tema, el dosier central esta\u0301 dedicado en este nu\u0301mero al <strong>Pacto Verde Europeo<\/strong>, el gran Plan que la Unio\u0301n Europea ha disen\u0303ado para un cambio radical en la estrategia de crecimiento que ponga en primer plano la sostenibilidad, los valores medioambientales y unas nuevas relaciones sociales. Grandes palabras y grandes proyectos que, como se dice en la introduccio\u0301n del dosier, han levantado \u00abtantas expectativas como dudas\u00bb. Como un sobresaliente logro de los coordinadores del dosier habri\u0301a que destacar la entrevista a Virginijus Sinkevicius, Comisario Europeo de Medio Ambiente, Oce\u0301anos y Pesca, dicho esto naturalmente sin restar un a\u0301pice del intere\u0301s del resto de participantes. A las colaboraciones habituales de Jaso\u0301n y sus Argonautas, la siempre caminante, las luces largas u Ockham, nuestra atenta mirada a la realidad a trave\u0301s de la reflexio\u0301n y las ideas se abre a varios temas de intere\u0301s. Entre otros, desde la reciente aprobacio\u0301n de la ley del aborto en Argentina o el debate aqui\u0301 sobre la \u00abley trans\u00bb a la situacio\u0301n en el Sahara o la nueva colleja del Tribunal Europeo de Derechos Humanos al Gobierno espan\u0303ol en el tema de la tortura, cuando todavi\u0301a estamos sobrecogidos por la terrori\u0301fica conversacio\u0301n entre los miembros de la Guardia Civil Perote y Garci\u0301a Nieto sobre lo ocurrido en Intxaurrondo. La realidad estadounidense, distante fi\u0301sicamente pero siempre influyente poli\u0301ticamente, aparece tambie\u0301n en este nu\u0301mero, tanto sobre los an\u0303os de Trump y su violenta despedida como sobre las nuevas perspectivas con el recie\u0301n elegido Presidente Joe Biden, incluyendo una entrevista con Mikel Reparaz.<\/p>\n<p>Baina askoz gehiago dago, beti bezala. Uda hasieran berriro ikusten garenean, hauteskundeak gertatuak izango dira Madrilen eta agian mapa politikoa aldatu egin da, ustekabeko ondorioekin. Ikusiko dugu. Bitartean, iritsi dadila mundu osora txertoa. Ondo izan.<\/p>\n<\/div>\n<\/div>\n<\/div>\n<\/div>\n<\/div>\n<\/div>\n<\/div>\n<\/div>\n<\/div>\n<\/div>\n<\/div>\n<\/div>\n<\/div>\n<\/div>\n<\/div>\n<\/div>\n<\/div>\n<\/div>\n","protected":false},"excerpt":{"rendered":"<p>&nbsp; **Revista Galde 32 completa en pdf **Dosier Galde 32 en pdf: Pacto Verde Europeo **Archivo de todas las revistas de Galde en pdf\u00a0 Galde 32 udaberria\/2021\/primavera\u00a0 aurkibidea sumario\u00a0 ELKARRIZKETA\u00a0 04. Mikel Reparazekin solasean. Inaki Irazabalbeitia BEGIRADAK\u00a0 08. Con luces largas: Guerra cultural en Madrid. Alberto Surio\u00a0 10. Tortura al hilo del caso Gonza\u0301lez Etayo [&hellip;]<\/p>\n","protected":false},"author":2,"featured_media":13246,"comment_status":"closed","ping_status":"closed","sticky":false,"template":"","format":"standard","meta":{"footnotes":""},"categories":[61,60],"tags":[],"class_list":["post-13243","post","type-post","status-publish","format-standard","has-post-thumbnail","hentry","category-indicedossier","category-indicerevistas","revista-galde-n32"],"_links":{"self":[{"href":"https:\/\/www.galde.eu\/es\/wp-json\/wp\/v2\/posts\/13243","targetHints":{"allow":["GET"]}}],"collection":[{"href":"https:\/\/www.galde.eu\/es\/wp-json\/wp\/v2\/posts"}],"about":[{"href":"https:\/\/www.galde.eu\/es\/wp-json\/wp\/v2\/types\/post"}],"author":[{"embeddable":true,"href":"https:\/\/www.galde.eu\/es\/wp-json\/wp\/v2\/users\/2"}],"replies":[{"embeddable":true,"href":"https:\/\/www.galde.eu\/es\/wp-json\/wp\/v2\/comments?post=13243"}],"version-history":[{"count":1,"href":"https:\/\/www.galde.eu\/es\/wp-json\/wp\/v2\/posts\/13243\/revisions"}],"predecessor-version":[{"id":18612,"href":"https:\/\/www.galde.eu\/es\/wp-json\/wp\/v2\/posts\/13243\/revisions\/18612"}],"wp:featuredmedia":[{"embeddable":true,"href":"https:\/\/www.galde.eu\/es\/wp-json\/wp\/v2\/media\/13246"}],"wp:attachment":[{"href":"https:\/\/www.galde.eu\/es\/wp-json\/wp\/v2\/media?parent=13243"}],"wp:term":[{"taxonomy":"category","embeddable":true,"href":"https:\/\/www.galde.eu\/es\/wp-json\/wp\/v2\/categories?post=13243"},{"taxonomy":"post_tag","embeddable":true,"href":"https:\/\/www.galde.eu\/es\/wp-json\/wp\/v2\/tags?post=13243"}],"curies":[{"name":"wp","href":"https:\/\/api.w.org\/{rel}","templated":true}]}}