{"id":13015,"date":"2020-12-22T11:58:02","date_gmt":"2020-12-22T10:58:02","guid":{"rendered":"https:\/\/www.galde.eu\/?p=13015"},"modified":"2021-02-04T06:43:28","modified_gmt":"2021-02-04T05:43:28","slug":"elkarrizketa-ane-gabarain-zorrotz-baina-askatasunarekin-con-rigor-pero-con-libertad","status":"publish","type":"post","link":"https:\/\/www.galde.eu\/es\/elkarrizketa-ane-gabarain-zorrotz-baina-askatasunarekin-con-rigor-pero-con-libertad\/","title":{"rendered":"ELKARRIZKETA: Ane Gabarain. Zorrotz baina askatasunarekin. Con rigor pero con libertad"},"content":{"rendered":"<p><a href=\"https:\/\/www.galde.eu\/wp-content\/uploads\/2020\/12\/Gabarain.jpg\"><img loading=\"lazy\" decoding=\"async\" class=\"aligncenter size-full wp-image-13018 colorbox-13015\" src=\"https:\/\/www.galde.eu\/wp-content\/uploads\/2020\/12\/Gabarain.jpg\" alt=\"\" width=\"580\" height=\"329\" data-id=\"13018\" srcset=\"https:\/\/www.galde.eu\/wp-content\/uploads\/2020\/12\/Gabarain.jpg 580w, https:\/\/www.galde.eu\/wp-content\/uploads\/2020\/12\/Gabarain-300x170.jpg 300w\" sizes=\"auto, (max-width: 580px) 100vw, 580px\" \/><\/a><\/p>\n<p>&nbsp;<\/p>\n<div>\n<p>Galde 31, negua\/2021\/invierno. Lourdes O\u00f1ederrak Ane Gabarain elkarrizketatu du.-<\/p>\n<p>Mediod\u00eda fresco, de sol brillante y la gran suerte de estar sentada a metro y medio de Ane Gabarain en el asiento corrido de la mollapunta donostiarra. La mascarilla acent\u00faa su mirada pensativa y no le tapa del todo la sonrisa generosa. Carcajadas, silencios y palabras se van encadenando con tanta naturalidad, que no parece que est\u00e9 entrevistando a una gran actriz con m\u00e1s de cuarenta a\u00f1os haciendo teatro, cine y televisi\u00f3n, que ahora triunfa indiscutiblemente por su trabajo como una de las protagonistas principales de la serie <em>Patria. <\/em>La serie ha recibido ya numerosos premios y la propia Gabarain ser\u00e1 nominada, el d\u00eda siguiente de nuestro encuentro, para los premios Forqu\u00e9. Como para animarme, dice que les han hecho much\u00edsimas entrevistas: \u201cElkarrizketa asko egin ditugu\u201d, con \u201cs\u201d prolongada en \u201casko\u201d. Pongo en marcha la grabadora:<\/p>\n<\/div>\n<p><strong>Lourdes O\u00f1ederra. <\/strong><strong>Biolentzia ez da ETArena bakarrik izan. Halere garbi dago \u201ceuskalzaletasunaren munduan\u201d, alor lauso hori nolabait deitzeagatik, gehienbat falta izan zaiguna ETAren biktimekiko kontzientzia izan dela. <em>Patria-<\/em>rekin hortxe jartzen da arreta-gunea, ETAren biktima batengan dago haria. Kontakizunaren eraginkortasuna handitzen du, hemengo aktoreek antzeztea, zu bezala oso ezagunak, gainera, gehienak. Izango zuen horrek eraginik zuen inguruan. Maiz gertukoenengandik isiltasuna da jasotzen dena.<\/strong><\/p>\n<p><strong>Ane Gabarain. <\/strong>Bai, ingurukoen isiltasuna. Nik ere horrela jaso dut, gertu-gertuko jendearen isiltasuna\u2026 Baina, zer esango dizut, horretan ja nahiko jorratuta gaude. Nik ez dakit normala den edo ez, baina ja ikasi dut normaltzat ematen, hori gestionatzen nolabait; jartzen naiz nolabait horren gainetik. Bestela ezingo genuke bizi ere egin, ez? Egia da batzuetan egonezina sortzen duela. Dudarik gabe, isiltasunak kritika zuzenak baino pisu handiagoa du.<\/p>\n<p>S\u00ed, s\u00ed que he percibido el silencio del entorno m\u00e1s cercano, el silencio de gente muy cercana. Pero, qu\u00e9 te voy a decir, estamos bastante curtidos ya. No s\u00e9 si es normal o no, pero ya he aprendido a considerarlo normal, a gestionarlo de alguna manera; me pongo como por encima. Si no, no podr\u00edamos vivir, \u00bfno? Ciertamente produce desasosiego a veces. Indudablemente, el silencio tiene un peso mayor que la cr\u00edtica abierta.<\/p>\n<p><strong>Ez da halere Estatuaren biolentzia falta, uste dut ikusi gabe kritikatu dutela batek baino gehiagok\u2026 <\/strong><\/p>\n<p><strong>A.G.<\/strong> Nik ere hala uste dut. Irakurri nuen kritika batek esaten zuena ikusita, pentsatu nuen idatzi zuenak ez zuela seriea ikusia. Beste batzuekin ere berdin; baina, bueno, liburuarekin gauza berbera gertatu zen. Irakurri ere egin gabe, jende asko zegoen baztertu egin zuena. Uste dut seriea nahiko ekilibratua dela zentzu horretan, Estatuaren biolentzia ere erakuste horretan. Fokua dago dagoen lekuan, noski.<\/p>\n<p>Ocurri\u00f3 lo mismo con el libro. Hubo mucha gente que lo rechaz\u00f3 sin haberlo le\u00eddo. Creo que la serie es bastante equilibrada en ese sentido, en mostrar tambi\u00e9n la violencia del Estado. El foco est\u00e1 donde est\u00e1, claro<\/p>\n<p><strong>HBOk erakusteak murriztu egiten du jende askorengana iristea ala aitzakia izan daiteke?<\/strong><\/p>\n<p><strong>A.G. <\/strong>Uste dut orain plataformak oso eskuragarri direla eta formula asko daudela, gainera, serieak ikusi ahal izateko. Benetan ikusi nahi duenak ikusiko du.<\/p>\n<p><strong>Uste dut ETAren ekintzak, gure izenean egindakoak izan ziren neurrian, bereziki inplikatzen gaituztela. Vincent Lindon aktoreak zioen, inmigrazioari buruzko filme baten ondoren, egindako lanak aldatu egiten duela aktorea. Zuri hala gertatu al zaizu <em>Patria<\/em>-rekin? <\/strong><\/p>\n<p><strong>A.G. <\/strong>Dudarik gabe! Baina ez Patriarekin bakarrik: lan guztiek egiten dizute hori. Azken batean horretarako egiten dugu egiten duguna\u2026 Pixka bat pretenziosoa egiten zait nik egiten dudana \u201cartea\u201d dela esatea, nahiago dut agian \u201cartesania\u201d deitu, baina igual dio: badu noski botere transformatzaile hori, ezta? Hori du arteak. Igual margolan bat ikusten duzu, eta ez zara berdina ikusi ondoren. Berdin, musikak-eta. Egia da, noski, axola duela zer motatako lana den, zer nolako pertsonaia den egin behar duzuna, zein erregistrotan zauden, nolako proiektua den, eta abarrek. Baina, lan interesgarri batek beti eramaten zaitu prozesu batean barrena. Prozesu horretako gogoetek, ikerketak eta hainbat gauzak noski aldatzen zaituztela.<\/p>\n<p><strong>Zure rola oso gogorra da, ez dago rol bigunik istorio horretan, baina zureak ez du barkamenik, Miren gogortuz doan pertsona bat da, biolentziaren alde jartzen den ama bat. Ez kontzesiorik. Miresgarria da zein ondo betetzen duzun.<\/strong><\/p>\n<p><strong>A.G. <\/strong>Hala da, gogorra. Bukaera-bukaera aldera badu zer edo zer, badu zer edo zer! Hor dago, azken horretan, argi pixka bat, ez? Esperantza pixka bat. Orain, bai, egia: pertsonaia da&#8230; Nik, hori bideratzeko, gogoan izan nuen denok argi izan genuena: liburuan \u201ckontuko sorgina\u201d da eta nahi izan genuen sorgin hori gizakia izan zedin. Nondik jo horretarako? Ba, bere amatasuna nola bizi duen ikustetik. Nire asmoa izan da pertsonaia baldar bat jartzea, gaiztoa baino, baldarra, torpea. Zeren, zer gertatzen da? Baldarkeriak kalte handia egiten duela, batzuetan gaizktakeriak baino gehiago. Oso kaltegarria da baldarkeria. Hortik jo dugu pertsonaia honekin.<\/p>\n<p>Yo, para dar salida a eso, me atuve a lo que todos hab\u00edamos tenido claro: [mi personaje] es en el libro la bruja del cuento y quer\u00edamos que fuera persona. \u00bfC\u00f3mo conseguir eso? Pues viendo c\u00f3mo vive su maternidad. Mi intenci\u00f3n ha sido la de presentar un personaje torpe, torpe m\u00e1s que mala. Pero, \u00bfqu\u00e9 ocurre? Que la torpeza hace mucho da\u00f1o, a veces m\u00e1s que la maldad. Es muy perjudicial la torpeza. As\u00ed es como orientamos ese personaje.<\/p>\n<p><strong>Alde horretatik han-hemenka irakurtzen da eta liburuaz ere esan zen pertsonaiak direla oso\u2026 <\/strong><\/p>\n<p><strong>A.G. <\/strong>\u2026bai, pixka bat eskematikoak.<\/p>\n<p><strong>Ez zait iruditzen hori erabat hala denik liburuan, are gutxiago filmean, batez ere zure pertsonaiaren kasuan. Badirudi zuek hemengoak izateak sinesgarritasuna gehitzen diola istorioari, elkarrizketak sinesgarriagoak direla<\/strong><\/p>\n<p><strong>A.G. <\/strong>Niri iruditzen zait liburuan eskematikoagoak direla pertsonaiak. Argi genuen arazo bat zen hori eta landu egin genuen. Grabatzen eta filmatzen hasi baino lehen, gidoia aurrean geneukala, zuzendariekin-eta aztertu genuen.<\/p>\n<p><strong>Horrekin lotuta, zalaparta asko ekarri duen beste kontu bat: dena gaztelaniaz egitea zuzendariak zuekin, aktoreekin eztabaidatu omen zuen\u2026 <\/strong><\/p>\n<p><strong>A.G. <\/strong>Bai, ez zen gai erraza izan. Bi hizkuntzak erabiltzekotan, ea: zeinek egiten du zer? \u201cGaixtoak\u201d egingo du euskaraz? Gainera nobelak badu zer edo zer\u2026 pertsonaiak gazteleraz daudela sortuta. Nik uste dut hori hor dagoela. Hasten ginen elkarrizketa batzuk euskaratzen eta probatzen, eta ez zuen funtzionatzen: kuriosoa zen, baina ez zuen funtzionatzen! Adibidez, Mikel Laskurian [filmean Gabarainek antzezten duen Mirenen senarra] eta bion arteko sekuentzia batzuk euskaraz probatu genituen, momentu batean pentsatu baitzuten gure familiak euskaraz egin zezakeela&#8230; Dena galtzen zuen, aizu, esentzia galtzen zuen.<\/p>\n<p>Tiene adem\u00e1s algo la novela\u2026 que los personajes han sido creados en castellano. Creo que eso es innegable. Nos pon\u00edamos a traducir algunos di\u00e1logos y a probarlos en euskera, y no funcionaba: era curioso, \u00a1pero no funcionaba!<\/p>\n<p><strong>Gure artean naturalago den nahaste hori, euskaraz ondo moldatzen direnen gaztelania-euskara nahasketa, Aramburuk ez duelako ezagutu agian.<\/strong><\/p>\n<p><strong>A.G. <\/strong>Bai eta gero, gainera, faktore komertziala ere hor zegoen. Nola saltzen duzu halako produktu bat? Oso kontu konplikatua zen alde guztietatik.<\/p>\n<p><strong>Gauza piloa gelditu zaizkigu aipatu gabe, baina goazen Patriaz gainerakoetara: Emakume izateak zer dakar antzez-munduan, zein izan da zure eskarmentua? <\/strong><\/p>\n<p><strong>A.G. <\/strong>Nire buruaz hitz egin behar badut, ez dut nik galerarik izan emakume izateagatik. Igual zein den zure perfila aktore bezala, ezta? Nire perfila ez da ezaugarri fisiko jakin batzuekin lotutako tipa guapa horrena. Nire karrera ez da hortik igaro. Gainera, gure belaunaldia talde lanetik dator eta, lanik eduki ez dugunean, inbentatu egin dugu. Bestalde, izakerak eta izakerak daude, eta egia ere bada ofizio honetan gainerakoetan bezala gertatzen direla zenbait gauza\u2026<\/p>\n<p>Si tengo que hablar de m\u00ed misma, la verdad es que no me ha perjudicado el ser mujer. Tal vez depende de tu perfil como actriz, \u00bfno? Mi perfil no es el de la guapa que tiene determinadas caracter\u00edsticas f\u00edsicas. Mi carrera no se ha desarrollado por ah\u00ed. Adem\u00e1s, creo que nuestra generaci\u00f3n viene del trabajo en grupo y, cuando no ten\u00edamos trabajo, lo invent\u00e1bamos. Por otra parte, hay personalidades y personalidades, y claro que que en este oficio ocurren, como en otros, ciertas cosas&#8230;<\/p>\n<p><strong>\u201c\u00a1Qu\u00e9 monumental actriz Ane Gabarain!\u201d, Manuel Jaboisen hitzetan<sup><a id=\"post-13015-footnote-ref-1\" href=\"#post-13015-footnote-1\">[1]<\/a><\/sup>. Antzerkian, zinean, telebistan aritu zara. Ram\u00f3n Barea, Bego\u00f1a Bilbao, Borja Cobeaga, Alex de la Iglesia, Aitor Gabilondo, eta abar izan dituzu zuzendari. Aspaldi hasi zinen eta eten gabe segitu duzu. Oso desberdina izango dela batekin edo beste batekin aritzea. <\/strong><\/p>\n<p><strong>A.G. <\/strong>Dudarik gabe. Niri gustatzen zaidana da zuzenduta sentitzea. Ez da erraza zuzendari onak topatzea, batez ere aktore-zuzendari onak. Badaude oso zuzendari onak, esaterako, eszenaratze izugarriak egiten dituztenak, baina aktoreak ondo zuzentzen dituztenak aurkitzea ez da batere erraza. Nik, horrelakoak topatzen ditudanean, pila-pila-pila bat disfrutatzen dut. Gozada bat da eramaten zaituztenean zorroztasun batekin baina, era berean, libre uzten. Horretarako konexioa behar da, <em>feeling<\/em> bat, kimika bat zuzendariekin.<\/p>\n<p>Hay directores buen\u00edsimos, por ejemplo, en la puesta en escena, pero encontrar buenos directores de actores no es nada f\u00e1cil. Yo, cuando los encuentro, disfruto mucho-mucho-mucho. Es una gozada cuando te llevan con rigor, pero, a la vez, d\u00e1ndote libertad. Para eso, hay que tener una conexi\u00f3n, un <em>feeling<\/em>, una qu\u00edmica con el director o directora.<\/p>\n<p><strong>Zergatik sartu zinen antzez munduan, nola gertatu zen? <\/strong><\/p>\n<p><strong>A.G. <\/strong>Ba begira, nik sen hori neukan eta etxeko giroa ere, ama oso katarina\u2026 Nik etxean antzerkia ikasi behar nuela esan nuenean, inor ez zen harritu. Amak normal-normal hartu zuen. Harrituko zen esan banio, \u201cama ikasi behar dut enpresarialak!\u201d. Gotzon Alemanek zuzentzen zuen Herrerako antzerki talde amateur batean sartu nintzen 14-15 urterekin eta, COU bukatu nuenean, orduantxe, sortu zuen Euskal Gobernuak Antzertirekin antzerki eskola. Han matrikulatu nintzen eta\u2026 gaur arte, egia esan!<\/p>\n<p><strong>Zinea eta teatroaren artean\u2026 bietan gustura?<\/strong><\/p>\n<p><strong>A.G. <\/strong>Nik askoz gehiago egin dut teatroa. Teatroa oso-oso-oso gustuko dut: proiektu interesgarria denean horretan disfrutatu nahi izaten dut. Gero, aber, antzerkia ote den benetako medioa aktore batentzat edo, ez dakit. Asko sufritu daiteke antzerkian ere, obra ez bada zure gustukoa edo ez bazaude eroso zenbait elementurekin. Eta zinean berdin, sufritu edo disfrutatu egin daiteke. Ez dut bestela gehiegi sinisten zatiketa horretan. Lengoaia desberdinak dira noski, bakoitzak bere kodeak ditu, bere alde on eta txarrak, bakoitzak bere handitasuna.<\/p>\n<p><strong>Antzerkia miresgarria da eta luxua, eseri eta aktoreak aldiro guretzat taula gainean aritzea\u2026<\/strong><\/p>\n<p><strong>A.G. <\/strong>Bai, egia da dena sendatzen duen adrenalina bat ematen duela eszenatokiak. Gaur egun gainera, hortxe jartzen gara, maskararik gabe eta ezer gabe: beti eskertzen diogu publikoari etorri izana. Ez daude erraz gauzak. Badu ofizio honek erromantikotasun bat, nolabaitekoa. Ni nahiko erromantika naiz. Behar duzu lan honetarako erromantikotasun puntu bat. Orain, dena esan behar bada, horrekin bakarrik ere ez duzu ezer egiten! Horrekin bakarrik ez zoaz inora.<\/p>\n<p><strong>Zer pentsatzen duzu kulturak gure gizartean duen lekuaz? Zer behar du gehiago? Diru laguntzak asko aipatzen dituzte erakundeek, nola ikusten duzu hori?<\/strong><\/p>\n<p><strong>A.G. <\/strong>Ni aktore soil bat naiz, baina pentsatzen dut kultura gizarte batean garrantzitsua dela eta osasuntsua. Hala behar du izan: kulturarik gabeko gizarte bat ez da ez gizarte ez ezer. Nik gure gizartea ezagutzen dut. Uste dut heziketa behar dela, benetako lana hor egin behar dela. Hiritar kultura kontsumitzailea nahi baduzu, sortu egin behar duzu. Orain frenteak asko dira, internet-eta direla, zaila da horri aurre egitea ere. Heziketa funtsezkoa da.<\/p>\n<p>Yo soy solamente una actriz, pero creo que la cultura es importante en una sociedad y que es saludable. Ha de ser as\u00ed: una sociedad sin cultura no es sociedad ni es nada. La sociedad que yo conozco es la nuestra. Creo que es muy necesaria la educaci\u00f3n, que el aut\u00e9ntico trabajo tiene que hacerse ah\u00ed. Si se quieren ciudadanos y ciudadanas consumidores de cultura, hay que crearlos. Ahora, con internet y lo dem\u00e1s, hay muchos frentes. La educaci\u00f3n es fundamental.<\/p>\n<p><strong>Euskarazko produkzioa asko hazi da azken urteotan; gehiegi-gutxiegi-lasterregi-motelegi?<\/strong><\/p>\n<p><strong>A.G. <\/strong>Hazi da, bai. Ez dut uste gehiegi denik, hainbeste hazi al da bada? Nik urteak daramat hor sartuta, euskaraz laean. Egia da ni bi hizkuntzetan aritzen naizela. Orain, esaterako, oso lan polita ari gara egiten, Kepa Errastiren <em>Faroak entzuten zituen gizon. <\/em>Euskaraz bakarrik 28-30 emanaldi izan ditugu udazken honetan, egoera txar honetan bete-betean. Udaletxeen arteko sarean sartzeko suertea izan genuen. Demanda izugarria dago. Momentuz euskaraz bakarrik egin dugu, baina gaztelaniaz ere badago demanda.<\/p>\n<p><strong>Beste zerbaitekin ere bai, ezta?<\/strong><\/p>\n<p><strong>A.G. <\/strong>Bai, Txalorekin, beste bi obrarekin! Klaro, gurea horrela da. Bestela, ez dago! Soldata bat atera nahi baduzu antzerkiarekin bakarrik, sei obratan egon behar duzu: euskaraz, gazteleraz eta doblete, triplete edo letorkizukeena! Txalorekin egiten ari gara <em>Zoaz pake santuan, <\/em> Mikel Laskurainekin, komedia arin bat. Oso ondo pasatzen dugu, egia esan. Mikel eta bioi hainbeste egokitu zaigu senar-emazte bezala lan egitea azken urteotan! Esaten dit nirekin gehiago egoten dela benetako bere emaztearekin baino. Bihar daukagu gazteleraz Muskizen. Pentsa, urtebete eta piko ez dugula gazteleraz egin. Bereziki prestatu behar dugu, zaila da aldatzea. Eta, garai batean, hemen, Antzoki Zaharrean egiten zen dobletea bi hizkuntzetan! Iristen zen larunbata eta egin behar zenuen zazpietan euskaraz eta hamarretan gazteleraz. Pasada bat! Behintzat hori aldatzea lortu genuen. Behintzat emanaldiak ez zitezela izan egun berean hizkuntza banatan.<\/p>\n<p>Si quieres sacar un sueldo dedic\u00e1ndote solo al teatro, tienes que estar en seis obras, hacer doblete, triplete, \u00a1y lo que te echen!<\/p>\n<p><strong>Elkarrizketaren azkenak fikzioa eta dokumentalak alderatzera ekarri gaitu, Gianfranco Rosi zuzendariak dio ez duela behaketa-zineman sinesten. Kamera dagoenean errealitatearekiko harremana aldatzen omen da. Erabateko objektibotsuna ezinezkoa da beraz: axola duena filmatzen denaren egia omen da, zintzotasuna, egiaren eta faltsukeriaren arteko ezberdintasuna.<\/strong><\/p>\n<p><strong>A.G. <\/strong>Noski, egiarekin konpromiso hori behar da, horrela disfrutatzen da, konpromiso horretatik. Bestela, zu non geratzen zara, zer terrenotan. Aktore bezala hitzarmenak egin behar dira: zure ikuspuntua ez da igual autorearena, zuzendariarena edo gidoilariarena eta orduan hor hitzarmenak egin behar dira. Horregatik esan dizut lehen sortzaile bezala, antzeztean zuzendua sentitzea gustatzen zaidala, zorrotz baina askatasunarekin. Bi elementu horiek nahitaezkoak dira.<\/p>\n<p>Es necesario el compromiso con la verdad, es como se disfruta, a partir de ese compromiso. Si no, d\u00f3nde quedas t\u00fa, en qu\u00e9 terreno. Como actriz hay que hacer pactos: quiz\u00e1 tu punto de vista no es el del autor, el director o el guionista, entonces hay que pactar. Por eso dec\u00eda que como creadora me gusta sentirme dirigida con rigor pero con libertad.<\/p>\n<ol>\n<li id=\"post-13015-footnote-1\">\u201c\u2018Patria\u2019: los peores no siempre matan\u201d, El Pa\u00eds, 11.XI.2020. <a href=\"#post-13015-footnote-ref-1\">\u2191<\/a><\/li>\n<\/ol>\n<p><\/p>","protected":false},"excerpt":{"rendered":"<p>Galde 31, negua\/2021\/invierno.\u00a0Lourdes O\u00f1ederrak Ane Gabarain elkarrizketatu du.- \u00abAktore bezala hitzarmenak egin behar dira: zure ikuspuntua ez da igual autorearena, zuzendariarena edo gidoilariarena eta orduan hor hitzarmenak egin behar dira. Horregatik esan dizut lehen sortzaile bezala, antzeztean zuzendua sentitzea gustatzen zaidala, zorrotz baina askatasunarekin. Bi elementu horiek nahitaezkoak dira.\u00bb<\/p>\n","protected":false},"author":2,"featured_media":13019,"comment_status":"closed","ping_status":"open","sticky":false,"template":"","format":"standard","meta":{"footnotes":""},"categories":[27],"tags":[],"class_list":["post-13015","post","type-post","status-publish","format-standard","has-post-thumbnail","hentry","category-entrevista","revista-galde-n31"],"_links":{"self":[{"href":"https:\/\/www.galde.eu\/es\/wp-json\/wp\/v2\/posts\/13015","targetHints":{"allow":["GET"]}}],"collection":[{"href":"https:\/\/www.galde.eu\/es\/wp-json\/wp\/v2\/posts"}],"about":[{"href":"https:\/\/www.galde.eu\/es\/wp-json\/wp\/v2\/types\/post"}],"author":[{"embeddable":true,"href":"https:\/\/www.galde.eu\/es\/wp-json\/wp\/v2\/users\/2"}],"replies":[{"embeddable":true,"href":"https:\/\/www.galde.eu\/es\/wp-json\/wp\/v2\/comments?post=13015"}],"version-history":[{"count":0,"href":"https:\/\/www.galde.eu\/es\/wp-json\/wp\/v2\/posts\/13015\/revisions"}],"wp:featuredmedia":[{"embeddable":true,"href":"https:\/\/www.galde.eu\/es\/wp-json\/wp\/v2\/media\/13019"}],"wp:attachment":[{"href":"https:\/\/www.galde.eu\/es\/wp-json\/wp\/v2\/media?parent=13015"}],"wp:term":[{"taxonomy":"category","embeddable":true,"href":"https:\/\/www.galde.eu\/es\/wp-json\/wp\/v2\/categories?post=13015"},{"taxonomy":"post_tag","embeddable":true,"href":"https:\/\/www.galde.eu\/es\/wp-json\/wp\/v2\/tags?post=13015"}],"curies":[{"name":"wp","href":"https:\/\/api.w.org\/{rel}","templated":true}]}}