{"id":12984,"date":"2020-12-22T10:00:02","date_gmt":"2020-12-22T09:00:02","guid":{"rendered":"https:\/\/www.galde.eu\/?p=12984"},"modified":"2021-02-06T17:18:17","modified_gmt":"2021-02-06T16:18:17","slug":"dosier-galde-31-presentacion-que-se-legisla-la-libertad-o-la-violencia-sexual","status":"publish","type":"post","link":"https:\/\/www.galde.eu\/es\/dosier-galde-31-presentacion-que-se-legisla-la-libertad-o-la-violencia-sexual\/","title":{"rendered":"Dosier Galde 31: \u00bfQu\u00e9 se legisla: la libertad o la violencia sexual?"},"content":{"rendered":"<p><a href=\"https:\/\/www.galde.eu\/wp-content\/uploads\/2020\/12\/Galde31-Dosier280.jpg\"><img loading=\"lazy\" decoding=\"async\" class=\"aligncenter size-full wp-image-12988 colorbox-12984\" src=\"https:\/\/www.galde.eu\/wp-content\/uploads\/2020\/12\/Galde31-Dosier280.jpg\" alt=\"\" width=\"280\" height=\"396\" data-id=\"12988\" srcset=\"https:\/\/www.galde.eu\/wp-content\/uploads\/2020\/12\/Galde31-Dosier280.jpg 280w, https:\/\/www.galde.eu\/wp-content\/uploads\/2020\/12\/Galde31-Dosier280-212x300.jpg 212w\" sizes=\"auto, (max-width: 280px) 100vw, 280px\" \/><\/a><\/p>\n<p>&nbsp;<\/p>\n<p><span class=\"s2\">**<a href=\"https:\/\/drive.google.com\/file\/d\/128mqBSw9Vp0qg93dwGOlppkDjMyxY58g\/view?usp=sharing\" target=\"_blank\" rel=\"noopener noreferrer\">Dosier Galde 31 en pdf: \u00bfQu\u00e9 se legisla: la libertad o la violencia sexual?<\/a><br \/>\n<\/span><span class=\"s2\"><b>**<\/b><a href=\"https:\/\/drive.google.com\/open?id=0B-6NvzniCy2GfmtoS3dPQWFSY2lfczROZEJaN0xsX3NzbEZFeW00cmtUNlhXMUxaUXUtdlk\" target=\"_blank\" rel=\"noopener noreferrer\"><span class=\"s5\"><b>Archivo de todas las revistas de Galde en pdf<\/b><\/span><\/a><\/span><\/p>\n<p><strong><br \/>\nGalde 31 negua\/2021\/invierno<\/strong><\/p>\n<p><strong>DOSIER GALDE 31. \u00bfQu\u00e9 se legisla: la libertad o la violencia sexual? <a href=\"#\u201cpresentacion\">Presentaci\u00f3n del Dosier Galde 31<\/a><\/strong><\/p>\n<p><strong>22<\/strong>. <a href=\"https:\/\/www.galde.eu\/entrevista-con-laia-serra\/\">Entrevista con Laia Serra<\/a>. <a href=\"https:\/\/www.galde.eu\/autores\/miren-ortubay-fuentes\/\"><em><strong>Miren Ortubay<\/strong><\/em><\/a><\/p>\n<p><strong>26<\/strong>. <a href=\"https:\/\/www.galde.eu\/garantizar-proteger-castigar-que-buscamos\/\">Garantizar, proteger, castigar&#8230; \u00bfqu\u00e9 buscamos?<\/a> <a href=\"https:\/\/www.galde.eu\/autores\/miren-ortubay-fuentes\/\"><em><strong>Miren Ortubay<\/strong><\/em><\/a><\/p>\n<p><strong>28<\/strong>. <a href=\"https:\/\/www.galde.eu\/hacer-justicia-en-espana-es-creer-a-las-mujeres\/\">Hacer justicia en Espa\u00f1a es creer a las mujeres<\/a>. <em><strong><a href=\"https:\/\/www.galde.eu\/autores\/angela-rodriguez\/\">Angela Rodr\u00edguez \u00abPam\u00bb<\/a>\u00a0<\/strong><\/em><\/p>\n<p><strong>31<\/strong>. <a href=\"https:\/\/www.galde.eu\/la-terapia-de-lo-complejo\">La terapia de lo complejo<\/a>. <a href=\"norma\"><em><strong>Norma V\u00e1zquez<\/strong><\/em><\/a><\/p>\n<p><strong>34<\/strong>. <a href=\"https:\/\/www.galde.eu\/libertad-sexual-consentimiento-y-trabajo-sexual\/\">Libertad sexual, consentimiento y trabajo sexual<\/a>. <a href=\"Cristin\"><em><strong>Cristina Garaizabal<\/strong><\/em><\/a><\/p>\n<p><strong>36<\/strong>. <a href=\"https:\/\/www.galde.eu\/reflexiones-sobre-la-propuesta-de-reforma-de-los-delitos-contra-la-libertad-sexual\/\">Reflexiones sobre la propuesta de reforma de los delitos contra la libertad sexual<\/a>. <a href=\"https:\/\/www.galde.eu\/autores\/ines-olaizola-nogales\/\"><em><strong>In\u00e9s Olaizola Nogales<\/strong><\/em><\/a><\/p>\n<p><strong>38<\/strong>. <a href=\"https:\/\/www.galde.eu\/justizia-feminista\/\">Justicia feminista<\/a>. <a href=\"https:\/\/www.galde.eu\/autores\/maria-del-rio\/\"><em><strong>Mar\u00eda del R\u00edo<\/strong><\/em><\/a><\/p>\n<p><strong>40<\/strong>. <a href=\"https:\/\/www.galde.eu\/hola-que-tal-me-llamo-cristina-fallaras-y\/\">Hola, \u00bfqu\u00e9 tal? Me llamo Cristina Fallar\u00e1s y &#8230;<\/a> <a href=\"https:\/\/www.galde.eu\/autores\/cristina-fallaras\/\"><strong><em>Cristina Fallar\u00e1s<\/em><\/strong><\/a><\/p>\n<p><strong>41<\/strong>. <a href=\"https:\/\/www.galde.eu\/feminismo-en-accion-sanfermines16\/\">Feminismo en acci\u00f3n: Sanfermines&#8217;16<\/a>. <a href=\"https:\/\/www.galde.eu\/autores\/iratxe-alvarez\/\"><em><strong>Iratxe \u00c1lvarez Reoyo<\/strong><\/em><\/a><\/p>\n<p><strong>42<\/strong>. <a href=\"https:\/\/www.galde.eu\/los-hombres-ante-la-libertad-sexual\/\">Los hombres ante la libertad sexual<\/a>. <a href=\"https:\/\/www.galde.eu\/autores\/jose-angel-lozoya-gomez-2\/\"><strong><em>Jos\u00e9 \u00c1ngel Lozoya G\u00f3mez<\/em><\/strong><\/a><\/p>\n<p><strong>43<\/strong>. <a href=\"https:\/\/www.galde.eu\/antipunitivismo-feminista-para-radicalizar-la-democracia\/\">Antipunitivismo feminista para radicalizar la democracia<\/a> <a href=\"https:\/\/www.galde.eu\/autores\/laura-macaya\/\"><em><strong>Laura Macaya Andr\u00e9s<\/strong><\/em><\/a><\/p>\n<p><strong>44<\/strong>. <a href=\"https:\/\/www.galde.eu\/punitivismo-y-violencias-sexuales-contra-las-mujeres\/\">Punitivismo y violencias sexuales contra las mujeres<\/a>. <a href=\"https:\/\/www.galde.eu\/autores\/barbara-tardon-recio\/\"><strong><em>B\u00e1rbara Tard\u00f3n Recio<\/em><\/strong><\/a><\/p>\n<p><strong>46<\/strong>. <a href=\"https:\/\/www.galde.eu\/reforma-de-la-ley-vasca-de-igualdad-de-mujeres-y-hombres\/\">Reforma de la Ley vasca de Igualdad<\/a>. <a href=\"https:\/\/www.galde.eu\/autores\/ander-bergara\/\"><em><strong>Ander Bergara Sautua<\/strong><\/em><\/a><\/p>\n<p><strong>48<\/strong>. <a href=\"libros-y-referencias-para-el-dosier-galde-31\">Libros y referencias para el dosier Galde 31<\/a><\/p>\n<p>&nbsp;<\/p>\n<p>&nbsp;<\/p>\n<p><a name=\"\u201cpresentacion\"><\/a><\/p>\n<p>&nbsp;<\/p>\n<p><strong>Presentaci\u00f3n del Dosier Galde 31<\/strong><\/p>\n<p><strong>\u00bfLibertad sexual? \u00bfConsentimiento? \u00bfViolencia sexual? \u00bfSexo consensuado?<\/strong><\/p>\n<p>Estos conceptos son puestos de nuevo a debate, al calor de la discusi\u00f3n sobre el Anteproyecto de Ley Org\u00e1nica de Garant\u00eda Integral de la Libertad Sexual presentado por el gobierno estatal, a iniciativa del Ministerio de Igualdad.<\/p>\n<p>En los \u00faltimos a\u00f1os, las resoluciones judiciales sobre las denuncias de agresiones sexuales han puesto en tela de juicio la definici\u00f3n contemplada en la \u00faltima reforma de 1995 del C\u00f3digo Penal: \u201cArt\u00edculo 178. El que atentare contra la libertad sexual de otra persona, con violencia o intimidaci\u00f3n, ser\u00e1 castigado como responsable de agresi\u00f3n sexual con la pena de prisi\u00f3n de uno a cuatro a\u00f1os\u201d.<\/p>\n<p>La sentencia que calific\u00f3 como abuso sexual la violaci\u00f3n grupal ocurrida durante los Sanfermines en 2016 fue el detonante para poner en cuesti\u00f3n esta definici\u00f3n: \u00bfCu\u00e1ndo es suficiente la violencia o la intimidaci\u00f3n para que quienes juzgan determinen que se trata de una agresi\u00f3n? \u00bfCu\u00e1nto hemos de rompernos para que quede demostrado que no consentimos? \u00bfC\u00f3mo se grad\u00faa el ataque a la autonom\u00eda y la libertad sexual de las mujeres?<\/p>\n<p>Esta compleja realidad y la aplicaci\u00f3n que se ha hecho del C\u00f3digo Penal tanto en la sentencia de <em>la Manada <\/em>como en otras dictadas posteriormente, han llevado al movimiento feminista a levantarse masivamente para exigir cambios legales que pongan en el centro la decisi\u00f3n de las mujeres y nuestra autonom\u00eda sexual.<\/p>\n<p>Este es el objetivo de este dossier: contribuir al debate sobre c\u00f3mo legislar para garantizar la libertad sexual. Un debate desde la perspectiva feminista, sin obviar las diferencias que existen en los feminismos a la hora de abordar estas cuestiones. Para ello hemos recogido algunas voces expertas en el abordaje legal de la violencia sexual, pero tambi\u00e9n de otras voces feministas que desde el activismo, la psicolog\u00eda o los medios de comunicaci\u00f3n nos alertan sobre las dificultades de legislar sobre una realidad tan compleja como la libertad sexual.<\/p>\n<p>Esta no es ni mucho menos una discusi\u00f3n terminada. Es un aporte a un debate necesario porque, si bien la sociedad no ha cambiado tanto ni tan r\u00e1pido como nos gustar\u00eda, s\u00ed ha cambiado lo suficiente para que cuestionemos conceptos como consentimiento y voluntad, o la relaci\u00f3n entre libertad y violencia sexual.<\/p>\n<p>Elo Mayo, Clara Murguialday, Miren Ortubay y Norma V\u00e1zquez<\/p>\n<p>&nbsp;<\/p>","protected":false},"excerpt":{"rendered":"<p>&nbsp; **Dosier Galde 31 en pdf: \u00bfQu\u00e9 se legisla: la libertad o la violencia sexual? **Archivo de todas las revistas de Galde en pdf Galde 31 negua\/2021\/invierno DOSIER GALDE 31. \u00bfQu\u00e9 se legisla: la libertad o la violencia sexual? Presentaci\u00f3n del Dosier Galde 31 22. Entrevista con Laia Serra. Miren Ortubay 26. Garantizar, proteger, castigar&#8230; [&hellip;]<\/p>\n","protected":false},"author":2,"featured_media":12989,"comment_status":"closed","ping_status":"open","sticky":false,"template":"","format":"standard","meta":{"footnotes":""},"categories":[2,7,61,5],"tags":[263],"class_list":["post-12984","post","type-post","status-publish","format-standard","has-post-thumbnail","hentry","category-dossier","category-economia","category-indicedossier","category-politica","tag-dossier-indice","revista-galde-n31"],"_links":{"self":[{"href":"https:\/\/www.galde.eu\/es\/wp-json\/wp\/v2\/posts\/12984","targetHints":{"allow":["GET"]}}],"collection":[{"href":"https:\/\/www.galde.eu\/es\/wp-json\/wp\/v2\/posts"}],"about":[{"href":"https:\/\/www.galde.eu\/es\/wp-json\/wp\/v2\/types\/post"}],"author":[{"embeddable":true,"href":"https:\/\/www.galde.eu\/es\/wp-json\/wp\/v2\/users\/2"}],"replies":[{"embeddable":true,"href":"https:\/\/www.galde.eu\/es\/wp-json\/wp\/v2\/comments?post=12984"}],"version-history":[{"count":0,"href":"https:\/\/www.galde.eu\/es\/wp-json\/wp\/v2\/posts\/12984\/revisions"}],"wp:featuredmedia":[{"embeddable":true,"href":"https:\/\/www.galde.eu\/es\/wp-json\/wp\/v2\/media\/12989"}],"wp:attachment":[{"href":"https:\/\/www.galde.eu\/es\/wp-json\/wp\/v2\/media?parent=12984"}],"wp:term":[{"taxonomy":"category","embeddable":true,"href":"https:\/\/www.galde.eu\/es\/wp-json\/wp\/v2\/categories?post=12984"},{"taxonomy":"post_tag","embeddable":true,"href":"https:\/\/www.galde.eu\/es\/wp-json\/wp\/v2\/tags?post=12984"}],"curies":[{"name":"wp","href":"https:\/\/api.w.org\/{rel}","templated":true}]}}