{"id":12699,"date":"2020-09-28T11:56:21","date_gmt":"2020-09-28T09:56:21","guid":{"rendered":"https:\/\/www.galde.eu\/?p=12699"},"modified":"2020-10-08T00:20:11","modified_gmt":"2020-10-07T22:20:11","slug":"el-parlamento-vasco-del-futuro","status":"publish","type":"post","link":"https:\/\/www.galde.eu\/es\/el-parlamento-vasco-del-futuro\/","title":{"rendered":"El Parlamento Vasco del Futuro"},"content":{"rendered":"<p><a href=\"https:\/\/www.galde.eu\/wp-content\/uploads\/2020\/09\/Cart.jpg\"><img loading=\"lazy\" decoding=\"async\" class=\"aligncenter size-full wp-image-12700 colorbox-12699\" src=\"https:\/\/www.galde.eu\/wp-content\/uploads\/2020\/09\/Cart.jpg\" alt=\"\" width=\"580\" height=\"367\" data-id=\"12700\" srcset=\"https:\/\/www.galde.eu\/wp-content\/uploads\/2020\/09\/Cart.jpg 580w, https:\/\/www.galde.eu\/wp-content\/uploads\/2020\/09\/Cart-300x190.jpg 300w\" sizes=\"auto, (max-width: 580px) 100vw, 580px\" \/><\/a><\/p>\n<div><\/div>\n<div>Galde 30, 2020\/oto\u00f1o. \u00d3scar Rodr\u00edguez Vaz.-<\/div>\n<div><\/div>\n<div><strong>El Parlamento Vasco del Futuro<\/strong><\/div>\n<div>\n<p>Los partidos han exprimido la legislaci\u00f3n en vigor para acelerar los plazos de constituci\u00f3n del Parlamento, de elecci\u00f3n del lehendakari y de formaci\u00f3n del nuevo Gobierno Vasco. Y a pesar de todo, el tiempo transcurrido para echar a andar la legislatura parece demasiado, m\u00e1xime en este contexto de crisis pand\u00e9mica y, especialmente, despu\u00e9s de que el Parlamento haya estado disuelto durante m\u00e1s de medio a\u00f1o.<\/p>\n<p>En todo caso, y transcurridos m\u00e1s de tres meses de la celebraci\u00f3n de las elecciones y de la inapelable victoria del t\u00e1ndem PNV\/Urkullu, no hemos recibido una valoraci\u00f3n seria por parte de ninguno de los grandes partidos en torno a la aut\u00e9ntica ganadora de las elecciones: la abstenci\u00f3n.<\/p>\n<p>Pr\u00e1cticamente, una de cada dos personas con derecho a voto dej\u00f3 de ir a la cita con las urnas del pasado 12 de julio. Y no, el coronavirus no sirve para justificar todo. Seg\u00fan el estudio postelectoral llevado a cabo por el propio gobierno, el 80% de quienes no votaron, actuaron as\u00ed por desenga\u00f1o, porque ninguna opci\u00f3n les convenc\u00eda, porque votar no sirve para nada o por otras razones. A esto hay que sumarle que el 21% de quienes s\u00ed participaron, optaron por la candidatura menos mala y que el 36% no votaron convencidos. Para completar la radiograf\u00eda de esta \u00faltima fiesta de la democracia en Euskadi, a pesar de esta escu\u00e1lida participaci\u00f3n, el voto blanco y el voto nulo crecieron un 50%. \u00bfQu\u00e9 m\u00e1s necesitamos para reaccionar?<\/p>\n<p>Evidentemente, con las normas en la mano, el Parlamento Vasco y el Gobierno Vasco son completamente leg\u00edtimos. Pero, \u00bfa ning\u00fan responsable pol\u00edtico-institucional le preocupa esta realidad? Y si de verdad preocupa, \u00bfpor qu\u00e9 no se ha escuchado p\u00fablicamente ninguna autocr\u00edtica en este sentido? M\u00e1s a\u00fan, \u00bfqu\u00e9 tipo de an\u00e1lisis habr\u00e1n ocasionado estos datos en las c\u00fapulas de los partidos?<\/p>\n<p>Son muchos los expertos (y los pol\u00edticos, ya fuera de circulaci\u00f3n) que vienen advirtiendo, desde hace demasiados a\u00f1os, en torno a los riesgos de la creciente desafecci\u00f3n pol\u00edtica y la falta de innovaci\u00f3n y adaptaci\u00f3n a los tiempos de nuestros partidos.<\/p>\n<p>De cualquier manera, independientemente de lo sucedido, aqu\u00ed y ahora, merece la pena abrir un debate sobre el funcionamiento de nuestra democracia, poniendo la vista en el futuro. Porque aqu\u00ed y ahora, cabe reclamar a nuestros partidos que se pongan a trabajar ya en propuestas para tratar de dar la vuelta a una realidad dominada por la desafecci\u00f3n creciente y participaci\u00f3n decreciente. S\u00ed, aqu\u00ed y ahora. Por dos razones fundamentales: por nuestra juventud y por la crisis que atravesamos.<\/p>\n<p><strong>No sabemos a qui\u00e9n podr\u00e1 votar Ibai<\/strong><\/p>\n<p>Si queremos que nuestros j\u00f3venes no se descuelguen del sistema m\u00e1s de lo que ya lo est\u00e1n, debemos hacer ese debate. Porque estar, est\u00e1n descolgados\u2026<\/p>\n<p>Si el lector tiene hijos adolescentes y les pregunta por \u00e9l, es seguro que la inmensa mayor\u00eda de ellos conozca a Ibai Llanos (1995). Este chico se dedica a crear y retransmitir contenidos a trav\u00e9s de canales en <em>streaming<\/em>, como dice \u00e9l, \u201cla nueva televisi\u00f3n\u201d, una forma diferente de comunicar en absoluto minoritaria.<\/p>\n<p>Rub\u00e9n Doblas, \u201cEl Rubius\u201d (1990), acumula, entre los cuatro canales a trav\u00e9s de los que emite, m\u00e1s suscriptores que habitantes tiene Francia. En una entrevista realizada antes de las elecciones locales de 2015, dijo lo que pensaba de la relaci\u00f3n entre la pol\u00edtica y las nuevas generaciones: \u201ccreo que no lo entienden, deber\u00edan usar otras maneras de comunicaci\u00f3n\u201d.<\/p>\n<p>La emergencia y crecimiento de los nuevos partidos que se produjo en las elecciones locales de hace cinco a\u00f1os se debi\u00f3, en gran medida, a que supieron conectar con los j\u00f3venes a trav\u00e9s de estas nuevas maneras de comunicaci\u00f3n, al margen de la edad de sus candidatos y candidatas. El votante joven apost\u00f3 mayoritariamente por esas nuevas formaciones pol\u00edticas que, en teor\u00eda, ven\u00edan a regenerar la pol\u00edtica y a cambiar la agenda. En Euskadi, los votantes menores de 24 a\u00f1os eran los m\u00e1s movilizados antes de las \u00faltimas elecciones auton\u00f3micas en 2016 y, l\u00f3gicamente, tambi\u00e9n apostaron mayoritariamente por formaciones nuevas a la hora de ir a las urnas.<\/p>\n<p>Pero hoy, cuando los nuevos partidos se han convertido (aceleradamente) en partidos viejos, nuestros j\u00f3venes lo tienen m\u00e1s dif\u00edcil. Seg\u00fan el estudio postelectoral citado anteriormente, la franja de poblaci\u00f3n joven (18-29 a\u00f1os) es porcentualmente la que m\u00e1s decidi\u00f3 no ir a votar porque ning\u00fan partido le convenc\u00eda y porque votar no sirve para nada.<\/p>\n<p>Y es que, las nuevas maneras de comunicaci\u00f3n que reclamaba \u201cEl Rubius\u201d no han aparecido, ni antes, ni durante la campa\u00f1a electoral. Hemos vivido los tradicionales m\u00edtines, aunque sean sin p\u00fablico. Los sobres de publicidad electoral han vuelto a llenar los buzones. Las caravanas de los partidos han hecho sus recorridos por nuestros pueblos y ciudades. En apariencia, nada cambi\u00f3, salvo la imagen p\u00fablica de los candidatos y candidatas que, faltar\u00eda m\u00e1s, aparecieron siempre protegidos con mascarilla. As\u00ed es dif\u00edcil llegar al p\u00fablico, en general, y al joven, en particular, que es el grupo de edad que m\u00e1s decide su voto en funci\u00f3n de la campa\u00f1a electoral y el que menos sigue la campa\u00f1a a trav\u00e9s de los medios tradicionales (televisi\u00f3n y radio).<\/p>\n<p>Pero, m\u00e1s all\u00e1 de la importante cuesti\u00f3n de la comunicaci\u00f3n, est\u00e1n las cosas del comer. Por ejemplo, seg\u00fan la PRA, Euskadi cerr\u00f3 el a\u00f1o pasado con una tasa de paro que no llegaba al 10%, sin embargo, el paro juvenil estaba por encima del 22%. Una situaci\u00f3n dif\u00edcilmente comprensible para quienes han hecho, en principio, todo lo que el sistema les dijo que ten\u00edan que hacer para acceder a un empleo. Y la mayor\u00eda de quienes lo consiguen, trabajan en precario. Esa precariedad que viven los empleados de la generaci\u00f3n mejor formada de la historia (seg\u00fan nuestros l\u00edderes), estar\u00eda detr\u00e1s del descenso de las vocaciones cient\u00edficas en Euskadi, donde solo tres de cada diez estudiantes optan por las duras carreras STEAM. El esfuerzo no compensa, todos tenemos a nuestro alrededor casos de ingenieros o cient\u00edficos mileuristas. Pero es que dif\u00edcilmente revertiremos esta realidad, cuando llevamos una d\u00e9cada sin sobrepasar el 2% de inversi\u00f3n en I+D sobre el Producto Interior Bruto.<\/p>\n<p>Entre la vetusta concepci\u00f3n de la comunicaci\u00f3n y la realidad de las cosas del comer, estamos dejando a miles de votantes del futuro sin opci\u00f3n. Al menos, sin opci\u00f3n razonable.<\/p>\n<p><strong>Correr mientras nos atamos los zapatos.<\/strong><\/p>\n<p>La segunda raz\u00f3n que justificaba el debate sobre el funcionamiento de la democracia vasca aqu\u00ed y ahora, era la actual situaci\u00f3n de crisis, inestabilidad y riesgo, que ha venido para quedarse. Y, a pesar de las dificultades y de toda la gente que se est\u00e1 quedando por el camino (literalmente o en t\u00e9rminos econ\u00f3micos), todas las crisis constituyen una oportunidad. Una oportunidad para reinventarse.<\/p>\n<p>Y si la pol\u00edtica se lo propone, busca de inmediato f\u00f3rmulas para adaptarse. En este sentido, si de verdad preocupa la participaci\u00f3n de la ciudadan\u00eda en la conformaci\u00f3n de la representaci\u00f3n institucional y, por tanto, en la toma de decisiones, la pol\u00edtica debe arriesgar y proponer alternativas.<\/p>\n<p>Por ejemplo, solamente el actual estado de emergencia (sanitaria, econ\u00f3mica, laboral, social,\u2026), justificar\u00eda que sus se\u00f1or\u00edas hincaran el diente a las leyes que regulan el proceso electoral y de formaci\u00f3n de gobierno, buscando que no deba transcurrir tanto tiempo desde que un gobierno entra en funciones, hasta que vuelve a estar en plenitud de facultades. O por ejemplo, para que busquemos y adaptemos f\u00f3rmulas que se emplean en otros pa\u00edses para que la votaci\u00f3n se produzca en m\u00e1s de un d\u00eda. O, por ejemplo, para dar un gran impulso al voto electr\u00f3nico, que funciona de manera muy eficaz en democracias bien consolidadas en Europa y fuera de Europa. O por ejemplo, para empezar a ver propuestas de desprivatizaci\u00f3n de los partidos, prepar\u00e1ndolos para que sean verdaderamente democr\u00e1ticos, permeables a la sociedad y abiertos a la emergencia de nuevos modelos de liderazgo, \u00e1giles, disruptivos, transparentes, adaptados a la nueva realidad y muy abiertos al cambio en clave de alternativa, de modo que muchos de quienes votamos, podamos dejar de hacerlo por la opci\u00f3n menos mala.<\/p>\n<p>Es verdad que abordar estos debates, al tiempo que prestamos atenci\u00f3n a las ineludibles necesidades impuestas por la pandemia, es tan dif\u00edcil como correr mientras nos atamos los zapatos. Pero, a mi juicio, toda crisis supone una oportunidad para marcar un punto de inflexi\u00f3n y, en este caso, para construir el Parlamento Vasco del Futuro.<\/p>\n<p>\u00d3scar Rodr\u00edguez Vaz<\/p>\n<p>Doctor en Ciencia Pol\u00edtica, directivo de TACTIO y socio de GOVERNANCE AND PLAY<\/p>\n<\/div>\n<p><\/p>","protected":false},"excerpt":{"rendered":"<p>Galde 30, 2020\/oto\u00f1o. \u00d3scar Rodr\u00edguez Vaz.-\u00a0Son muchos los expertos (y los pol\u00edticos, ya fuera de circulaci\u00f3n) que vienen advirtiendo, desde hace demasiados a\u00f1os, en torno a los riesgos de la creciente desafecci\u00f3n pol\u00edtica y la falta de innovaci\u00f3n y adaptaci\u00f3n a los tiempos de nuestros partidos. Merece la pena abrir un debate sobre el funcionamiento [&hellip;]<\/p>\n","protected":false},"author":2,"featured_media":0,"comment_status":"closed","ping_status":"open","sticky":false,"template":"","format":"standard","meta":{"footnotes":""},"categories":[5],"tags":[],"class_list":["post-12699","post","type-post","status-publish","format-standard","hentry","category-politica","revista-galde-n30"],"_links":{"self":[{"href":"https:\/\/www.galde.eu\/es\/wp-json\/wp\/v2\/posts\/12699","targetHints":{"allow":["GET"]}}],"collection":[{"href":"https:\/\/www.galde.eu\/es\/wp-json\/wp\/v2\/posts"}],"about":[{"href":"https:\/\/www.galde.eu\/es\/wp-json\/wp\/v2\/types\/post"}],"author":[{"embeddable":true,"href":"https:\/\/www.galde.eu\/es\/wp-json\/wp\/v2\/users\/2"}],"replies":[{"embeddable":true,"href":"https:\/\/www.galde.eu\/es\/wp-json\/wp\/v2\/comments?post=12699"}],"version-history":[{"count":0,"href":"https:\/\/www.galde.eu\/es\/wp-json\/wp\/v2\/posts\/12699\/revisions"}],"wp:attachment":[{"href":"https:\/\/www.galde.eu\/es\/wp-json\/wp\/v2\/media?parent=12699"}],"wp:term":[{"taxonomy":"category","embeddable":true,"href":"https:\/\/www.galde.eu\/es\/wp-json\/wp\/v2\/categories?post=12699"},{"taxonomy":"post_tag","embeddable":true,"href":"https:\/\/www.galde.eu\/es\/wp-json\/wp\/v2\/tags?post=12699"}],"curies":[{"name":"wp","href":"https:\/\/api.w.org\/{rel}","templated":true}]}}