{"id":11713,"date":"2019-09-27T09:56:21","date_gmt":"2019-09-27T07:56:21","guid":{"rendered":"https:\/\/www.galde.eu\/?p=11713"},"modified":"2019-09-27T12:28:37","modified_gmt":"2019-09-27T10:28:37","slug":"elecciones-10-n-alberto-surio","status":"publish","type":"post","link":"https:\/\/www.galde.eu\/es\/elecciones-10-n-alberto-surio\/","title":{"rendered":"Con luces largas: Elecciones 10-N. Alberto Surio"},"content":{"rendered":"<p><a href=\"https:\/\/www.galde.eu\/wp-content\/uploads\/2019\/09\/SanchezFelipe2.jpg\"><img loading=\"lazy\" decoding=\"async\" class=\"aligncenter size-full wp-image-11716 colorbox-11713\" src=\"https:\/\/www.galde.eu\/wp-content\/uploads\/2019\/09\/SanchezFelipe2.jpg\" alt=\"\" width=\"580\" height=\"353\" data-id=\"11716\" srcset=\"https:\/\/www.galde.eu\/wp-content\/uploads\/2019\/09\/SanchezFelipe2.jpg 580w, https:\/\/www.galde.eu\/wp-content\/uploads\/2019\/09\/SanchezFelipe2-300x183.jpg 300w\" sizes=\"auto, (max-width: 580px) 100vw, 580px\" \/><\/a><\/p>\n<p>&nbsp;<\/p>\n<p style=\"text-align: center;\"><span style=\"color: #ff0000;\">El giro de Pedro S\u00e1nchez al centro busca ampliar su mayor\u00eda, aunque juega con el riesgo de una desmovilizaci\u00f3n de la izquierda.<\/span><\/p>\n<p style=\"text-align: center;\"><span style=\"color: #ff0000;\">\u2018Mayor\u00eda cautelosa\u2019 y achique de espacios<\/span><\/p>\n<p style=\"text-align: center;\"><span style=\"color: #ff0000;\">La sentencia catalana y sus consecuencias han sido un factor clave para frenar un gobierno de izquierdas.<\/span><\/p>\n<p class=\"p1\"><span class=\"s1\">Galde 26, udazkena\/2019\/oto\u00f1o. Alberto Surio.-<br \/>\n<\/span>Un diputado socialista, que fue decisivo en la victoria interna de Pedro S\u00e1nchez, pronosticaba en julio que el desenlace l\u00f3gico de la situaci\u00f3n de bloqueo iba a ser la repetici\u00f3n de las elecciones el 10 de noviembre. Ya entonces se mostraba muy esc\u00e9ptico con las posibilidades de una coalici\u00f3n porque no detectaba una pulsi\u00f3n de fondo a favor de la alianza en quienes eran los protagonistas de la historia. Al final, la falta de una m\u00ednima confianza entre S\u00e1nchez y Pablo Iglesias ha precipitado la convocatoria a las urnas. Los pol\u00edticos han fracasado en su empe\u00f1o, tras una exhibici\u00f3n notable de tacticismo y un exceso de escenificaci\u00f3n. Quienes pensaban que el milagro iba a ser posible en el \u00faltimo segundo del \u00faltimo minuto se topan de bruces con el principio de realidad. Un pa\u00eds en blanco y negro plagado de manique\u00edsmos y sin que nadie haga un solo atisbo de autocr\u00edtica. Una catarata de reproches y agravios. Los pilotos han llevado sus coches al borde del precipicio con tanta velocidad que han sido incapaces de frenarlos.<\/p>\n<p>EL PAPEL DEL PCE. S\u00e1nchez apret\u00f3 el acelerador, convencido que el p\u00e1nico a unas nuevas elecciones iba a provocar una revuelta interna en Unidas Podemos y que tanto IU como las confluencias iban a forzar a Iglesias a aceptar la \u2018v\u00eda portuguesa\u2019, es decir, un gobierno socialista en minor\u00eda apoyado desde fuera por un pacto de legislatura de izquierda. La otra posibilidad era incluso la sugerida por el soci\u00f3logo Manuel Castells, que Unidas Podemos hubiera facilitado \u00abpor responsabilidad\u00bb la investidura de S\u00e1nchez para evitar unos nuevos comicios -y as\u00ed taponar un hipot\u00e9tico regreso de la derecha al poder y posibilitar a la formaci\u00f3n morada que realizara un trabajo de dura oposici\u00f3n en la calle. Sobre todo en una coyuntura social convulsa, con se\u00f1ales de crisis econ\u00f3mica en el horizonte. \u00abPodemos lleg\u00f3 para cambiar la pol\u00edtica, no para ocupar ministerios\u00bb, escrib\u00eda Castells a finales de agosto.<\/p>\n<p>La esperanza de S\u00e1nchez era que Izquierda Unida presionara en Podemos a favor de una salida m\u00e1s pragm\u00e1tica, sin exigir como condici\u00f3n imprescindible la formaci\u00f3n de un gobierno de coalici\u00f3n. Sin embargo, la incorporaci\u00f3n de Enrique Santiago, el secretario general del PCE, al equipo negociador en el mes julio logra unificar los criterios en Unidas Podemos y zanjar las discrepancias. Santiago -un veterano curtido en mil batallas tiene una gran influencia en el l\u00edder de Podemos. El PCE sigue siendo un factor interna de estabilidad para Iglesias, que, a su vez, tiene la seguridad de que al PCE no le interesan las elecciones y que ceder\u00e1 en el \u00faltimo momento. Sin embargo, la realidad circula por otros derroteros.<\/p>\n<p>\u00bfPor qu\u00e9 S\u00e1nchez se tira a la piscina sin saber si hay agua suficiente? En buena medida, el PSOE calculaba en abril que iba a obtener mejores resultados. Los analistas de Moncloa pronosticaban entre 135 y 140 esca\u00f1os. Los datos finales enfriaron aquel optimismo a pesar de que el PSOE experimentaba un fuerte ascenso, de 85 a 123 diputados. El candidato socialista podr\u00eda optar con Unidas Podemos como socio preferente, aunque no le garantizaba la mayor\u00eda absoluta y depend\u00eda de un acuerdo de no agresi\u00f3n con ERC y de un pacto con el PNV. La posible cooperaci\u00f3n con Ciudadanos chocaba con la hostilidad de las bases socialistas y el empecinamiento personal de Albert Rivera, que hab\u00eda decidido ya dar la batalla por el liderazgo de la derecha liberal frente a un PP que \u00e9l ve\u00eda en riesgo de descomposici\u00f3n.<\/p>\n<p>S\u00e1nchez no ha querido construir la estabilidad de la legislatura en torno a un acuerdo de gobierno con Pablo Iglesias ante un escenario catal\u00e1n que va a radicalizarse sensiblemente despu\u00e9s de la sentencia a los dirigentes del proc\u00e9s, que se prev\u00e9 que van a ser severas.<\/p>\n<p>S\u00e1nchez est\u00e1 convencido que el fallo iba a provocar una crisis en ese Ejecutivo de coalici\u00f3n que podr\u00eda precipitar la ruptura de la mayor\u00eda gubernamental. Una hip\u00f3tesis que consideraba que era desastrosa para el PSOE a largo plazo. El empe\u00f1o ahora es mejorar el 10N ese margen de maniobra.<\/p>\n<p>LA SOMBRA DE FELIPE. En estas coordenadas, S\u00e1nchez comienza a construir en abril un proyecto de giro al centro que no le haga depender de Unidas Podemos, y que le permita una apertura hacia la sociolog\u00eda moderada del pa\u00eds, alejada de extremismos. Es una interpelaci\u00f3n directa a las mayor\u00edas de centroizquierda que permitieron los gobiernos de Felipe Gonz\u00e1lez durante los a\u00f1os 80 y 90. El candidato socialista ha comenzado ya a incidir en el mensaje de la \u2018estabilidad\u2019, en una apelaci\u00f3n directa a la \u2018mayor\u00eda cautelosa\u2019 que cree que es la tiene la llave de los futuros comicios. Una mayor\u00eda reformista que no quiere la vuelta de la derecha al poder, pero que tampoco desea un viraje demasiado brusco hacia la izquierda y sobre todo siente una aversi\u00f3n especial a cualquier acuerdo con los independentistas catalanes.<\/p>\n<p>Parad\u00f3jicamente S\u00e1nchez termina por asumir en esencial el universo mental de Felipe Gonz\u00e1lez y su proyecto estrat\u00e9gico para Espa\u00f1a. Es un S\u00e1nchez camale\u00f3nico, porque es el mismo que lleg\u00f3 a la Secretar\u00eda General con un desaf\u00edo al establishment de su partido, el apoyo de unas bases indignadas y envuelto en la bandera de la izquierda. El silencio de algunos socialdem\u00f3cratas de izquierda, hist\u00f3ricos, que fueron decisivos para S\u00e1nchez en la campa\u00f1a de las primarias, resulta muy revelador de las contradicciones de ese viraje que ponen al descubierto las dos almas hist\u00f3ricas del socialismo espa\u00f1ol.<\/p>\n<p>Detr\u00e1s del objetivo de la estabilidad, S\u00e1nchez juega a una estrategia a medio plazo de achique de espacios para socavar a Ciudadanos y a Unidas Podemos, sobre todo, y tener un mayor margen de maniobra a la hora de formar un gobierno que no est\u00e9 condicionado por el papel de ERC. La inc\u00f3gnita es hasta qu\u00e9 punto la relaci\u00f3n de fuerzas puede experimentar un cambio que allane el camino de una nueva mayor\u00eda, que en todo caso requerir\u00e1 de pactos para activar la puesta en marcha y el desarrollo de una nueva legislatura. Socialistas y populares conf\u00edan en que la cita con las urnas pueda contribuir a recuperar en parte cierto bipartidismo entre las dos grandes fuerzas tradicionales, aunque el sistema no vuelva a ser como antes.<\/p>\n<p>Sin embargo, dentro del mismo PSOE existe una indudable inquietud por el alto riesgo que implica una repetici\u00f3n electoral y sobre todo por el grado de frustraci\u00f3n que ha generado en la ciudadan\u00eda la incapacidad de la pol\u00edtica por tejer empat\u00edas y complicidades. La desafecci\u00f3n en el electorado de la izquierda puede ser especialmente desmovilizadora y facilitar el margen de maniobra a los partidos del centro-derecha, que han llegado a acuerdos con el concurso de Vox en ayuntamientos y gobiernos auton\u00f3micos. En todo caso, el PP afronta la cita electoral con la esperanza de recuperar terreno, en buena medida gracias al desfondamiento de la ultraderecha y a la crisis de Ciudadanos.<\/p>\n<p>El contexto del 10-N est\u00e1 atravesado por una fuerte incertidumbre, con se\u00f1ales de enfriamiento econ\u00f3mico y una situaci\u00f3n internacional marcada por el dilema del Brexit y, en el Estado espa\u00f1ol, un problema territorial que en alg\u00fan momento exigir\u00e1 un acuerdo transversal de Estado para buscar una salida negociada. Inc\u00f3gnitas de enorme calibre que auguran un oto\u00f1o de alto voltaje.<\/p>\n","protected":false},"excerpt":{"rendered":"<p>Galde 26, udazkena\/2019\/oto\u00f1o. Alberto Surio.-\u00a0Elecciones 10-N. Quienes pensaban que el milagro iba a ser posible en el \u00faltimo segundo del \u00faltimo minuto se topan de bruces con el principio de realidad. Una catarata de reproches y agravios. Los pilotos han llevado sus coches al borde del precipicio con tanta velocidad que han sido incapaces de [&hellip;]<\/p>\n","protected":false},"author":2,"featured_media":11717,"comment_status":"closed","ping_status":"open","sticky":false,"template":"","format":"standard","meta":{"footnotes":""},"categories":[5],"tags":[96],"class_list":["post-11713","post","type-post","status-publish","format-standard","has-post-thumbnail","hentry","category-politica","tag-sumario-indice","revista-galde-n26"],"_links":{"self":[{"href":"https:\/\/www.galde.eu\/es\/wp-json\/wp\/v2\/posts\/11713","targetHints":{"allow":["GET"]}}],"collection":[{"href":"https:\/\/www.galde.eu\/es\/wp-json\/wp\/v2\/posts"}],"about":[{"href":"https:\/\/www.galde.eu\/es\/wp-json\/wp\/v2\/types\/post"}],"author":[{"embeddable":true,"href":"https:\/\/www.galde.eu\/es\/wp-json\/wp\/v2\/users\/2"}],"replies":[{"embeddable":true,"href":"https:\/\/www.galde.eu\/es\/wp-json\/wp\/v2\/comments?post=11713"}],"version-history":[{"count":0,"href":"https:\/\/www.galde.eu\/es\/wp-json\/wp\/v2\/posts\/11713\/revisions"}],"wp:featuredmedia":[{"embeddable":true,"href":"https:\/\/www.galde.eu\/es\/wp-json\/wp\/v2\/media\/11717"}],"wp:attachment":[{"href":"https:\/\/www.galde.eu\/es\/wp-json\/wp\/v2\/media?parent=11713"}],"wp:term":[{"taxonomy":"category","embeddable":true,"href":"https:\/\/www.galde.eu\/es\/wp-json\/wp\/v2\/categories?post=11713"},{"taxonomy":"post_tag","embeddable":true,"href":"https:\/\/www.galde.eu\/es\/wp-json\/wp\/v2\/tags?post=11713"}],"curies":[{"name":"wp","href":"https:\/\/api.w.org\/{rel}","templated":true}]}}