{"id":10973,"date":"2019-03-20T12:00:21","date_gmt":"2019-03-20T11:00:21","guid":{"rendered":"https:\/\/www.galde.eu\/?p=10973"},"modified":"2025-10-22T00:04:34","modified_gmt":"2025-10-21T22:04:34","slug":"numero-24-de-galde-%c2%b7sumario","status":"publish","type":"post","link":"https:\/\/www.galde.eu\/es\/numero-24-de-galde-%c2%b7sumario\/","title":{"rendered":"N\u00famero 24 de GALDE \u00b7sumario"},"content":{"rendered":"<p><a href=\"https:\/\/www.galde.eu\/wp-content\/uploads\/2019\/03\/Galde-24-Portada-600.jpg\"><img loading=\"lazy\" decoding=\"async\" class=\"aligncenter size-medium wp-image-10977 colorbox-10973\" src=\"https:\/\/www.galde.eu\/wp-content\/uploads\/2019\/03\/Galde-24-Portada-600-205x300.jpg\" alt=\"\" width=\"205\" height=\"300\" data-id=\"10977\" srcset=\"https:\/\/www.galde.eu\/wp-content\/uploads\/2019\/03\/Galde-24-Portada-600-205x300.jpg 205w, https:\/\/www.galde.eu\/wp-content\/uploads\/2019\/03\/Galde-24-Portada-600.jpg 600w\" sizes=\"auto, (max-width: 205px) 100vw, 205px\" \/><\/a><\/p>\n<p>&nbsp;<\/p>\n<h5 class=\"p1\"><span class=\"s2\"><b>**<\/b><a href=\"https:\/\/drive.google.com\/open?id=11M-W5FOdcso66zp2HYvO0KIqFL-HOy3_\" target=\"_blank\" rel=\"noopener noreferrer\">Ver y descargar la revista Galde 24 completa en pdf<\/a><\/span><span class=\"s4\"><b><br \/>\n<\/b><\/span><span class=\"s2\"><b>**<\/b><a href=\"https:\/\/drive.google.com\/open?id=1Zfa0cgZ-VsROxxwPYOMosu58Oqr2MWZ-\">Ver y descargar el Dossier Galde 24 en pdf: Euskaraldia eta gero, zer?<\/a><\/span><span class=\"s4\"><b><br \/>\n<\/b><\/span><span class=\"s2\"><b>**<\/b><a href=\"https:\/\/drive.google.com\/open?id=0B-6NvzniCy2GfmtoS3dPQWFSY2lfczROZEJaN0xsX3NzbEZFeW00cmtUNlhXMUxaUXUtdlk\"><span class=\"s5\"><b>Acceder al archivo de todas las revista de Galde en pdf<\/b><\/span><\/a><\/span><\/h5>\n<p>&nbsp;<\/p>\n<p class=\"p1\"><span class=\"s1\"><b>Galde 24,\u00a0<span class=\"s2\">udaberria<\/span>\/2019\/primavera<\/b><\/span><\/p>\n<p><strong>aurkibidea sumario<\/strong><\/p>\n<p><strong>ELKARRIZKETA<\/strong><\/p>\n<p><strong>04<\/strong>. <a href=\"https:\/\/www.galde.eu\/entrevista-a-garbine-biurrun\/\">Garbi\u00f1e Biurrun. Magistratura y compromiso<\/a>. <em><strong><a href=\"https:\/\/www.galde.eu\/autores\/inaki-bolibar\/\">I\u00f1aki Bolibar<\/a> <\/strong>y<a href=\"https:\/\/www.galde.eu\/autores\/koldo-unceta\/\"><strong> Koldo Unceta<\/strong><\/a><\/em><\/p>\n<p><strong>BEGIRADAK<\/strong><\/p>\n<p><strong>08<\/strong>. <a href=\"https:\/\/www.galde.eu\/socialdemocracia-eu-busqueda-izquierda\/\">Con luces largas: La socialdemocracia europea a la b\u00fasqueda de la izquierda perdida<\/a>.\u00a0<a href=\"https:\/\/www.galde.eu\/autores\/alberto-surio\/\"><em><strong>Alberto Surio<\/strong><\/em><\/a><br \/>\n<strong>10<\/strong>. Dicen: El whatsapp de Cosido. Hipotekak. Txaleko hori,&#8230;<br \/>\n<strong>12<\/strong>. <a href=\"https:\/\/www.galde.eu\/irrupcion-de-la-extrema-derecha-espanola\/\">Irrupci\u00f3n de la extrema derecha espa\u00f1ola<\/a>. <a href=\"https:\/\/www.galde.eu\/autores\/imanol-zubero\/\"><em><strong>Imanol Zubero<\/strong><\/em><\/a><br \/>\n<strong>14<\/strong>. <a href=\"https:\/\/www.galde.eu\/unidas-frente-a-la-reaccion\/\">Unidas frente a la reacci\u00f3n<\/a>. <a href=\"muruaga\"><em><strong>Bego\u00f1a Muruaga<\/strong><\/em><\/a><br \/>\n<strong>16<\/strong>. <a href=\"https:\/\/www.galde.eu\/mujer-y-desafio-climatico\/\">Mujer y desaf\u00edo clim\u00e1tico<\/a>.\u00a0<a href=\"https:\/\/www.galde.eu\/autores\/cristina-monge\/\"><em><strong>Cristina Monge<\/strong><\/em><\/a><br \/>\n<strong>17<\/strong>. <a href=\"https:\/\/www.galde.eu\/ni-un-grado-mas-ni-una-especie-menos\/\">Ni un grado m\u00e1s, ni una especie menos<\/a>. <a href=\"https:\/\/www.galde.eu\/autores\/manu-gonzalez\/\"><em><strong>Manu Gonz\u00e1lez<\/strong><\/em><\/a><br \/>\n<strong>18<\/strong>. <a href=\"https:\/\/www.galde.eu\/cazar\/\">\u00bfCazar?<\/a>\u00a0<a href=\"https:\/\/www.galde.eu\/autores\/julen-rekondo\/\"><em><strong>Julen Rekondo<\/strong><\/em><\/a><br \/>\n<strong>20<\/strong>. <a href=\"https:\/\/www.galde.eu\/ibiltari-baten-egunkaritik-guia\/\">Ibiltari baten egunkaritik. Gu\u00eda para chicos despistados<\/a>. <a href=\"https:\/\/www.galde.eu\/autores\/lourdes-onederra\/\"><strong><em>Lourdes O\u00f1ederra<\/em><\/strong><\/a><\/p>\n<p><strong>DOSSIER Galde 24<\/strong>: <a href=\"https:\/\/www.galde.eu\/dossier-galde-24-euskaraldia-eta-gero-zer\/\">Euskaraldia eta gero, zer? Introducci\u00f3n<\/a><br \/>\n<strong>22<\/strong>. <a href=\"https:\/\/www.galde.eu\/entrevista-a-inaki-martinez-de-luna\/\">Entrevista a I\u00f1aki Martinez de Luna<\/a>. <a href=\"https:\/\/www.galde.eu\/autores\/inaki-irazabalbeitia-fernandez\/\"><em><strong>Inaki Irazabalbeitia<\/strong><\/em><\/a><br \/>\n<strong>26<\/strong>. <a href=\"https:\/\/www.galde.eu\/bigarren-hanka-sendotzeko-unea\/\">Bigarren hanka sendotzeko unea<\/a>. <a href=\"https:\/\/www.galde.eu\/autores\/paul-bilbao-sarria\/\"><strong><em>Paul Bilbao Sarria<\/em><\/strong><\/a><br \/>\n<strong>29<\/strong>. <a href=\"https:\/\/www.galde.eu\/como-salir-de-esta-encrucijada\/\">\u00bfC\u00f3mo salir de esta encrucijada?<\/a> <a href=\"https:\/\/www.galde.eu\/autores\/kike-amonarriz-gorria\/\"><em><strong>Kike Amonarriz Gorria<\/strong><\/em><\/a><br \/>\n<strong>32<\/strong>. <a href=\"https:\/\/www.galde.eu\/ilusioa-eta-handinahia\/\">Ilusioa eta handinahia<\/a>. <a href=\"https:\/\/www.galde.eu\/autores\/jenofa-berhokoirigoin\/\"><em><strong>Jenofa Berhokoirigoin<\/strong><\/em><\/a><br \/>\n<strong>35<\/strong>. <a href=\"https:\/\/www.galde.eu\/euskaraldiaren-ernaldiaz-eta-gauzapenaz\/\">Euskaraldiaren ernaldiaz eta gauzapenaz<\/a>. <a href=\"https:\/\/www.galde.eu\/autores\/mikel-irizar\/\"><em><strong>Mikel Irizar<\/strong><\/em><\/a><br \/>\n<strong>38<\/strong>. <a href=\"https:\/\/www.galde.eu\/euskaraldia-eta-gero-zer\/\">Euskaraldia eta gero, zer?<\/a> <a href=\"https:\/\/www.galde.eu\/autores\/elena-laka\/\"><em><strong>Elena Laka<\/strong><\/em><\/a><br \/>\n<strong>41<\/strong>. <a href=\"https:\/\/www.galde.eu\/proposamen-harrigarririk-ezean\/\">Proposamen harrigarririk ezean, proposamen egingarriak eta eragingarriak gutxienez<\/a>. <a href=\"https:\/\/www.galde.eu\/autores\/dabid-anaud\/\"><em><strong>Dabid Anaud<\/strong><\/em><\/a><br \/>\n<strong>44<\/strong>. <a href=\"https:\/\/www.galde.eu\/mensajes-liderazgos-y-ecosistemas\/\">Mensajes, liderazgos y ecosistemas<\/a>.\u00a0<a href=\"irazabal\"><em><strong>Inaki Irazabalbeitia<\/strong><\/em><\/a><br \/>\n<strong>48<\/strong>. <a href=\"https:\/\/www.galde.eu\/libros-referencias-dossier-galde-24\/\">Libros y referencias para el Dossier Galde 24<\/a><\/p>\n<p><strong>MUNDUAN ZEHAR &#8211; INTERNACIONAL<\/strong><\/p>\n<p><strong>49<\/strong>. <a href=\"https:\/\/www.galde.eu\/green-new-deal-que-es-como-puede-funcionar\/\">Green New Deal: \u00bfqu\u00e9 es? \u00bfc\u00f3mo puede funcionar?<\/a> <a href=\"https:\/\/www.galde.eu\/autores\/jeremy-brecher\/\"><em><strong>Jeremy Brecher<\/strong><\/em><\/a><br \/>\n<strong>53<\/strong>. <a href=\"https:\/\/www.galde.eu\/venezuela-guerra-cuestion-glocal\/\">Venezuela y la guerra por \u201cel excremento del diablo\u201d. Una cuesti\u00f3n democr\u00e1tica local<\/a>. <a href=\"https:\/\/www.galde.eu\/autores\/alberto-acosta\/\"><em><strong>Alberto Acosta<\/strong><\/em><\/a><br \/>\n<strong>56<\/strong>. <a href=\"https:\/\/www.galde.eu\/el-ermitano-lima-un-barrio-autoconstruido\/\">El Ermita\u00f1o (Lima). Un barrio autoconstruido<\/a>. <a href=\"https:\/\/www.galde.eu\/autores\/kathrin-golda\/\">Kathrin Golda-Pongratz<\/a><\/p>\n<p><strong>IKUSMIRA<\/strong><\/p>\n<p><strong>58<\/strong>. <a href=\"https:\/\/www.galde.eu\/humor-reflexion-tiempos-guerra\/\">Humor y reflexi\u00f3n en tiempos de guerra (Bilbao, 1936-1937)<\/a>. <em><strong><a href=\"https:\/\/www.galde.eu\/autores\/aline-soberon\/\">Aline Sober\u00f3n<\/a>, <a href=\"https:\/\/www.galde.eu\/autores\/txema-uriarte\/\">Txema Uriarte<\/a><\/strong><\/em><\/p>\n<p><strong>KULTURA<\/strong><\/p>\n<p><strong>60<\/strong>. <a href=\"https:\/\/www.galde.eu\/el-periscopio-tempus-fugit-a-veces\/\">El Periscopio: Tempus fugit, a veces<\/a>. <a href=\"jason\"><em><strong>Jason &amp; Argonautas<\/strong><\/em><\/a><br \/>\n<strong>62<\/strong>. <a href=\"https:\/\/www.galde.eu\/nafarroako-eskubide-kulturalei\/\">Nafarroako eskubide kulturalei buruzko foru legea<\/a>. <em><strong><a href=\"https:\/\/www.galde.eu\/autores\/maria-camino\/\">M\u00aa Camino Barcenilla Tirapu<\/a>, <a href=\"https:\/\/www.galde.eu\/autores\/jose-miguel-gamboa\/\">Jos\u00e9 Miguel Gamboa Bazt\u00e1n<\/a>, <a href=\"https:\/\/www.galde.eu\/autores\/roldan-jimeno\/\">Rold\u00e1n Jimeno Aranguren<\/a>, <a href=\"https:\/\/www.galde.eu\/autores\/jose-vicente-urabayen\/\">Jos\u00e9 Vicente Urabayen Azpilikueta<\/a><\/strong><\/em><\/p>\n<p><strong>LIBURU AIPAMENAK<\/strong><\/p>\n<p><strong>64<\/strong>. <a href=\"https:\/\/www.galde.eu\/si-todo-hubiera-pasado\/\">Como si todo hubiera pasado de Iban Zaldua<\/a>. <a href=\"irazabal\"><em><strong>Inaki Irazabalbeitia<\/strong><\/em><\/a><br \/>\n<strong>65<\/strong>. <a href=\"https:\/\/www.galde.eu\/resena-estrategias-para-hacer-frente-a-los-delitos-de-odio-por-osig\/\">Estrategias para hacer frente a los delitos de odio por orientacio\u0301n sexual e identidad de ge\u0301nero (OSIG)<\/a>. <a href=\"https:\/\/www.galde.eu\/autores\/gaizka-villar\/\"><em><strong>Gaizka Villar<\/strong><\/em><\/a><\/p>\n<p><strong>OCKHAMEN LABANA<\/strong><\/p>\n<p><strong>62<\/strong>. <a href=\"https:\/\/www.galde.eu\/ockhamen-labana-terminator\/\">Terminator<\/a>. <a href=\"irazabal\"><em><strong>Inaki Irazabalbeitia<\/strong><\/em><\/a><\/p>\n<p>&#8212;&#8211;<\/p>\n<p><strong>Editorial Galde 23<\/strong><\/p>\n<p>Ya est\u00e1 aqu\u00ed el n\u00famero 24 de <em>Galde<\/em>, con su bagaje de literatura de reflexi\u00f3n (y tambi\u00e9n evasi\u00f3n, por qu\u00e9 no) para los d\u00edas de vacaciones que vienen, o para cuando mejor venga a cada cual.<\/p>\n<p>Siguiendo la estructura tradicional, se entrevista en este n\u00famero a Garbi\u00f1e Biurrun, presidenta de la Sala de lo Social del Tribunal Superior de Justicia del Pa\u00eds Vasco, docente en la UPV\/EHU y persona conocida, implicada en numerosas causas sociales y c\u00edvicas.<\/p>\n<p>En el mundo en el que vivimos, hay un consenso muy amplio en reconocer que dos de las causas m\u00e1s fundamentales que debe afrontar la humanidad en su conjunto son las del ecologismo y el feminismo. Y para ambas se podr\u00eda aludir al <em>Tempus fugit<\/em>, que nos dec\u00eda el cl\u00e1sico y que nos dicen ahora Jas\u00f3n y sus Argonautas desde su Periskopio en el sentido de c\u00f3mo el tiempo vuela y, en particular en relaci\u00f3n con el planeta, en una especie de amenazadora cuenta atr\u00e1s. En este n\u00famero se abordan estos temas desde diferentes perspectivas, con puntos en com\u00fan fundamentales, como en el art\u00edculo de Cristina Monge sobre la perspectiva de g\u00e9nero en una transici\u00f3n clim\u00e1tica justa, o el balance del 8 de marzo, que ha constituido un nuevo y masivo aldabonazo en la lucha por la igualdad y los derechos de las mujeres. En el \u00e1mbito internacional, esa problem\u00e1tica ecol\u00f3gica aparece en relaci\u00f3n con los problemas de determinadas \u00e1reas y pa\u00edses, como en el texto de Alberto Acosta y Venezuela, o con el nuevo Green New Deal, recientemente presentado en Estados Unidos como la alternativa del Partido Dem\u00f3crata ante los retos ecol\u00f3gicos y sociales pendientes.<\/p>\n<p>El dossier aborda en esta ocasi\u00f3n el tema del euskera en un contexto, podr\u00edamos decir <em>post Euskaraldia<\/em>, entendiendo que esta iniciativa ha supuesto un notable \u00e9xito de participaci\u00f3n ciudadana, implicaci\u00f3n institucional y eco social. A partir de ah\u00ed, los campos de reflexi\u00f3n son diversos para seguir profundizando en la normalizaci\u00f3n del euskera, conscientes del contexto globalizado, multiling\u00fce y en permanente renovaci\u00f3n tecnol\u00f3gica en que nos movemos.<\/p>\n<p>Gainera, beti bezala, beste artikulu batzuk: bat ehizaz, beste bat Peruko Limari buruz; halaber \u00abIkusmira\u00bb, liburuen komentarioak, \u00abCon luces larga\u00bb, \u00abOckhamen labana\u00bb, \u00abIbiltari baten egunkaritik\u00bb, \u00abDicen\u00bb. Esandakoa, nahiko orri datozen asteetarako. Eta udan ikusiko dugu elkar berriz. Ondo izan!<\/p>\n","protected":false},"excerpt":{"rendered":"<p>Galde 24,\u00a0(udaberria\/2019\/primavera).- Se entrevista en este n\u00famero a Garbi\u00f1e Biurrun, presidenta de la Sala de lo Social TSJPV y persona implicada en numerosas causas sociales y c\u00edvicas. Se abordan tambi\u00e9n dos de las causas que debe afrontar la humanidad: el ecologismo y el feminismo. El dossier profundiza sobre el euskera en un contexto, podr\u00edamos decir [&hellip;]<\/p>\n","protected":false},"author":2,"featured_media":10978,"comment_status":"closed","ping_status":"closed","sticky":false,"template":"","format":"standard","meta":{"footnotes":""},"categories":[61,60],"tags":[96],"class_list":["post-10973","post","type-post","status-publish","format-standard","has-post-thumbnail","hentry","category-indicedossier","category-indicerevistas","tag-sumario-indice","revista-galde-n24"],"_links":{"self":[{"href":"https:\/\/www.galde.eu\/es\/wp-json\/wp\/v2\/posts\/10973","targetHints":{"allow":["GET"]}}],"collection":[{"href":"https:\/\/www.galde.eu\/es\/wp-json\/wp\/v2\/posts"}],"about":[{"href":"https:\/\/www.galde.eu\/es\/wp-json\/wp\/v2\/types\/post"}],"author":[{"embeddable":true,"href":"https:\/\/www.galde.eu\/es\/wp-json\/wp\/v2\/users\/2"}],"replies":[{"embeddable":true,"href":"https:\/\/www.galde.eu\/es\/wp-json\/wp\/v2\/comments?post=10973"}],"version-history":[{"count":1,"href":"https:\/\/www.galde.eu\/es\/wp-json\/wp\/v2\/posts\/10973\/revisions"}],"predecessor-version":[{"id":18619,"href":"https:\/\/www.galde.eu\/es\/wp-json\/wp\/v2\/posts\/10973\/revisions\/18619"}],"wp:featuredmedia":[{"embeddable":true,"href":"https:\/\/www.galde.eu\/es\/wp-json\/wp\/v2\/media\/10978"}],"wp:attachment":[{"href":"https:\/\/www.galde.eu\/es\/wp-json\/wp\/v2\/media?parent=10973"}],"wp:term":[{"taxonomy":"category","embeddable":true,"href":"https:\/\/www.galde.eu\/es\/wp-json\/wp\/v2\/categories?post=10973"},{"taxonomy":"post_tag","embeddable":true,"href":"https:\/\/www.galde.eu\/es\/wp-json\/wp\/v2\/tags?post=10973"}],"curies":[{"name":"wp","href":"https:\/\/api.w.org\/{rel}","templated":true}]}}